{"id":16023,"date":"2025-08-11T11:10:54","date_gmt":"2025-08-11T09:10:54","guid":{"rendered":"https:\/\/www.lafresca.fm\/?p=16023"},"modified":"2025-08-11T11:23:48","modified_gmt":"2025-08-11T09:23:48","slug":"no-era-un-meteorito-la-foia-de-castalla-fue-testigo-de-la-caida-de-un-fragmento-de-cohete-chino","status":"publish","type":"post","link":"https:\/\/www.lafresca.fm\/no-era-un-meteorito-la-foia-de-castalla-fue-testigo-de-la-caida-de-un-fragmento-de-cohete-chino\/","title":{"rendered":"No era un meteorito: la Foia de Castalla fue testigo de la ca\u00edda de un fragmento de cohete chino"},"content":{"rendered":"\n<p><strong>Una brillante estela en el cielo desconcert\u00f3 a los vecinos de la provincia de Alicante y del sureste peninsular<\/strong><\/p>\n\n\n\n<p>La noche del domingo dej\u00f3 una imagen dif\u00edcil de olvidar para los vecinos de la comarca de la <strong>Foia de Castalla<\/strong> y muchas otras localidades alicantinas. Una intensa luz cruzando el cielo nocturno, visible durante varios segundos, sorprendi\u00f3 a quienes miraban hacia arriba y r\u00e1pidamente se convirti\u00f3 en tema de conversaci\u00f3n en redes sociales. Las teor\u00edas no tardaron en llegar: cometas, estrellas fugaces o incluso un meteorito. Sin embargo, la explicaci\u00f3n real fue muy distinta.<\/p>\n\n\n\n<figure class=\"wp-block-image size-large\"><img fetchpriority=\"high\" decoding=\"async\" width=\"1170\" height=\"658\" src=\"https:\/\/www.lafresca.fm\/f-solosog\/2025\/08\/11146279-3a65-42c0-96f8-4fca1ba6e1ab_16-9-discover-aspect-ratio_default_0-1170x658.webp\" alt=\"\" class=\"wp-image-16024\" srcset=\"https:\/\/www.lafresca.fm\/f-solosog\/2025\/08\/11146279-3a65-42c0-96f8-4fca1ba6e1ab_16-9-discover-aspect-ratio_default_0-1170x658.webp 1170w, https:\/\/www.lafresca.fm\/f-solosog\/2025\/08\/11146279-3a65-42c0-96f8-4fca1ba6e1ab_16-9-discover-aspect-ratio_default_0-770x433.webp 770w, https:\/\/www.lafresca.fm\/f-solosog\/2025\/08\/11146279-3a65-42c0-96f8-4fca1ba6e1ab_16-9-discover-aspect-ratio_default_0-768x432.webp 768w, https:\/\/www.lafresca.fm\/f-solosog\/2025\/08\/11146279-3a65-42c0-96f8-4fca1ba6e1ab_16-9-discover-aspect-ratio_default_0.webp 1200w\" sizes=\"(max-width: 1170px) 100vw, 1170px\" \/><\/figure>\n\n\n\n<h3 class=\"wp-block-heading\">El fen\u00f3meno tambi\u00e9n se observ\u00f3 desde la Foia de Castalla<\/h3>\n\n\n\n<p>En poblaciones como <strong>Ibi, Castalla o Onil<\/strong>, numerosos vecinos reportaron haber visto una \u201cbola de fuego\u201d surcando el cielo en direcci\u00f3n noreste, dejando una estela luminosa tras de s\u00ed. Algunos incluso captaron el momento con sus m\u00f3viles, sum\u00e1ndose a las decenas de v\u00eddeos que inundaron las plataformas digitales en cuesti\u00f3n de minutos.<\/p>\n\n\n\n<p>Desde la cuenta de meteorolog\u00eda <strong>Proyecto Mastral<\/strong>, con sede en Torrevieja, se confirmaba que las primeras im\u00e1genes del fen\u00f3meno llegaron desde la zona de Los Balcones. Pero pronto aparecieron testimonios desde otras localidades de la provincia, incluida la Foia de Castalla.<\/p>\n\n\n\n<h3 class=\"wp-block-heading\">\u00bfUn cometa? \u00bfUn meteorito? No, basura espacial<\/h3>\n\n\n\n<p>La <strong>Red Espa\u00f1ola de Investigaci\u00f3n sobre B\u00f3lidos y Meteoritos (Red SPMN)<\/strong> confirm\u00f3 horas m\u00e1s tarde que lo observado no fue un fen\u00f3meno astron\u00f3mico natural. Se trataba de la <strong>reentrada en la atm\u00f3sfera de la cuarta fase del cohete chino Jielong-3<\/strong>, lanzado el pasado 8 de agosto.<\/p>\n\n\n\n<p>Este fragmento de cohete, convertido en <strong>basura espacial<\/strong>, se desintegr\u00f3 en su mayor\u00eda al entrar en contacto con la atm\u00f3sfera terrestre, generando un espect\u00e1culo visual visible desde gran parte del sur y este peninsular.<\/p>\n\n\n\n<figure class=\"wp-block-video\"><video height=\"960\" style=\"aspect-ratio: 538 \/ 960;\" width=\"538\" controls src=\"https:\/\/www.lafresca.fm\/f-solosog\/2025\/08\/WhatsApp-Video-2025-08-11-at-11.01.47.mp4\"><\/video><\/figure>\n\n\n\n<p>Video de Julitooo_.rg desde Ibi<\/p>\n\n\n\n<h3 class=\"wp-block-heading\">Un espect\u00e1culo que cruz\u00f3 cielos despejados<\/h3>\n\n\n\n<p>El fen\u00f3meno fue especialmente visible en la provincia de Alicante gracias a las condiciones meteorol\u00f3gicas favorables: cielo despejado y poca contaminaci\u00f3n lum\u00ednica. Desde Torrevieja hasta localidades del interior como las de la <strong>Foia de Castalla<\/strong>, la brillante estela fue contemplada con asombro por residentes y turistas.<\/p>\n\n\n\n<p>\u201cNo es ning\u00fan cometa ni un meteorito\u201d, aclaraban desde Proyecto Mastral, al tiempo que compart\u00edan algunas de las mejores im\u00e1genes enviadas por testigos desde distintos puntos del territorio.<\/p>\n\n\n\n<h3 class=\"wp-block-heading\">El problema creciente de la basura espacial<\/h3>\n\n\n\n<p>Este tipo de reentradas no son tan infrecuentes como podr\u00eda pensarse. Seg\u00fan la <strong>Agencia Espacial Europea (ESA)<\/strong>, actualmente hay m\u00e1s de 36.000 fragmentos de m\u00e1s de 10 cent\u00edmetros orbitando el planeta, adem\u00e1s de millones de restos m\u00e1s peque\u00f1os que ponen en riesgo tanto a sat\u00e9lites activos como a futuras misiones espaciales.<\/p>\n\n\n\n<p>Aunque la mayor\u00eda de estos objetos se desintegran antes de llegar al suelo, el fen\u00f3meno sigue planteando retos para la seguridad espacial y para la observaci\u00f3n del cielo.<\/p>\n\n\n\n<h3 class=\"wp-block-heading\">Una noche para el recuerdo<\/h3>\n\n\n\n<p>M\u00e1s all\u00e1 de las explicaciones cient\u00edficas, la imagen de esa brillante estela cruzando el cielo quedar\u00e1 grabada en la memoria de quienes la presenciaron. En la Foia de Castalla, como en tantas otras zonas del sureste espa\u00f1ol, fue un instante fugaz que transform\u00f3 una noche tranquila en un espect\u00e1culo inolvidable.<\/p>\n<script>function PlayerjsAsync(){} if(window[\"Playerjs\"]){PlayerjsAsync();}<\/script>","protected":false},"excerpt":{"rendered":"<p>Una brillante estela en el cielo desconcert\u00f3 a los vecinos de la provincia de Alicante y del sureste peninsular La noche del domingo dej\u00f3 una imagen dif\u00edcil de olvidar para los vecinos de la comarca de la Foia de Castalla y muchas otras localidades alicantinas. Una intensa luz cruzando el ...<\/p>\n","protected":false},"author":2,"featured_media":16024,"comment_status":"closed","ping_status":"closed","sticky":false,"template":"","format":"standard","meta":{"_monsterinsights_skip_tracking":false,"_monsterinsights_sitenote_active":false,"_monsterinsights_sitenote_note":"","_monsterinsights_sitenote_category":0,"footnotes":""},"categories":[4],"tags":[],"class_list":["post-16023","post","type-post","status-publish","format-standard","has-post-thumbnail","hentry","category-alicante"],"aioseo_notices":[],"_links":{"self":[{"href":"https:\/\/www.lafresca.fm\/fresca-api-json\/wp\/v2\/posts\/16023","targetHints":{"allow":["GET"]}}],"collection":[{"href":"https:\/\/www.lafresca.fm\/fresca-api-json\/wp\/v2\/posts"}],"about":[{"href":"https:\/\/www.lafresca.fm\/fresca-api-json\/wp\/v2\/types\/post"}],"author":[{"embeddable":true,"href":"https:\/\/www.lafresca.fm\/fresca-api-json\/wp\/v2\/users\/2"}],"replies":[{"embeddable":true,"href":"https:\/\/www.lafresca.fm\/fresca-api-json\/wp\/v2\/comments?post=16023"}],"version-history":[{"count":2,"href":"https:\/\/www.lafresca.fm\/fresca-api-json\/wp\/v2\/posts\/16023\/revisions"}],"predecessor-version":[{"id":16027,"href":"https:\/\/www.lafresca.fm\/fresca-api-json\/wp\/v2\/posts\/16023\/revisions\/16027"}],"wp:featuredmedia":[{"embeddable":true,"href":"https:\/\/www.lafresca.fm\/fresca-api-json\/wp\/v2\/media\/16024"}],"wp:attachment":[{"href":"https:\/\/www.lafresca.fm\/fresca-api-json\/wp\/v2\/media?parent=16023"}],"wp:term":[{"taxonomy":"category","embeddable":true,"href":"https:\/\/www.lafresca.fm\/fresca-api-json\/wp\/v2\/categories?post=16023"},{"taxonomy":"post_tag","embeddable":true,"href":"https:\/\/www.lafresca.fm\/fresca-api-json\/wp\/v2\/tags?post=16023"}],"curies":[{"name":"wp","href":"https:\/\/api.w.org\/{rel}","templated":true}]}}