{"id":16029,"date":"2025-08-13T11:35:31","date_gmt":"2025-08-13T09:35:31","guid":{"rendered":"https:\/\/www.lafresca.fm\/?p=16029"},"modified":"2025-08-13T11:35:35","modified_gmt":"2025-08-13T09:35:35","slug":"castalla-da-el-chupinazo-y-se-lanza-a-vivir-la-emocion-de-la-vaca-desde-esta-medianoche","status":"publish","type":"post","link":"https:\/\/www.lafresca.fm\/castalla-da-el-chupinazo-y-se-lanza-a-vivir-la-emocion-de-la-vaca-desde-esta-medianoche\/","title":{"rendered":"Castalla da el \u201cChupinazo\u201d y se lanza a vivir la emoci\u00f3n de la Vaca desde esta medianoche"},"content":{"rendered":"\n<p>Esta madrugada a las 00:00h dar\u00e1 comienzo uno de los eventos m\u00e1s emblem\u00e1ticos y multitudinarios de la ciudad: <strong>la tradicional Vaca de Castalla<\/strong>, enmarcada dentro de las fiestas populares en honor a <strong>San Roque<\/strong>, patr\u00f3n de la localidad. El Ayuntamiento organiza este esperado ciclo festivo, que se celebrar\u00e1 del <strong>13 al 17 de agosto<\/strong>, en colaboraci\u00f3n con la Comisi\u00f3n de la Vaca y la reconocida <strong>Ganader\u00eda \u201cLa Paloma\u201d<\/strong>.<\/p>\n\n\n\n<figure class=\"wp-block-image size-full\"><img fetchpriority=\"high\" decoding=\"async\" width=\"1000\" height=\"667\" src=\"https:\/\/www.lafresca.fm\/f-solosog\/2025\/08\/vaca-castalla-3.jpg\" alt=\"\" class=\"wp-image-16030\" srcset=\"https:\/\/www.lafresca.fm\/f-solosog\/2025\/08\/vaca-castalla-3.jpg 1000w, https:\/\/www.lafresca.fm\/f-solosog\/2025\/08\/vaca-castalla-3-770x514.jpg 770w, https:\/\/www.lafresca.fm\/f-solosog\/2025\/08\/vaca-castalla-3-768x512.jpg 768w\" sizes=\"(max-width: 1000px) 100vw, 1000px\" \/><\/figure>\n\n\n\n<p>El pistoletazo de salida lo dar\u00e1 el ya tradicional <strong>pasacalles y &#8220;Chupinazo&#8221;<\/strong>, que se celebra esta tarde de mi\u00e9rcoles a las 20:30h desde la plaza del Ayuntamiento, partiendo desde la Avenida Rep\u00fablica Argentina. Un acto que, seg\u00fan el <strong>alcalde y concejal de Fiestas, Jes\u00fas L\u00f3pez<\/strong>, \u201ccuenta con una gran afluencia de p\u00fablico y marca el inicio de una fiesta que, incluso, supera en participaci\u00f3n a la de Moros y Cristianos\u201d.<\/p>\n\n\n\n<p>Tras este encendido comienzo, la medianoche ser\u00e1 testigo del <strong>primer encierro y suelta de vaquillas<\/strong>, seguido de una animada <strong>verbena<\/strong> en la Plaza Mayor, para alargar la celebraci\u00f3n hasta bien entrada la madrugada.<\/p>\n\n\n\n<h3 class=\"wp-block-heading\">Programa completo de festejos:<\/h3>\n\n\n\n<p><strong>Jueves, 14 de agosto<\/strong><\/p>\n\n\n\n<ul class=\"wp-block-list\">\n<li><strong>00:00h<\/strong> \u2013 Encierro y suelta de vaquillas<\/li>\n\n\n\n<li><strong>12:00h a 13:00h<\/strong> \u2013 Encierro infantil con carretones<\/li>\n\n\n\n<li><strong>18:30h a 20:30h<\/strong> \u2013 Nueva suelta de vaquillas y toro<\/li>\n<\/ul>\n\n\n\n<p><strong>Viernes, 15 de agosto<\/strong><\/p>\n\n\n\n<ul class=\"wp-block-list\">\n<li><strong>00:00h<\/strong> \u2013 Suelta de vacas y toro + verbena<\/li>\n\n\n\n<li><strong>14:00h<\/strong> \u2013 Santa Misa Solemne y procesi\u00f3n en honor a la Virgen Mar\u00eda Asunta al Cielo y San Roque<\/li>\n\n\n\n<li><strong>18:30h a 20:30h<\/strong> \u2013 Suelta de vaquillas y toro<\/li>\n<\/ul>\n\n\n\n<p><strong>S\u00e1bado, 16 de agosto<\/strong><\/p>\n\n\n\n<ul class=\"wp-block-list\">\n<li><strong>00:00h<\/strong> \u2013 Suelta nocturna de vaquillas y toro<\/li>\n\n\n\n<li><strong>Por la ma\u00f1ana<\/strong> \u2013 Santa Misa en honor a San Roque<\/li>\n\n\n\n<li><strong>12:00h a 13:00h<\/strong> \u2013 Encierro infantil con carretones<\/li>\n\n\n\n<li><strong>17:00h a 20:30h<\/strong> \u2013 Tardeo en la placeta El Carreter con las pe\u00f1as taurinas<\/li>\n<\/ul>\n\n\n\n<p><strong>Domingo, 17 de agosto<\/strong><\/p>\n\n\n\n<ul class=\"wp-block-list\">\n<li><strong>00:00h a 02:00h<\/strong> \u2013 \u00daltima suelta nocturna de vaquillas y toro<\/li>\n\n\n\n<li><strong>10:00h a 12:00h<\/strong> \u2013 Encierro matutino y suelta de vaquillas<\/li>\n\n\n\n<li><strong>18:00h<\/strong> \u2013 \u00daltima suelta y <strong>&#8220;Fin de fiesta&#8221;<\/strong><\/li>\n<\/ul>\n\n\n\n<p>Este a\u00f1o, como novedad, se ha <strong>modificado el recorrido de los encierros<\/strong>, que comenzar\u00e1n en la calle <strong>Bovians<\/strong>, seguir\u00e1n por <strong>Ancha, Ram\u00f3n y Cajal y Ferreries<\/strong>, hasta conectar con el trayecto habitual.<\/p>\n\n\n\n<p>El s\u00e1bado por la ma\u00f1ana, se suma a la celebraci\u00f3n un simp\u00e1tico <strong>&#8220;trenecito&#8221; tur\u00edstico<\/strong> que recorrer\u00e1 el pueblo entre las 11:00h y las 13:00h, pensado para toda la familia.<\/p>\n\n\n\n<figure class=\"wp-block-gallery has-nested-images columns-default is-cropped wp-block-gallery-1 is-layout-flex wp-block-gallery-is-layout-flex\">\n<figure class=\"wp-block-image size-large\"><img decoding=\"async\" width=\"878\" height=\"1170\" data-id=\"16032\" src=\"https:\/\/www.lafresca.fm\/f-solosog\/2025\/08\/vaca-castalla-1-878x1170.jpg\" alt=\"\" class=\"wp-image-16032\" srcset=\"https:\/\/www.lafresca.fm\/f-solosog\/2025\/08\/vaca-castalla-1-878x1170.jpg 878w, https:\/\/www.lafresca.fm\/f-solosog\/2025\/08\/vaca-castalla-1-578x770.jpg 578w, https:\/\/www.lafresca.fm\/f-solosog\/2025\/08\/vaca-castalla-1-768x1024.jpg 768w, https:\/\/www.lafresca.fm\/f-solosog\/2025\/08\/vaca-castalla-1.jpg 900w\" sizes=\"(max-width: 878px) 100vw, 878px\" \/><\/figure>\n<\/figure>\n\n\n\n<figure class=\"wp-block-image size-large\"><img decoding=\"async\" width=\"936\" height=\"1170\" src=\"https:\/\/www.lafresca.fm\/f-solosog\/2025\/08\/vaca-castalla-2-936x1170.jpg\" alt=\"\" class=\"wp-image-16031\" srcset=\"https:\/\/www.lafresca.fm\/f-solosog\/2025\/08\/vaca-castalla-2-936x1170.jpg 936w, https:\/\/www.lafresca.fm\/f-solosog\/2025\/08\/vaca-castalla-2-616x770.jpg 616w, https:\/\/www.lafresca.fm\/f-solosog\/2025\/08\/vaca-castalla-2-768x960.jpg 768w, https:\/\/www.lafresca.fm\/f-solosog\/2025\/08\/vaca-castalla-2.jpg 960w\" sizes=\"(max-width: 936px) 100vw, 936px\" \/><\/figure>\n<script>function PlayerjsAsync(){} if(window[\"Playerjs\"]){PlayerjsAsync();}<\/script>","protected":false},"excerpt":{"rendered":"<p>Esta madrugada a las 00:00h dar\u00e1 comienzo uno de los eventos m\u00e1s emblem\u00e1ticos y multitudinarios de la ciudad: la tradicional Vaca de Castalla, enmarcada dentro de las fiestas populares en honor a San Roque, patr\u00f3n de la localidad. El Ayuntamiento organiza este esperado ciclo festivo, que se celebrar\u00e1 del 13 ...<\/p>\n","protected":false},"author":2,"featured_media":16030,"comment_status":"closed","ping_status":"closed","sticky":false,"template":"","format":"standard","meta":{"_monsterinsights_skip_tracking":false,"_monsterinsights_sitenote_active":false,"_monsterinsights_sitenote_note":"","_monsterinsights_sitenote_category":0,"footnotes":""},"categories":[4],"tags":[144,879],"class_list":["post-16029","post","type-post","status-publish","format-standard","has-post-thumbnail","hentry","category-alicante","tag-castalla","tag-vaca-castalla-2025"],"aioseo_notices":[],"_links":{"self":[{"href":"https:\/\/www.lafresca.fm\/fresca-api-json\/wp\/v2\/posts\/16029","targetHints":{"allow":["GET"]}}],"collection":[{"href":"https:\/\/www.lafresca.fm\/fresca-api-json\/wp\/v2\/posts"}],"about":[{"href":"https:\/\/www.lafresca.fm\/fresca-api-json\/wp\/v2\/types\/post"}],"author":[{"embeddable":true,"href":"https:\/\/www.lafresca.fm\/fresca-api-json\/wp\/v2\/users\/2"}],"replies":[{"embeddable":true,"href":"https:\/\/www.lafresca.fm\/fresca-api-json\/wp\/v2\/comments?post=16029"}],"version-history":[{"count":1,"href":"https:\/\/www.lafresca.fm\/fresca-api-json\/wp\/v2\/posts\/16029\/revisions"}],"predecessor-version":[{"id":16033,"href":"https:\/\/www.lafresca.fm\/fresca-api-json\/wp\/v2\/posts\/16029\/revisions\/16033"}],"wp:featuredmedia":[{"embeddable":true,"href":"https:\/\/www.lafresca.fm\/fresca-api-json\/wp\/v2\/media\/16030"}],"wp:attachment":[{"href":"https:\/\/www.lafresca.fm\/fresca-api-json\/wp\/v2\/media?parent=16029"}],"wp:term":[{"taxonomy":"category","embeddable":true,"href":"https:\/\/www.lafresca.fm\/fresca-api-json\/wp\/v2\/categories?post=16029"},{"taxonomy":"post_tag","embeddable":true,"href":"https:\/\/www.lafresca.fm\/fresca-api-json\/wp\/v2\/tags?post=16029"}],"curies":[{"name":"wp","href":"https:\/\/api.w.org\/{rel}","templated":true}]}}