{"id":16034,"date":"2025-08-14T11:11:28","date_gmt":"2025-08-14T09:11:28","guid":{"rendered":"https:\/\/www.lafresca.fm\/?p=16034"},"modified":"2025-08-14T11:11:33","modified_gmt":"2025-08-14T09:11:33","slug":"el-18-de-agosto-se-abre-el-plazo-de-inscripcion-para-los-participantes-de-la-subida-de-onil-2025","status":"publish","type":"post","link":"https:\/\/www.lafresca.fm\/el-18-de-agosto-se-abre-el-plazo-de-inscripcion-para-los-participantes-de-la-subida-de-onil-2025\/","title":{"rendered":"El 18 de agosto se abre el plazo de inscripci\u00f3n para los participantes de la\u00a0Subida de Onil\u00a02025"},"content":{"rendered":"\n<p>Los d\u00edas 26, 27 y 28 de septiembre tendr\u00e1 lugar en Onil la \u201cSubida Internacional de Onil\u201d prueba organizada por el Autom\u00f3vil Club de Alicante, Club decano del Automovilismo en la Comunitat Valenciana, fundado en 1930.<\/p>\n\n\n\n<p>La Subida a Onil es una competici\u00f3n deportiva de automovilismo en la especialidad de Monta\u00f1a de car\u00e1cter Internacional FIA, puntuable para los Campeonatos absolutos de la Real Federaci\u00f3n Espa\u00f1ola de Automovilismo, dentro del Campeonato de Espa\u00f1a de Monta\u00f1a AUTOhebdo SPORT (CEM), avalado por el Consejo Superior de Deportes (CSD), y del Campeonato de Monta\u00f1a de la Federaci\u00f3n de Automovilismo de la Comunitat Valenciana. Onil ser\u00e1 la \u00fanica prueba del Campeonato de Espa\u00f1a de Monta\u00f1a en la Comunitat Valenciana, y la \u00faltima del calendario CEM AUTOhebdo SPORT 2025 que este a\u00f1o ha contado con 6 pruebas en el Campeonato de Espa\u00f1a de Monta\u00f1a.<\/p>\n\n\n\n<p>La Subida Internacional de Onil, pertenece a la especialidad de Monta\u00f1a o subidas en cuesta de automovilismo, con veh\u00edculos de preparaci\u00f3n libre y distinguidos en categor\u00edas seg\u00fan sus caracter\u00edsticas, que recorren un tramo cerrado al tr\u00e1fico de una carretera de monta\u00f1a en el menor tiempo posible y en varias ocasiones.<\/p>\n\n\n\n<p>Onil cuenta con un trazado de 4,725 km, con un desnivel de 255 metros y una pendiente m\u00e1xima del 8,22 %. El recorrido, tendr\u00e1 su punto de salida en la Carretera CV-803 justo en el punto kilom\u00e9trico 0,66, dentro del t\u00e9rmino municipal y a las afueras de la poblaci\u00f3n, y la meta en el PK 5,385 de la misma carretera, en direcci\u00f3n a la poblaci\u00f3n de Banyeres de Mariola. El punto neur\u00e1lgico de la organizaci\u00f3n de la prueba, la Oficina Permanente, estar\u00e1 ubicada en el Centro Cultural de Onil \u201cEusebio Sempere\u201d, los Parques de Asistencias en la Av. Constituci\u00f3n, y los Parque Cerrados en la Av. La Paz de Onil, donde tambi\u00e9n se celebrar\u00e1n la Ceremonia de Salida el viernes tarde, y la Entrega de Trofeos el domingo al mediod\u00eda.<\/p>\n\n\n\n<p>Aunque Onil ya ha acogido pruebas de automovilismo de monta\u00f1a, es la segunda vez que esta subida ser\u00e1 puntuable para el CEM AUTOhebdo SPORT y adem\u00e1s como Prueba Internacional FIA. Por ello, estar\u00e1n presentes los mejores equipos de Espa\u00f1a y algunos procedentes de campeonatos europeos sin olvidarnos de los equipos del regional valenciano. El plazo para realizar las inscripciones por parte de los equipos participantes estar\u00e1 abierto desde el lunes 18 de agosto y hasta el mi\u00e9rcoles 17 de septiembre.<\/p>\n\n\n\n<p>Un detalle a destacar, es que la prueba coincidir\u00e1 con \u201cOnil es Mostra\u201d, un evento social y cultural que atraer\u00e1 a miles de visitantes durante todo el fin de semana y que disfrutar\u00e1n de diferentes actividades.<\/p>\n\n\n\n<p>El viernes 26 de septiembre, Onil ser\u00e1 el escenario de las Verificaciones T\u00e9cnicas y Administrativas de todos los equipos, as\u00ed como la Ceremonia de Salida a las 21:00h, y la competici\u00f3n sobre el asfalto arrancar\u00e1 el s\u00e1bado 27 de septiembre, desde las 10 de la ma\u00f1ana hasta las 19:00h, terminado las carreras domingo 28 de septiembre por la ma\u00f1ana, de 9:00h a 15:00h, tras las cuales se realizar\u00e1 la Entrega de Trofeos.<\/p>\n\n\n\n<p>La prueba constar\u00e1 de entrenamientos libres, oficiales y mangas de carreras, tanto del CEM AUTOhebdo SPORT como de los participantes del Campeonato de Monta\u00f1a de la Comunidad Valenciana.<\/p>\n\n\n\n<p>La prueba se podr\u00e1 seguir en directo, tanto por TV como por Radio en FM, as\u00ed como por Streaming en diferentes plataformas por Internet, Youtube y por las Redes Sociales de la prueba (Facebook, Instagram, etc.)<\/p>\n\n\n\n<p>Puedes encontrar toda la informaci\u00f3n de la prueba en la Web Oficial&nbsp;<a href=\"https:\/\/l.facebook.com\/l.php?u=https%3A%2F%2Fwww.subidaonil.es%2F%3Ffbclid%3DIwZXh0bgNhZW0CMTAAYnJpZBEwN2htRmY3Nm5Mc1lrUmVUYQEevmS_8LP5RaMgYRvGqLeM-H2lD0Yb5N4Wny1Hq18NgnDWOOcBULTpVZXQKrQ_aem_XoihxT9Ef9qKyZjf9DtRIw&amp;h=AT1CqBDFBER7IsQXyK8PkIpdimnDrwNTixq5vbyoliTHXqDTRnZ_saJd4W2XaeDhuY8ECMaKElAJWHuSRmtsHz24qDsliTTCZFf5bKSoEnt5K92Lie0iwe5JHkuQBinCvZJ6zE_aKlgwgw&amp;__tn__=-UK*F&amp;c[0]=AT38SsEOOvQwOrLikIxq-BsycGaB8LBBRYH7m4o5RQDFaOPfWF-EUPUAYy4GqPvq1f8xJTB2_7vEop5UA4wjN-yzjg6O4D26OMM-0FwfFLq0PHx8JBfyHKsmK_OYttKrSALp1yurZzsO3C8RG5HqOJ6NsuFXm-0A7xY8FJJshfY9E-D_en7otxKdO57VhPI1ycOyjc7fCSrQrBUpu1JrPLoo6Q\" rel=\"noreferrer noopener\" target=\"_blank\">https:\/\/www.subidaonil.es<\/a>&nbsp;y en las redes oficiales @subidaonil<\/p>\n\n\n\n<figure class=\"wp-block-image size-full\"><img fetchpriority=\"high\" decoding=\"async\" width=\"1000\" height=\"1041\" src=\"https:\/\/www.lafresca.fm\/f-solosog\/2025\/08\/532393289_1066538809025392_8508720435879919596_n.jpg\" alt=\"\" class=\"wp-image-16035\" srcset=\"https:\/\/www.lafresca.fm\/f-solosog\/2025\/08\/532393289_1066538809025392_8508720435879919596_n.jpg 1000w, https:\/\/www.lafresca.fm\/f-solosog\/2025\/08\/532393289_1066538809025392_8508720435879919596_n-740x770.jpg 740w, https:\/\/www.lafresca.fm\/f-solosog\/2025\/08\/532393289_1066538809025392_8508720435879919596_n-768x799.jpg 768w\" sizes=\"(max-width: 1000px) 100vw, 1000px\" \/><\/figure>\n<script>function PlayerjsAsync(){} if(window[\"Playerjs\"]){PlayerjsAsync();}<\/script>","protected":false},"excerpt":{"rendered":"<p>Los d\u00edas 26, 27 y 28 de septiembre tendr\u00e1 lugar en Onil la \u201cSubida Internacional de Onil\u201d prueba organizada por el Autom\u00f3vil Club de Alicante, Club decano del Automovilismo en la Comunitat Valenciana, fundado en 1930. La Subida a Onil es una competici\u00f3n deportiva de automovilismo en la especialidad de ...<\/p>\n","protected":false},"author":2,"featured_media":16035,"comment_status":"closed","ping_status":"closed","sticky":false,"template":"","format":"standard","meta":{"_monsterinsights_skip_tracking":false,"_monsterinsights_sitenote_active":false,"_monsterinsights_sitenote_note":"","_monsterinsights_sitenote_category":0,"footnotes":""},"categories":[4],"tags":[133,766],"class_list":["post-16034","post","type-post","status-publish","format-standard","has-post-thumbnail","hentry","category-alicante","tag-onil","tag-subida-a-onil"],"aioseo_notices":[],"_links":{"self":[{"href":"https:\/\/www.lafresca.fm\/fresca-api-json\/wp\/v2\/posts\/16034","targetHints":{"allow":["GET"]}}],"collection":[{"href":"https:\/\/www.lafresca.fm\/fresca-api-json\/wp\/v2\/posts"}],"about":[{"href":"https:\/\/www.lafresca.fm\/fresca-api-json\/wp\/v2\/types\/post"}],"author":[{"embeddable":true,"href":"https:\/\/www.lafresca.fm\/fresca-api-json\/wp\/v2\/users\/2"}],"replies":[{"embeddable":true,"href":"https:\/\/www.lafresca.fm\/fresca-api-json\/wp\/v2\/comments?post=16034"}],"version-history":[{"count":1,"href":"https:\/\/www.lafresca.fm\/fresca-api-json\/wp\/v2\/posts\/16034\/revisions"}],"predecessor-version":[{"id":16036,"href":"https:\/\/www.lafresca.fm\/fresca-api-json\/wp\/v2\/posts\/16034\/revisions\/16036"}],"wp:featuredmedia":[{"embeddable":true,"href":"https:\/\/www.lafresca.fm\/fresca-api-json\/wp\/v2\/media\/16035"}],"wp:attachment":[{"href":"https:\/\/www.lafresca.fm\/fresca-api-json\/wp\/v2\/media?parent=16034"}],"wp:term":[{"taxonomy":"category","embeddable":true,"href":"https:\/\/www.lafresca.fm\/fresca-api-json\/wp\/v2\/categories?post=16034"},{"taxonomy":"post_tag","embeddable":true,"href":"https:\/\/www.lafresca.fm\/fresca-api-json\/wp\/v2\/tags?post=16034"}],"curies":[{"name":"wp","href":"https:\/\/api.w.org\/{rel}","templated":true}]}}