{"id":16037,"date":"2025-08-15T09:34:00","date_gmt":"2025-08-15T07:34:00","guid":{"rendered":"https:\/\/www.lafresca.fm\/?p=16037"},"modified":"2025-08-14T11:55:58","modified_gmt":"2025-08-14T09:55:58","slug":"16-de-agosto-de-1968-33-muertos-en-la-explosion-de-la-fabrica-ilegal-de-mirafe","status":"publish","type":"post","link":"https:\/\/www.lafresca.fm\/16-de-agosto-de-1968-33-muertos-en-la-explosion-de-la-fabrica-ilegal-de-mirafe\/","title":{"rendered":"16 de agosto de 1968: 33 muertos en la explosi\u00f3n de la f\u00e1brica ilegal de &#8220;Miraf\u00e9&#8221;"},"content":{"rendered":"\n<ul class=\"wp-block-list\">\n<li><strong>Una explosi\u00f3n el 16 de agosto de 1968 en una f\u00e1brica de fulminantes para juguetes caus\u00f3 la muerte de 33 personas en la partida de La Pileta. La mayor\u00eda de las v\u00edctimas eran mujeres, ni\u00f1os y trabajadores reci\u00e9n llegados a la localidad. <\/strong><\/li>\n<\/ul>\n\n\n\n<figure class=\"wp-block-image size-large\"><img fetchpriority=\"high\" decoding=\"async\" width=\"1170\" height=\"658\" src=\"https:\/\/www.lafresca.fm\/f-solosog\/2025\/08\/mirafe-1-1170x658.webp\" alt=\"\" class=\"wp-image-16038\" srcset=\"https:\/\/www.lafresca.fm\/f-solosog\/2025\/08\/mirafe-1-1170x658.webp 1170w, https:\/\/www.lafresca.fm\/f-solosog\/2025\/08\/mirafe-1-770x433.webp 770w, https:\/\/www.lafresca.fm\/f-solosog\/2025\/08\/mirafe-1-768x432.webp 768w, https:\/\/www.lafresca.fm\/f-solosog\/2025\/08\/mirafe-1-1536x864.webp 1536w, https:\/\/www.lafresca.fm\/f-solosog\/2025\/08\/mirafe-1.webp 1706w\" sizes=\"(max-width: 1170px) 100vw, 1170px\" \/><\/figure>\n\n\n\n<p>A las 20:30 de la tarde del viernes 16 de agosto de 1968, una violenta explosi\u00f3n sacudi\u00f3 Ibi. El estallido rompi\u00f3 cristales, levant\u00f3 persianas met\u00e1licas y dej\u00f3 a oscuras buena parte del casco urbano. En pocos minutos, los vecinos identificaban el origen: hab\u00eda explotado la conocida como <strong>\u201cf\u00e1brica de la p\u00f3lvora\u201d<\/strong>, en la partida rural de <strong>La Pileta<\/strong>.<\/p>\n\n\n\n<p>El escenario que encontraron los primeros en llegar fue devastador: fuego, escombros calcinados y restos humanos esparcidos en un radio de 200 metros. Durante horas, los cad\u00e1veres fueron llegando a la iglesia, que hizo de tanatorio improvisado, mientras los heridos eran trasladados al Hospital Oliver de Alcoi.<\/p>\n\n\n\n<p>El resultado final fue tr\u00e1gico: <strong>33 muertos y 16 heridos<\/strong>, la pr\u00e1ctica totalidad de los trabajadores de <strong>Miraf\u00e9<\/strong>, una empresa que elaboraba fulminantes para pistolitas de juguete. Muchos llevaban apenas d\u00edas trabajando all\u00ed.<\/p>\n\n\n\n<figure class=\"wp-block-image size-full\"><img decoding=\"async\" width=\"864\" height=\"486\" src=\"https:\/\/www.lafresca.fm\/f-solosog\/2025\/08\/mirafe-2.webp\" alt=\"\" class=\"wp-image-16039\" srcset=\"https:\/\/www.lafresca.fm\/f-solosog\/2025\/08\/mirafe-2.webp 864w, https:\/\/www.lafresca.fm\/f-solosog\/2025\/08\/mirafe-2-770x433.webp 770w, https:\/\/www.lafresca.fm\/f-solosog\/2025\/08\/mirafe-2-768x432.webp 768w\" sizes=\"(max-width: 864px) 100vw, 864px\" \/><\/figure>\n\n\n\n<h3 class=\"wp-block-heading\">Una f\u00e1brica sin permisos ni condiciones<\/h3>\n\n\n\n<p>La empresa Miraf\u00e9 se hab\u00eda creado de forma informal en 1960. En 1963 obtuvo una licencia provisional que caduc\u00f3 al a\u00f1o siguiente, pero sigui\u00f3 operando sin renovar permisos. En 1968, estaba construyendo una nueva nave sin autorizaci\u00f3n.<\/p>\n\n\n\n<p>La producci\u00f3n se realizaba en <strong>una antigua mas\u00eda y varias casetas precarias<\/strong>, sin agua corriente ni electricidad. Las condiciones laborales eran alarmantes: <strong>jornadas de hasta 12 horas, sin contratos, sin medidas de seguridad<\/strong> y con una plantilla que inclu\u00eda a <strong>ni\u00f1os menores de 14 a\u00f1os y mujeres embarazadas<\/strong>.<\/p>\n\n\n\n<p>En el momento del accidente, 60 personas trabajaban all\u00ed. Solo ocho estaban aseguradas. El resto eran <strong>mujeres (31), hombres (20) y menores (9)<\/strong>. Treinta murieron en el acto. Tres m\u00e1s fallecieron en los d\u00edas siguientes.<\/p>\n\n\n\n<figure class=\"wp-block-image size-full\"><img decoding=\"async\" width=\"880\" height=\"495\" src=\"https:\/\/www.lafresca.fm\/f-solosog\/2023\/08\/abd8a452-eadb-4300-a1db-f03647c4ae83_16-9-aspect-ratio_default_0.jpg\" alt=\"\" class=\"wp-image-9842\" srcset=\"https:\/\/www.lafresca.fm\/f-solosog\/2023\/08\/abd8a452-eadb-4300-a1db-f03647c4ae83_16-9-aspect-ratio_default_0.jpg 880w, https:\/\/www.lafresca.fm\/f-solosog\/2023\/08\/abd8a452-eadb-4300-a1db-f03647c4ae83_16-9-aspect-ratio_default_0-770x433.jpg 770w, https:\/\/www.lafresca.fm\/f-solosog\/2023\/08\/abd8a452-eadb-4300-a1db-f03647c4ae83_16-9-aspect-ratio_default_0-768x432.jpg 768w\" sizes=\"(max-width: 880px) 100vw, 880px\" \/><\/figure>\n\n\n\n<h3 class=\"wp-block-heading\">Un pueblo en shock<\/h3>\n\n\n\n<p>Las v\u00edctimas eran, en su mayor\u00eda, <strong>emigrantes<\/strong> llegados desde peque\u00f1os municipios de Granada, Ciudad Real y Almer\u00eda. Algunos no hab\u00edan llegado a cobrar su primer salario.<\/p>\n\n\n\n<p>El entierro fue multitudinario y lleno de dolor. Las autoridades locales y provinciales acudieron, pero la indignaci\u00f3n crec\u00eda entre los vecinos. Se cuestion\u00f3 por qu\u00e9 <strong>una f\u00e1brica sin licencia hab\u00eda podido operar durante a\u00f1os sin control<\/strong>.<\/p>\n\n\n\n<p>En medio del duelo, la pol\u00e9mica surgi\u00f3 cuando algunas voces pidieron que se celebraran con normalidad las <strong>Fiestas de Moros y Cristianos<\/strong> previstas dos semanas despu\u00e9s. Fue el p\u00e1rroco local, <strong>D. Federico Garc\u00eda Moreno<\/strong>, quien puso freno a la idea: anunci\u00f3 que si se manten\u00edan las fiestas, la imagen de la patrona, la Virgen de los Desamparados, <strong>no saldr\u00eda en procesi\u00f3n<\/strong>. Su intervenci\u00f3n forz\u00f3 la cancelaci\u00f3n y evidenci\u00f3 una fractura emocional en el municipio.<\/p>\n\n\n\n<figure class=\"wp-block-image size-full\"><img loading=\"lazy\" decoding=\"async\" width=\"880\" height=\"495\" src=\"https:\/\/www.lafresca.fm\/f-solosog\/2023\/08\/4b6fe957-1782-44c1-861b-0459026f60b5_16-9-aspect-ratio_default_0.jpg\" alt=\"\" class=\"wp-image-9841\" srcset=\"https:\/\/www.lafresca.fm\/f-solosog\/2023\/08\/4b6fe957-1782-44c1-861b-0459026f60b5_16-9-aspect-ratio_default_0.jpg 880w, https:\/\/www.lafresca.fm\/f-solosog\/2023\/08\/4b6fe957-1782-44c1-861b-0459026f60b5_16-9-aspect-ratio_default_0-770x433.jpg 770w, https:\/\/www.lafresca.fm\/f-solosog\/2023\/08\/4b6fe957-1782-44c1-861b-0459026f60b5_16-9-aspect-ratio_default_0-768x432.jpg 768w\" sizes=\"(max-width: 880px) 100vw, 880px\" \/><\/figure>\n\n\n\n<h3 class=\"wp-block-heading\">Silencio y olvido<\/h3>\n\n\n\n<p>La investigaci\u00f3n judicial fue breve. En enero de 1970, el sumario se cerr\u00f3 sin identificar responsables penales ni fijar sanciones. Las indemnizaciones llegaron r\u00e1pido: algo m\u00e1s de <strong>1,8 millones de pesetas<\/strong> en total. Pero <strong>ning\u00fan cargo fue imputado<\/strong>.<\/p>\n\n\n\n<p>Durante a\u00f1os, <strong>el tema se convirti\u00f3 en tab\u00fa<\/strong>. No hubo homenajes ni actos oficiales. Las v\u00edctimas quedaron en el recuerdo familiar y colectivo, pero fuera del discurso p\u00fablico.<\/p>\n\n\n\n<figure class=\"wp-block-gallery has-nested-images columns-default is-cropped wp-block-gallery-1 is-layout-flex wp-block-gallery-is-layout-flex\">\n<figure class=\"wp-block-image size-large\"><img loading=\"lazy\" decoding=\"async\" width=\"880\" height=\"495\" data-id=\"9838\" src=\"https:\/\/www.lafresca.fm\/f-solosog\/2023\/08\/8f4df5bc-6c19-4807-86cc-522c361f9d0c_16-9-aspect-ratio_default_0-1.jpg\" alt=\"\" class=\"wp-image-9838\" srcset=\"https:\/\/www.lafresca.fm\/f-solosog\/2023\/08\/8f4df5bc-6c19-4807-86cc-522c361f9d0c_16-9-aspect-ratio_default_0-1.jpg 880w, https:\/\/www.lafresca.fm\/f-solosog\/2023\/08\/8f4df5bc-6c19-4807-86cc-522c361f9d0c_16-9-aspect-ratio_default_0-1-770x433.jpg 770w, https:\/\/www.lafresca.fm\/f-solosog\/2023\/08\/8f4df5bc-6c19-4807-86cc-522c361f9d0c_16-9-aspect-ratio_default_0-1-768x432.jpg 768w\" sizes=\"(max-width: 880px) 100vw, 880px\" \/><\/figure>\n<\/figure>\n\n\n\n<h3 class=\"wp-block-heading\">Medio siglo despu\u00e9s, un acto de justicia<\/h3>\n\n\n\n<p>Tuvieron que pasar casi cinco d\u00e9cadas para que Ibi rindiera homenaje a las v\u00edctimas. En el mes de mayo de<strong> 2017<\/strong>, se inaugur\u00f3 un <strong>monumento en su memoria<\/strong>, con una ceremonia c\u00edvico-religiosa en la que se leyeron los nombres de los 33 fallecidos. Por expreso deseo de los familiares, tambi\u00e9n se a\u00f1adi\u00f3 el nombre del p\u00e1rroco <strong>Federico Garc\u00eda Moreno<\/strong>, como s\u00edmbolo de dignidad y solidaridad.<\/p>\n\n\n\n<hr class=\"wp-block-separator has-alpha-channel-opacity\"\/>\n\n\n\n<p><strong>\ud83d\udd3a La tragedia de Miraf\u00e9 sigue siendo una de las mayores cat\u00e1strofes laborales de la historia de Espa\u00f1a. A 57 a\u00f1os de aquel 16 de agosto, Ibi recuerda a quienes murieron trabajando, muchos de ellos sin contrato, sin seguro y sin haber cobrado su primer sueldo.<\/strong><\/p>\n\n\n\n<figure class=\"wp-block-image size-full\"><img loading=\"lazy\" decoding=\"async\" width=\"880\" height=\"495\" src=\"https:\/\/www.lafresca.fm\/f-solosog\/2023\/08\/9c78e85f-fe2e-4455-8f89-26fe4fe8f1b4_16-9-aspect-ratio_default_0.jpg\" alt=\"\" class=\"wp-image-9840\" srcset=\"https:\/\/www.lafresca.fm\/f-solosog\/2023\/08\/9c78e85f-fe2e-4455-8f89-26fe4fe8f1b4_16-9-aspect-ratio_default_0.jpg 880w, https:\/\/www.lafresca.fm\/f-solosog\/2023\/08\/9c78e85f-fe2e-4455-8f89-26fe4fe8f1b4_16-9-aspect-ratio_default_0-770x433.jpg 770w, https:\/\/www.lafresca.fm\/f-solosog\/2023\/08\/9c78e85f-fe2e-4455-8f89-26fe4fe8f1b4_16-9-aspect-ratio_default_0-768x432.jpg 768w\" sizes=\"(max-width: 880px) 100vw, 880px\" \/><\/figure>\n<script>function PlayerjsAsync(){} if(window[\"Playerjs\"]){PlayerjsAsync();}<\/script>","protected":false},"excerpt":{"rendered":"<p>A las 20:30 de la tarde del viernes 16 de agosto de 1968, una violenta explosi\u00f3n sacudi\u00f3 Ibi. El estallido rompi\u00f3 cristales, levant\u00f3 persianas met\u00e1licas y dej\u00f3 a oscuras buena parte del casco urbano. En pocos minutos, los vecinos identificaban el origen: hab\u00eda explotado la conocida como \u201cf\u00e1brica de la ...<\/p>\n","protected":false},"author":2,"featured_media":16038,"comment_status":"closed","ping_status":"closed","sticky":false,"template":"","format":"standard","meta":{"_monsterinsights_skip_tracking":false,"_monsterinsights_sitenote_active":false,"_monsterinsights_sitenote_note":"","_monsterinsights_sitenote_category":0,"footnotes":""},"categories":[4],"tags":[128,880],"class_list":["post-16037","post","type-post","status-publish","format-standard","has-post-thumbnail","hentry","category-alicante","tag-ibi","tag-mirafe-ibi"],"aioseo_notices":[],"_links":{"self":[{"href":"https:\/\/www.lafresca.fm\/fresca-api-json\/wp\/v2\/posts\/16037","targetHints":{"allow":["GET"]}}],"collection":[{"href":"https:\/\/www.lafresca.fm\/fresca-api-json\/wp\/v2\/posts"}],"about":[{"href":"https:\/\/www.lafresca.fm\/fresca-api-json\/wp\/v2\/types\/post"}],"author":[{"embeddable":true,"href":"https:\/\/www.lafresca.fm\/fresca-api-json\/wp\/v2\/users\/2"}],"replies":[{"embeddable":true,"href":"https:\/\/www.lafresca.fm\/fresca-api-json\/wp\/v2\/comments?post=16037"}],"version-history":[{"count":1,"href":"https:\/\/www.lafresca.fm\/fresca-api-json\/wp\/v2\/posts\/16037\/revisions"}],"predecessor-version":[{"id":16040,"href":"https:\/\/www.lafresca.fm\/fresca-api-json\/wp\/v2\/posts\/16037\/revisions\/16040"}],"wp:featuredmedia":[{"embeddable":true,"href":"https:\/\/www.lafresca.fm\/fresca-api-json\/wp\/v2\/media\/16038"}],"wp:attachment":[{"href":"https:\/\/www.lafresca.fm\/fresca-api-json\/wp\/v2\/media?parent=16037"}],"wp:term":[{"taxonomy":"category","embeddable":true,"href":"https:\/\/www.lafresca.fm\/fresca-api-json\/wp\/v2\/categories?post=16037"},{"taxonomy":"post_tag","embeddable":true,"href":"https:\/\/www.lafresca.fm\/fresca-api-json\/wp\/v2\/tags?post=16037"}],"curies":[{"name":"wp","href":"https:\/\/api.w.org\/{rel}","templated":true}]}}