{"id":16041,"date":"2025-08-17T12:16:21","date_gmt":"2025-08-17T10:16:21","guid":{"rendered":"https:\/\/www.lafresca.fm\/?p=16041"},"modified":"2025-08-17T12:16:27","modified_gmt":"2025-08-17T10:16:27","slug":"incluye-video-tres-hombres-ingresan-en-la-carcel-tras-desarticular-una-plantacion-de-marihuana-en-onil","status":"publish","type":"post","link":"https:\/\/www.lafresca.fm\/incluye-video-tres-hombres-ingresan-en-la-carcel-tras-desarticular-una-plantacion-de-marihuana-en-onil\/","title":{"rendered":"Incluye V\u00eddeo: Tres hombres ingresan en la c\u00e1rcel tras desarticular una plantaci\u00f3n de marihuana en Onil"},"content":{"rendered":"\n<figure class=\"wp-block-video\"><video height=\"360\" style=\"aspect-ratio: 640 \/ 360;\" width=\"640\" controls src=\"https:\/\/www.lafresca.fm\/f-solosog\/2025\/08\/main.mp4\"><\/video><\/figure>\n\n\n\n<p>La Guardia Civil ha detenido en Onil a tres hombres, de entre <strong>27 y 31 a\u00f1os<\/strong>, por su presunta implicaci\u00f3n en una organizaci\u00f3n criminal dedicada al <strong>cultivo y tr\u00e1fico de marihuana<\/strong>. La operaci\u00f3n ha permitido desarticular un importante foco de producci\u00f3n de cannabis con destino a Europa.<\/p>\n\n\n\n<p>La investigaci\u00f3n se inici\u00f3 a comienzos de 2025 desde el <strong>Puesto Principal de Ibi<\/strong>, y concluy\u00f3 con la localizaci\u00f3n de una <strong>vivienda unifamiliar en una zona rural<\/strong> de Onil, utilizada como centro de producci\u00f3n intensiva. El inmueble contaba con varias estancias habilitadas con sistemas de <strong>iluminaci\u00f3n artificial, riego automatizado, fertilizaci\u00f3n y climatizaci\u00f3n<\/strong>, lo que permit\u00eda cultivar marihuana de forma continua durante todo el a\u00f1o.<\/p>\n\n\n\n<p>Adem\u00e1s, se descubri\u00f3 un <strong>enganche ilegal a la red el\u00e9ctrica<\/strong>, cuyo uso fraudulento habr\u00eda ocasionado un perjuicio econ\u00f3mico superior a <strong>35.000 euros<\/strong> para la empresa distribuidora de energ\u00eda.<\/p>\n\n\n\n<figure class=\"wp-block-image size-full\"><img fetchpriority=\"high\" decoding=\"async\" width=\"1068\" height=\"601\" src=\"https:\/\/www.lafresca.fm\/f-solosog\/2025\/08\/thumbnail_Detenidos_marihuana_alicante_editada.00_00_43_07.Imagen-fija004-1068x601-1.jpg\" alt=\"\" class=\"wp-image-16042\" srcset=\"https:\/\/www.lafresca.fm\/f-solosog\/2025\/08\/thumbnail_Detenidos_marihuana_alicante_editada.00_00_43_07.Imagen-fija004-1068x601-1.jpg 1068w, https:\/\/www.lafresca.fm\/f-solosog\/2025\/08\/thumbnail_Detenidos_marihuana_alicante_editada.00_00_43_07.Imagen-fija004-1068x601-1-770x433.jpg 770w, https:\/\/www.lafresca.fm\/f-solosog\/2025\/08\/thumbnail_Detenidos_marihuana_alicante_editada.00_00_43_07.Imagen-fija004-1068x601-1-768x432.jpg 768w\" sizes=\"(max-width: 1068px) 100vw, 1068px\" \/><\/figure>\n\n\n\n<h3 class=\"wp-block-heading\">Tres detenidos y m\u00e1s de 380 plantas incautadas<\/h3>\n\n\n\n<p>La actuaci\u00f3n se llev\u00f3 a cabo el pasado <strong>16 de julio<\/strong>, con el apoyo de la <strong>Unidad de Seguridad Ciudadana (USECIC)<\/strong>. Durante la entrada al inmueble, dos de los sospechosos intentaron huir a pie campo a trav\u00e9s, pero fueron interceptados y detenidos junto al tercer implicado.<\/p>\n\n\n\n<p>En el registro del domicilio se <strong>incautaron 382 plantas de marihuana<\/strong>, <strong>3,2 kilos de cogollos listos para su distribuci\u00f3n<\/strong>, <strong>1.090 euros en efectivo<\/strong>, as\u00ed como <strong>tel\u00e9fonos m\u00f3viles, material el\u00e9ctrico y de cultivo<\/strong>. Los agentes tambi\u00e9n hallaron un <strong>sofisticado sistema de videovigilancia<\/strong>, supuestamente destinado a detectar tanto a las fuerzas de seguridad como a posibles intrusos o bandas rivales.<\/p>\n\n\n\n<h3 class=\"wp-block-heading\">Producci\u00f3n orientada al mercado europeo<\/h3>\n\n\n\n<p>Seg\u00fan la Guardia Civil, la vivienda llevaba operativa desde <strong>2019<\/strong> y tambi\u00e9n serv\u00eda como residencia habitual de dos de los detenidos. La organizaci\u00f3n habr\u00eda realizado entre <strong>cuatro y cinco cosechas anuales<\/strong>, cuya producci\u00f3n era transportada en veh\u00edculos particulares hacia diferentes <strong>pa\u00edses europeos<\/strong>.<\/p>\n\n\n\n<p>Los tres arrestados han sido puestos a disposici\u00f3n judicial en <strong>Ibi<\/strong>, y el juez ha decretado su <strong>ingreso en prisi\u00f3n preventiva<\/strong>. Con esta intervenci\u00f3n, las autoridades dan por desarticulado un <strong>importante centro de producci\u00f3n y exportaci\u00f3n de marihuana<\/strong> asentado en la provincia de Alicante.<\/p>\n\n\n\n<p><\/p>\n<script>function PlayerjsAsync(){} if(window[\"Playerjs\"]){PlayerjsAsync();}<\/script>","protected":false},"excerpt":{"rendered":"<p>La Guardia Civil ha detenido en Onil a tres hombres, de entre 27 y 31 a\u00f1os, por su presunta implicaci\u00f3n en una organizaci\u00f3n criminal dedicada al cultivo y tr\u00e1fico de marihuana. La operaci\u00f3n ha permitido desarticular un importante foco de producci\u00f3n de cannabis con destino a Europa. La investigaci\u00f3n se ...<\/p>\n","protected":false},"author":2,"featured_media":16042,"comment_status":"closed","ping_status":"closed","sticky":false,"template":"","format":"standard","meta":{"_monsterinsights_skip_tracking":false,"_monsterinsights_sitenote_active":false,"_monsterinsights_sitenote_note":"","_monsterinsights_sitenote_category":0,"footnotes":""},"categories":[4],"tags":[133],"class_list":["post-16041","post","type-post","status-publish","format-standard","has-post-thumbnail","hentry","category-alicante","tag-onil"],"aioseo_notices":[],"_links":{"self":[{"href":"https:\/\/www.lafresca.fm\/fresca-api-json\/wp\/v2\/posts\/16041","targetHints":{"allow":["GET"]}}],"collection":[{"href":"https:\/\/www.lafresca.fm\/fresca-api-json\/wp\/v2\/posts"}],"about":[{"href":"https:\/\/www.lafresca.fm\/fresca-api-json\/wp\/v2\/types\/post"}],"author":[{"embeddable":true,"href":"https:\/\/www.lafresca.fm\/fresca-api-json\/wp\/v2\/users\/2"}],"replies":[{"embeddable":true,"href":"https:\/\/www.lafresca.fm\/fresca-api-json\/wp\/v2\/comments?post=16041"}],"version-history":[{"count":1,"href":"https:\/\/www.lafresca.fm\/fresca-api-json\/wp\/v2\/posts\/16041\/revisions"}],"predecessor-version":[{"id":16044,"href":"https:\/\/www.lafresca.fm\/fresca-api-json\/wp\/v2\/posts\/16041\/revisions\/16044"}],"wp:featuredmedia":[{"embeddable":true,"href":"https:\/\/www.lafresca.fm\/fresca-api-json\/wp\/v2\/media\/16042"}],"wp:attachment":[{"href":"https:\/\/www.lafresca.fm\/fresca-api-json\/wp\/v2\/media?parent=16041"}],"wp:term":[{"taxonomy":"category","embeddable":true,"href":"https:\/\/www.lafresca.fm\/fresca-api-json\/wp\/v2\/categories?post=16041"},{"taxonomy":"post_tag","embeddable":true,"href":"https:\/\/www.lafresca.fm\/fresca-api-json\/wp\/v2\/tags?post=16041"}],"curies":[{"name":"wp","href":"https:\/\/api.w.org\/{rel}","templated":true}]}}