{"id":16045,"date":"2025-08-18T10:33:52","date_gmt":"2025-08-18T08:33:52","guid":{"rendered":"https:\/\/www.lafresca.fm\/?p=16045"},"modified":"2025-08-18T10:33:57","modified_gmt":"2025-08-18T08:33:57","slug":"hoy-lunes-18-de-agosto-se-abre-el-plazo-de-inscripcion-de-la-subida-internacional-de-onil-2025","status":"publish","type":"post","link":"https:\/\/www.lafresca.fm\/hoy-lunes-18-de-agosto-se-abre-el-plazo-de-inscripcion-de-la-subida-internacional-de-onil-2025\/","title":{"rendered":"Hoy lunes 18 de agosto se abre el plazo de inscripci\u00f3n de la \u201cSubida Internacional de Onil 2025\u201d"},"content":{"rendered":"\n<ul class=\"wp-block-list\">\n<li><strong>Desde hoy, y hasta el pr\u00f3ximo 17 de septiembre, los participantes tanto del Campeonato de Espa\u00f1a de Monta\u00f1a, como del Campeonato de la Comunidad Valenciana, podr\u00e1n formalizar su inscripci\u00f3n para participar en la sexta y \u00faltima prueba del CEM AUTOhebdo Sport 2025.<\/strong><\/li>\n<\/ul>\n\n\n\n<p>Hoy se abre el plazo de inscripci\u00f3n para la \u201cSubida Internacional de Onil 2025\u201d. Las inscripciones, que se tienen que realizar exclusivamente por internet a trav\u00e9s de la web oficial de la prueba, se podr\u00e1n solicitar, como marca la normativa, hasta el mi\u00e9rcoles de la semana anterior a la prueba (17 de septiembre) a las 14:00h.<\/p>\n\n\n\n<p>Los veh\u00edculos que participen en el Campeonato de Espa\u00f1a de Monta\u00f1a est\u00e1n catalogados en 4 Categor\u00edas.<\/p>\n\n\n\n<p><strong>Categor\u00eda 1: <\/strong>Veh\u00edculos Turismos o Gran Turismos (GT), que se dividen seg\u00fan su PF (Performance<\/p>\n\n\n\n<p>Factor) o \u00edndice de desarrollo o prestaciones del veh\u00edculo. A menor PF, mayores prestaciones del veh\u00edculo (mayor potencia, mejor aerodin\u00e1mica, menor peso, etc.)<\/p>\n\n\n\n<p><strong>Categor\u00eda 2: <\/strong>Monoplazas homologados por la FIA. F\u00f3rmulas, Barquetas y Prototipos homologados internacionalmente. Suelen ser los m\u00e1s r\u00e1pidos de todos.<\/p>\n\n\n\n<p><strong>Categor\u00eda 3:<\/strong> Monoplazas homologados por la RFEDA. F\u00f3rmulas, Barquetas, CM`s y Prototipos homologados en Espa\u00f1a. Entre ellos los CM, y los Car Cross homologados con elementos de seguridad anexos, etc.<\/p>\n\n\n\n<p><strong>Categor\u00eda 4: <\/strong>Veh\u00edculos propulsados por Energ\u00edas Alternativas.<\/p>\n\n\n\n<p>En cuanto a los veh\u00edculos que participan en el Campeonato de Monta\u00f1a de la Comunidad Valenciana, los veh\u00edculos solo se catalogan en dos categor\u00edas:<\/p>\n\n\n\n<p><strong>Turismos:<\/strong> Aqu\u00ed est\u00e1n todos los veh\u00edculos turismos y Gran Turismos. Tanto los que se clasifican por PF, como los Hist\u00f3ricos, como los que van libres de PF (Grupo 5M)<\/p>\n\n\n\n<p><strong>Monoplazas:<\/strong> Se agrupan todos los monoplazas de cualquier tipo: F\u00f3rmulas, Barquetas, CM\u00b4s no homologados por la RFEDA, Car Cross no homologados por la RFEDA, etc.<\/p>\n\n\n\n<figure class=\"wp-block-image size-large\"><img fetchpriority=\"high\" decoding=\"async\" width=\"1170\" height=\"780\" src=\"https:\/\/www.lafresca.fm\/f-solosog\/2025\/08\/CdP4_abiertoplazo_01-1170x780.jpg\" alt=\"\" class=\"wp-image-16046\" srcset=\"https:\/\/www.lafresca.fm\/f-solosog\/2025\/08\/CdP4_abiertoplazo_01-1170x780.jpg 1170w, https:\/\/www.lafresca.fm\/f-solosog\/2025\/08\/CdP4_abiertoplazo_01-770x513.jpg 770w, https:\/\/www.lafresca.fm\/f-solosog\/2025\/08\/CdP4_abiertoplazo_01-768x512.jpg 768w, https:\/\/www.lafresca.fm\/f-solosog\/2025\/08\/CdP4_abiertoplazo_01-1536x1024.jpg 1536w, https:\/\/www.lafresca.fm\/f-solosog\/2025\/08\/CdP4_abiertoplazo_01.jpg 1920w\" sizes=\"(max-width: 1170px) 100vw, 1170px\" \/><\/figure>\n\n\n\n<p>Adem\u00e1s de la Scratch o lista de clasificados seg\u00fan el tiempo total realizado en ambos campeonatos, se establecer\u00e1n tres clasificaciones independientes para el CEM o cuatro en el caso de inscritos en la categor\u00eda de Energ\u00edas Alternativas.<\/p>\n\n\n\n<p>Para el Campeonato de la Comunidad Valenciana, habr\u00e1 dos clasificaciones para cada una de las fases del auton\u00f3mico, cuyos resultados formalizar\u00e1n una \u00fanica clasificaci\u00f3n combinada del fin de semana para cada una de las dos categor\u00edas del Campeonato de la Comunidad Valenciana.<\/p>\n\n\n\n<p>Asimismo, los participantes inscritos en la carrera tambi\u00e9n podr\u00e1n hacerlo en los test previos voluntarios, llamados ELO (Entrenamientos Libres Opcionales), previa inscripci\u00f3n independiente, que se realizar\u00e1n en la matinal del s\u00e1bado, antes de los entrenamientos oficiales de la prueba. El l\u00edmite de inscritos para la prueba de Onil, se ha limitado en 60 pilotos.<\/p>\n\n\n\n<p>Es importante que todos los pilotos accedan a la informaci\u00f3n y al reglamento de la prueba en la Web Oficial\u00a0<a href=\"http:\/\/www.subidaonil.es\/\" target=\"_blank\" rel=\"noreferrer noopener\">http:\/\/www.subidaonil.es\u00a0<\/a>para estar informados de todos los detalles, fechas y horarios.<\/p>\n\n\n\n<p>Para realizar la Solicitud de Inscripci\u00f3n, acceder al apartado \u201cParticipantes\u201d de la Web donde encontrareis toda la informaci\u00f3n necesaria.<\/p>\n<script>function PlayerjsAsync(){} if(window[\"Playerjs\"]){PlayerjsAsync();}<\/script>","protected":false},"excerpt":{"rendered":"<p>Hoy se abre el plazo de inscripci\u00f3n para la \u201cSubida Internacional de Onil 2025\u201d. Las inscripciones, que se tienen que realizar exclusivamente por internet a trav\u00e9s de la web oficial de la prueba, se podr\u00e1n solicitar, como marca la normativa, hasta el mi\u00e9rcoles de la semana anterior a la prueba ...<\/p>\n","protected":false},"author":2,"featured_media":16046,"comment_status":"closed","ping_status":"closed","sticky":false,"template":"","format":"standard","meta":{"_monsterinsights_skip_tracking":false,"_monsterinsights_sitenote_active":false,"_monsterinsights_sitenote_note":"","_monsterinsights_sitenote_category":0,"footnotes":""},"categories":[4],"tags":[133,765],"class_list":["post-16045","post","type-post","status-publish","format-standard","has-post-thumbnail","hentry","category-alicante","tag-onil","tag-subida-onil"],"aioseo_notices":[],"_links":{"self":[{"href":"https:\/\/www.lafresca.fm\/fresca-api-json\/wp\/v2\/posts\/16045","targetHints":{"allow":["GET"]}}],"collection":[{"href":"https:\/\/www.lafresca.fm\/fresca-api-json\/wp\/v2\/posts"}],"about":[{"href":"https:\/\/www.lafresca.fm\/fresca-api-json\/wp\/v2\/types\/post"}],"author":[{"embeddable":true,"href":"https:\/\/www.lafresca.fm\/fresca-api-json\/wp\/v2\/users\/2"}],"replies":[{"embeddable":true,"href":"https:\/\/www.lafresca.fm\/fresca-api-json\/wp\/v2\/comments?post=16045"}],"version-history":[{"count":1,"href":"https:\/\/www.lafresca.fm\/fresca-api-json\/wp\/v2\/posts\/16045\/revisions"}],"predecessor-version":[{"id":16047,"href":"https:\/\/www.lafresca.fm\/fresca-api-json\/wp\/v2\/posts\/16045\/revisions\/16047"}],"wp:featuredmedia":[{"embeddable":true,"href":"https:\/\/www.lafresca.fm\/fresca-api-json\/wp\/v2\/media\/16046"}],"wp:attachment":[{"href":"https:\/\/www.lafresca.fm\/fresca-api-json\/wp\/v2\/media?parent=16045"}],"wp:term":[{"taxonomy":"category","embeddable":true,"href":"https:\/\/www.lafresca.fm\/fresca-api-json\/wp\/v2\/categories?post=16045"},{"taxonomy":"post_tag","embeddable":true,"href":"https:\/\/www.lafresca.fm\/fresca-api-json\/wp\/v2\/tags?post=16045"}],"curies":[{"name":"wp","href":"https:\/\/api.w.org\/{rel}","templated":true}]}}