{"id":16050,"date":"2025-08-19T11:05:29","date_gmt":"2025-08-19T09:05:29","guid":{"rendered":"https:\/\/www.lafresca.fm\/?p=16050"},"modified":"2025-08-19T11:05:32","modified_gmt":"2025-08-19T09:05:32","slug":"actiu-recibe-el-premio-impulso-de-la-ua-por-su-compromiso-con-la-formacion-y-la-empleabilidad","status":"publish","type":"post","link":"https:\/\/www.lafresca.fm\/actiu-recibe-el-premio-impulso-de-la-ua-por-su-compromiso-con-la-formacion-y-la-empleabilidad\/","title":{"rendered":"ACTIU recibe el Premio Impulso de la UA por su compromiso con la formaci\u00f3n y la empleabilidad"},"content":{"rendered":"\n<p>Actiu ha sido reconocida recientemente con el Premio Impulso a la compa\u00f1\u00eda m\u00e1s colaboradora en<strong>\u00a0Pr\u00e1cticas y Empleabilidad de la Universidad de Alicante<\/strong>\u00a0(UA). Este galard\u00f3n refuerza uno de sus principales compromisos: apoyar el talento de las nuevas generaciones y estrechar la conexi\u00f3n entre el mundo acad\u00e9mico y el empresarial.<\/p>\n\n\n\n<p>La compa\u00f1\u00eda desarrolla iniciativas como&nbsp;<strong>ACTIU ACADEMY<\/strong>, visitas formativas y proyectos conjuntos con universidades, fomentando espacios que inspiran y promueven un futuro m\u00e1s innovador, inclusivo y sostenible. ACTIU ha agradecido a la Universidad de Alicante y al Parque Cient\u00edfico de Alicante su apoyo, reafirmando su prop\u00f3sito de ser una marca que inspira, forma y apuesta por el talento.<\/p>\n\n\n\n<p><strong>SOBRE LA COMPA\u00d1\u00cdA<\/strong><br>Desde 1968,&nbsp;<a href=\"https:\/\/www.actiu.com\/es\/muebles\/?gad_source=1&amp;gad_campaignid=19642558039&amp;gclid=CjwKCAjwg7PDBhBxEiwAf1CVu5GwevJU5uKyY-cQFZSeqeADZsxtdxK3rmuTmWArNF2Be86x7heaOxoC_MAQAvD_BwE\">ACTIU<\/a>&nbsp;dise\u00f1a y fabrica soluciones para proyectos tanto nacionales como internacionales, con referencias estandarizadas y espec\u00edficas seg\u00fan cada necesidad. Todos sus procesos son de producci\u00f3n propia, desde la mecanizaci\u00f3n de la madera, el metal o la matricer\u00eda hasta la aplicaci\u00f3n de acabados, cuidando al detalle cada mueble que sale de su planta productiva en Castalla, Alicante. Su apuesta por llevar el bienestar a los espacios de trabajo a trav\u00e9s del dise\u00f1o ergon\u00f3mico inteligente le vali\u00f3 en 2018 el&nbsp;<strong>Premio Nacional de Dise\u00f1<\/strong>o, el m\u00e1s prestigioso reconocimiento de su categor\u00eda en Espa\u00f1a.<\/p>\n\n\n\n<figure class=\"wp-block-image\"><img decoding=\"async\" src=\"https:\/\/www.ibiae.com\/wp-content\/uploads\/2025\/07\/1750232697963-1024x683.jpg\" alt=\"\" class=\"wp-image-31830\"\/><\/figure>\n\n\n\n<figure class=\"wp-block-image\"><img decoding=\"async\" src=\"https:\/\/www.ibiae.com\/wp-content\/uploads\/2025\/07\/1750232698696-1024x683.jpg\" alt=\"\" class=\"wp-image-31831\"\/><\/figure>\n\n\n\n<figure class=\"wp-block-image\"><img decoding=\"async\" src=\"https:\/\/www.ibiae.com\/wp-content\/uploads\/2025\/07\/1750232698881-1024x683.jpg\" alt=\"\" class=\"wp-image-31832\"\/><\/figure>\n\n\n\n<figure class=\"wp-block-image\"><img decoding=\"async\" src=\"https:\/\/www.ibiae.com\/wp-content\/uploads\/2025\/07\/1750232703686-1024x683.jpg\" alt=\"\" class=\"wp-image-31833\"\/><\/figure>\n<script>function PlayerjsAsync(){} if(window[\"Playerjs\"]){PlayerjsAsync();}<\/script>","protected":false},"excerpt":{"rendered":"<p>Actiu ha sido reconocida recientemente con el Premio Impulso a la compa\u00f1\u00eda m\u00e1s colaboradora en\u00a0Pr\u00e1cticas y Empleabilidad de la Universidad de Alicante\u00a0(UA). Este galard\u00f3n refuerza uno de sus principales compromisos: apoyar el talento de las nuevas generaciones y estrechar la conexi\u00f3n entre el mundo acad\u00e9mico y el empresarial. La compa\u00f1\u00eda ...<\/p>\n","protected":false},"author":2,"featured_media":16051,"comment_status":"closed","ping_status":"closed","sticky":false,"template":"","format":"standard","meta":{"_monsterinsights_skip_tracking":false,"_monsterinsights_sitenote_active":false,"_monsterinsights_sitenote_note":"","_monsterinsights_sitenote_category":0,"footnotes":""},"categories":[4],"tags":[156],"class_list":["post-16050","post","type-post","status-publish","format-standard","has-post-thumbnail","hentry","category-alicante","tag-actiu"],"aioseo_notices":[],"_links":{"self":[{"href":"https:\/\/www.lafresca.fm\/fresca-api-json\/wp\/v2\/posts\/16050","targetHints":{"allow":["GET"]}}],"collection":[{"href":"https:\/\/www.lafresca.fm\/fresca-api-json\/wp\/v2\/posts"}],"about":[{"href":"https:\/\/www.lafresca.fm\/fresca-api-json\/wp\/v2\/types\/post"}],"author":[{"embeddable":true,"href":"https:\/\/www.lafresca.fm\/fresca-api-json\/wp\/v2\/users\/2"}],"replies":[{"embeddable":true,"href":"https:\/\/www.lafresca.fm\/fresca-api-json\/wp\/v2\/comments?post=16050"}],"version-history":[{"count":1,"href":"https:\/\/www.lafresca.fm\/fresca-api-json\/wp\/v2\/posts\/16050\/revisions"}],"predecessor-version":[{"id":16052,"href":"https:\/\/www.lafresca.fm\/fresca-api-json\/wp\/v2\/posts\/16050\/revisions\/16052"}],"wp:featuredmedia":[{"embeddable":true,"href":"https:\/\/www.lafresca.fm\/fresca-api-json\/wp\/v2\/media\/16051"}],"wp:attachment":[{"href":"https:\/\/www.lafresca.fm\/fresca-api-json\/wp\/v2\/media?parent=16050"}],"wp:term":[{"taxonomy":"category","embeddable":true,"href":"https:\/\/www.lafresca.fm\/fresca-api-json\/wp\/v2\/categories?post=16050"},{"taxonomy":"post_tag","embeddable":true,"href":"https:\/\/www.lafresca.fm\/fresca-api-json\/wp\/v2\/tags?post=16050"}],"curies":[{"name":"wp","href":"https:\/\/api.w.org\/{rel}","templated":true}]}}