{"id":16054,"date":"2025-08-25T12:20:15","date_gmt":"2025-08-25T10:20:15","guid":{"rendered":"https:\/\/www.lafresca.fm\/?p=16054"},"modified":"2025-08-25T12:29:13","modified_gmt":"2025-08-25T10:29:13","slug":"castalla-presenta-la-programacion-de-las-fiestas-mayores-de-moros-y-cristianos-2025","status":"publish","type":"post","link":"https:\/\/www.lafresca.fm\/castalla-presenta-la-programacion-de-las-fiestas-mayores-de-moros-y-cristianos-2025\/","title":{"rendered":"Castalla presenta la programaci\u00f3n de las Fiestas Mayores de Moros y Cristianos 2025"},"content":{"rendered":"\n<ul class=\"wp-block-list\">\n<li><strong>Las celebraciones tendr\u00e1n lugar del 31 de agosto al 4 de septiembre y destaca la Entrada, la Ofrenda, as\u00ed como los actos de arcabucer\u00eda y las procesiones.<\/strong><\/li>\n<\/ul>\n\n\n\n<p>El Ayuntamiento de Castalla ha presentado la programaci\u00f3n de las Fiestas Mayores de Moros y Cristianos 2025. Las celebraciones populares en honor a la Patrona, la Virgen de la Soledad, tendr\u00e1n lugar del 31 de agosto al 4 de septiembre. El consistorio organiza estas tradicionales fiestas en colaboraci\u00f3n con la Agrupaci\u00f3 de Comparses de Moros i Cristians de Castalla.<\/p>\n\n\n\n<figure class=\"wp-block-image size-large\"><img fetchpriority=\"high\" decoding=\"async\" width=\"1170\" height=\"878\" src=\"https:\/\/www.lafresca.fm\/f-solosog\/2025\/08\/IMG-20250825-WA0034-1170x878.jpg\" alt=\"\" class=\"wp-image-16055\" srcset=\"https:\/\/www.lafresca.fm\/f-solosog\/2025\/08\/IMG-20250825-WA0034-1170x878.jpg 1170w, https:\/\/www.lafresca.fm\/f-solosog\/2025\/08\/IMG-20250825-WA0034-770x578.jpg 770w, https:\/\/www.lafresca.fm\/f-solosog\/2025\/08\/IMG-20250825-WA0034-768x576.jpg 768w, https:\/\/www.lafresca.fm\/f-solosog\/2025\/08\/IMG-20250825-WA0034-1536x1152.jpg 1536w, https:\/\/www.lafresca.fm\/f-solosog\/2025\/08\/IMG-20250825-WA0034.jpg 2000w\" sizes=\"(max-width: 1170px) 100vw, 1170px\" \/><\/figure>\n\n\n\n<p>Unas fiestas que destacan por su historia y tradici\u00f3n y por la Entrada, la Ofrenda, los actos de arcabucer\u00eda y las procesiones, entre otros. Adem\u00e1s, todo ello, viene precedido por la \u2018Nit de l\u2019Olleta\u2019, que tendr\u00e1 lugar el 31 de agosto, cuando se lleve a cabo la entrada de las bandas oficiales de m\u00fasica que intervendr\u00e1n en las Fiestas, as\u00ed como un desfile por la ciudad.<\/p>\n\n\n\n<p>La participaci\u00f3n supera las 2.500 personas agrupadas en siete comparsas:<\/p>\n\n\n\n<ul class=\"wp-block-list\">\n<li>Cuatro comparsas cristianas: Mariners, Maseros, Pirates i Cristians.<\/li>\n\n\n\n<li>Tres comparsas moras: Moros Grocs, Moros Vells, i Moros Mud\u00e9jares<\/li>\n<\/ul>\n\n\n\n<p>A Castalla, sus fiestas la hacen \u00fanica. Es el caso de actos tan propios como la \u2018Baixada de la Verge\u2019, des de la Ermita hasta la Iglesia Parroquial, el 1 de septiembre, acompa\u00f1ada por las comparsas disparando salvas de arcabucer\u00eda, o&nbsp; la \u2018Ballada de Banderes\u2019, que se celebrar\u00e1 el 2 de septiembre, \u2018Primer dia de trons\u2019, en la Plaza Mayor.<\/p>\n\n\n\n<p>El 3 de septiembre todas las comparsas hacen un desfile siguiendo el itinerario tradicional, el cual acaba en la parroquia con la tradicional Ofrena de Flors a la Patrona. El \u2018Segon dia de trons\u2019, el 4 de septiembre, al mediod\u00eda destaca el desfile con Alardo de arcabucer\u00eda. El Bando Moro iniciar\u00e1 el Alardo desde la iglesia y el Bando Cristiano lo har\u00e1 desde el Convento. Ambos se encontrar\u00e1n en la Plaza Mayor para finalizar el acto con la \u2018Ballada de les Banderes\u2019.<\/p>\n\n\n\n<p>Por la tarde, despu\u00e9s de la \u2018Guerrilla\u2019, simulacro de combate entre Moros y Cristianos, se llevar\u00e1 a cabo la procesi\u00f3n de \u2018La Pujada\u2019. Autoridades, comparsas y bandas de m\u00fasica iniciar\u00e1n el recorrido acompa\u00f1ando a la Patrona. En la Placeta del Carreter, se llevar\u00e1 a cabo el canto del \u2018Adi\u00f3s\u2019.<\/p>\n\n\n\n<p>Las fiestas finalizar\u00e1n definitivamente el 5 de septiembre con un castillo de fuegos artificiales como colof\u00f3n a estas celebraciones.<\/p>\n\n\n\n<p>El Alcalde de Castalla y concejal de Fiestas, Jes\u00fas L\u00f3pez, ha destacado que \u201cel recinto por donde se lleven a cabo todos los actos estar\u00e1 cerrado durante los d\u00edas festivos. Por ello, pedimos a la poblaci\u00f3n que evite aparcar en esas calles\u201d. Por su parte, \u201cla parada de autob\u00fas se mantendr\u00e1 en la ubicaci\u00f3n habitual y la feria se encontrar\u00e1 ubicada en la Rep\u00fablica del Salvador y calle Col\u00f3n\u201d.<\/p>\n\n\n\n<p>En cuanto a las zonas de ocio nocturno, el Alcalde ha recordado que \u201cser\u00e1n en la Explanada de la Casa de Cultura, en la calle Padre Polanco, los d\u00edas 31 de agosto y el 3 de septiembre. La zona para los m\u00e1s j\u00f3venes, con DJ\u2019s, se ha previsto para los d\u00edas 31 de agosto, 1, 2 y 3 de septiembre, ubicadas en la calle Padre Polanco\u201d.<\/p>\n\n\n\n<p>Jes\u00fas L\u00f3pez ha remarcado que \u201cla seguridad en estos d\u00edas es una parte fundamental y ya est\u00e1 en marcha el dispositivo de Polic\u00eda Local, Guardia Civil, Protecci\u00f3n Civil, adem\u00e1s de un apoyo por parte de la Polic\u00eda Auton\u00f3mica y la Polic\u00eda Nacional. Se proteger\u00e1 tanto el casco urbano como el diseminado\u201d.<\/p>\n\n\n\n<p>Ram\u00f3n Galva\u00f1, presidente de la Agrupaci\u00f3 de Comparses de Castalla, ha indicado que \u201centre los 2.500 festers, as\u00ed como el boato de la Entrada, m\u00fasicos y p\u00fablico asistente, esperamos unas fiestas muy participativas\u201d.<\/p>\n\n\n\n<p>Finalmente, el Alcalde ha hecho hincapi\u00e9 en que \u201cson d\u00edas para desconectar y dar paso a la m\u00fasica, la p\u00f3lvora, los reencuentros y la convivencia de todo el pueblo unido\u201d.<\/p>\n\n\n\n<figure class=\"wp-block-image size-large\"><img decoding=\"async\" width=\"827\" height=\"1170\" src=\"https:\/\/www.lafresca.fm\/f-solosog\/2025\/08\/Cartel-Fiestas-de-Moros-y-Cristianos-Castalla-827x1170.jpeg\" alt=\"\" class=\"wp-image-16060\" srcset=\"https:\/\/www.lafresca.fm\/f-solosog\/2025\/08\/Cartel-Fiestas-de-Moros-y-Cristianos-Castalla-827x1170.jpeg 827w, https:\/\/www.lafresca.fm\/f-solosog\/2025\/08\/Cartel-Fiestas-de-Moros-y-Cristianos-Castalla-544x770.jpeg 544w, https:\/\/www.lafresca.fm\/f-solosog\/2025\/08\/Cartel-Fiestas-de-Moros-y-Cristianos-Castalla-768x1086.jpeg 768w, https:\/\/www.lafresca.fm\/f-solosog\/2025\/08\/Cartel-Fiestas-de-Moros-y-Cristianos-Castalla-1086x1536.jpeg 1086w, https:\/\/www.lafresca.fm\/f-solosog\/2025\/08\/Cartel-Fiestas-de-Moros-y-Cristianos-Castalla.jpeg 1131w\" sizes=\"(max-width: 827px) 100vw, 827px\" \/><\/figure>\n\n\n\n<figure class=\"wp-block-image size-large\"><img decoding=\"async\" width=\"802\" height=\"1170\" src=\"https:\/\/www.lafresca.fm\/f-solosog\/2025\/08\/CARTELL-MOROS-I-CRISTIANS-802x1170.jpg\" alt=\"\" class=\"wp-image-16061\" srcset=\"https:\/\/www.lafresca.fm\/f-solosog\/2025\/08\/CARTELL-MOROS-I-CRISTIANS-802x1170.jpg 802w, https:\/\/www.lafresca.fm\/f-solosog\/2025\/08\/CARTELL-MOROS-I-CRISTIANS-528x770.jpg 528w, https:\/\/www.lafresca.fm\/f-solosog\/2025\/08\/CARTELL-MOROS-I-CRISTIANS-768x1120.jpg 768w, https:\/\/www.lafresca.fm\/f-solosog\/2025\/08\/CARTELL-MOROS-I-CRISTIANS.jpg 967w\" sizes=\"(max-width: 802px) 100vw, 802px\" \/><\/figure>\n<script>function PlayerjsAsync(){} if(window[\"Playerjs\"]){PlayerjsAsync();}<\/script>","protected":false},"excerpt":{"rendered":"<p>El Ayuntamiento de Castalla ha presentado la programaci\u00f3n de las Fiestas Mayores de Moros y Cristianos 2025. Las celebraciones populares en honor a la Patrona, la Virgen de la Soledad, tendr\u00e1n lugar del 31 de agosto al 4 de septiembre. El consistorio organiza estas tradicionales fiestas en colaboraci\u00f3n con la ...<\/p>\n","protected":false},"author":2,"featured_media":16055,"comment_status":"closed","ping_status":"closed","sticky":false,"template":"","format":"standard","meta":{"_monsterinsights_skip_tracking":false,"_monsterinsights_sitenote_active":false,"_monsterinsights_sitenote_note":"","_monsterinsights_sitenote_category":0,"footnotes":""},"categories":[4],"tags":[144],"class_list":["post-16054","post","type-post","status-publish","format-standard","has-post-thumbnail","hentry","category-alicante","tag-castalla"],"aioseo_notices":[],"_links":{"self":[{"href":"https:\/\/www.lafresca.fm\/fresca-api-json\/wp\/v2\/posts\/16054","targetHints":{"allow":["GET"]}}],"collection":[{"href":"https:\/\/www.lafresca.fm\/fresca-api-json\/wp\/v2\/posts"}],"about":[{"href":"https:\/\/www.lafresca.fm\/fresca-api-json\/wp\/v2\/types\/post"}],"author":[{"embeddable":true,"href":"https:\/\/www.lafresca.fm\/fresca-api-json\/wp\/v2\/users\/2"}],"replies":[{"embeddable":true,"href":"https:\/\/www.lafresca.fm\/fresca-api-json\/wp\/v2\/comments?post=16054"}],"version-history":[{"count":2,"href":"https:\/\/www.lafresca.fm\/fresca-api-json\/wp\/v2\/posts\/16054\/revisions"}],"predecessor-version":[{"id":16062,"href":"https:\/\/www.lafresca.fm\/fresca-api-json\/wp\/v2\/posts\/16054\/revisions\/16062"}],"wp:featuredmedia":[{"embeddable":true,"href":"https:\/\/www.lafresca.fm\/fresca-api-json\/wp\/v2\/media\/16055"}],"wp:attachment":[{"href":"https:\/\/www.lafresca.fm\/fresca-api-json\/wp\/v2\/media?parent=16054"}],"wp:term":[{"taxonomy":"category","embeddable":true,"href":"https:\/\/www.lafresca.fm\/fresca-api-json\/wp\/v2\/categories?post=16054"},{"taxonomy":"post_tag","embeddable":true,"href":"https:\/\/www.lafresca.fm\/fresca-api-json\/wp\/v2\/tags?post=16054"}],"curies":[{"name":"wp","href":"https:\/\/api.w.org\/{rel}","templated":true}]}}