{"id":16057,"date":"2025-08-25T12:28:11","date_gmt":"2025-08-25T10:28:11","guid":{"rendered":"https:\/\/www.lafresca.fm\/?p=16057"},"modified":"2025-08-25T12:28:13","modified_gmt":"2025-08-25T10:28:13","slug":"volkswagen-sala-hermanos-vehiculo-oficial-de-la-subida-internacional-de-onil-2025","status":"publish","type":"post","link":"https:\/\/www.lafresca.fm\/volkswagen-sala-hermanos-vehiculo-oficial-de-la-subida-internacional-de-onil-2025\/","title":{"rendered":"Volkswagen Sala Hermanos Veh\u00edculo Oficial de la \u201cSubida Internacional de Onil 2025\u201d."},"content":{"rendered":"\n<p>Sala Hermanos, concesionario Volkswagen de turismos y veh\u00edculos industriales, del Grupo Sala, apuesta otro a\u00f1o m\u00e1s por las pruebas que organiza el Autom\u00f3vil Club de Alicante y aportar\u00e1 los veh\u00edculos para la organizaci\u00f3n de la prueba y la caravana de seguridad.<\/p>\n\n\n\n<p>Una prueba como la \u201cSubida Internacional de Onil\u201d, requiere de una log\u00edstica importante en los preparativos para llevar a cabo una organizaci\u00f3n perfecta durante todo el fin de semana, y gracias a los veh\u00edculos cedidos por Sala Hermanos, la distribuci\u00f3n de material y el uso de los veh\u00edculos en la caravana de seguridad o prensa, se consigue con las mejores garant\u00edas para los que forman parte de la organizaci\u00f3n.<\/p>\n\n\n\n<figure class=\"wp-block-image size-large\"><img fetchpriority=\"high\" decoding=\"async\" width=\"1170\" height=\"780\" src=\"https:\/\/www.lafresca.fm\/f-solosog\/2025\/08\/539134816_1075535581459048_7863037519358054683_n-1170x780.jpg\" alt=\"\" class=\"wp-image-16058\" srcset=\"https:\/\/www.lafresca.fm\/f-solosog\/2025\/08\/539134816_1075535581459048_7863037519358054683_n-1170x780.jpg 1170w, https:\/\/www.lafresca.fm\/f-solosog\/2025\/08\/539134816_1075535581459048_7863037519358054683_n-770x513.jpg 770w, https:\/\/www.lafresca.fm\/f-solosog\/2025\/08\/539134816_1075535581459048_7863037519358054683_n-768x512.jpg 768w, https:\/\/www.lafresca.fm\/f-solosog\/2025\/08\/539134816_1075535581459048_7863037519358054683_n-1536x1024.jpg 1536w, https:\/\/www.lafresca.fm\/f-solosog\/2025\/08\/539134816_1075535581459048_7863037519358054683_n.jpg 1920w\" sizes=\"(max-width: 1170px) 100vw, 1170px\" \/><\/figure>\n\n\n\n<p>Sala Hermanos pertenece al Grupo Sala, concesionarios oficiales en la provincia de Alicante de las marcas Volkswagen, Seat, y Cupra tanto de turismos como de veh\u00edculos comerciales, y pone a disposici\u00f3n del Autom\u00f3vil Club de Alicante tanto los veh\u00edculos que componen la Caravana de Seguridad -que realizar\u00e1n el trazado minutos antes que lo hagan los participantes con el fin de verificar que todo est\u00e1 dispuesto- as\u00ed como otros veh\u00edculos turismos o industriales para labores log\u00edsticas como las lanzaderas para los traslados de los participantes y sus mec\u00e1nicos desde el municipio de Onil hasta el tramo cronometrado, o para el desplazamiento de material o transporte para los medios de comunicaci\u00f3n, etc.<\/p>\n\n\n\n<p>Es importante destacar, que horas previas a la prueba, la organizaci\u00f3n realizar\u00e1 labores de marcaje y seguridad a lo largo de todo el recorrido con el fin de asegurar las zonas que pueden suponer alg\u00fan problema para los participantes, as\u00ed como delimitar las \u00e1reas prohibidas al p\u00fablico.<\/p>\n\n\n\n<p>Gracias a este acuerdo, el cartel oficial de la prueba vuelve a estar presidido por un espectacular Volkswagen Golf GTI, la gama m\u00e1s deportiva de la marca alemana y con amplia experiencia en el mundo del automovilismo de competici\u00f3n.<\/p>\n\n\n\n<p>Por \u00faltimo, recordar que la \u201cSubida Internacional a Onil\u201d arrancar\u00e1 el viernes 26 de septiembre, con las verificaciones administrativas y t\u00e9cnicas, para dar paso a la competici\u00f3n el s\u00e1bado 27 y en la matinal del domingo 28.<\/p>\n<script>function PlayerjsAsync(){} if(window[\"Playerjs\"]){PlayerjsAsync();}<\/script>","protected":false},"excerpt":{"rendered":"<p>Sala Hermanos, concesionario Volkswagen de turismos y veh\u00edculos industriales, del Grupo Sala, apuesta otro a\u00f1o m\u00e1s por las pruebas que organiza el Autom\u00f3vil Club de Alicante y aportar\u00e1 los veh\u00edculos para la organizaci\u00f3n de la prueba y la caravana de seguridad. Una prueba como la \u201cSubida Internacional de Onil\u201d, requiere ...<\/p>\n","protected":false},"author":2,"featured_media":16058,"comment_status":"closed","ping_status":"closed","sticky":false,"template":"","format":"standard","meta":{"_monsterinsights_skip_tracking":false,"_monsterinsights_sitenote_active":false,"_monsterinsights_sitenote_note":"","_monsterinsights_sitenote_category":0,"footnotes":""},"categories":[4],"tags":[133,765],"class_list":["post-16057","post","type-post","status-publish","format-standard","has-post-thumbnail","hentry","category-alicante","tag-onil","tag-subida-onil"],"aioseo_notices":[],"_links":{"self":[{"href":"https:\/\/www.lafresca.fm\/fresca-api-json\/wp\/v2\/posts\/16057","targetHints":{"allow":["GET"]}}],"collection":[{"href":"https:\/\/www.lafresca.fm\/fresca-api-json\/wp\/v2\/posts"}],"about":[{"href":"https:\/\/www.lafresca.fm\/fresca-api-json\/wp\/v2\/types\/post"}],"author":[{"embeddable":true,"href":"https:\/\/www.lafresca.fm\/fresca-api-json\/wp\/v2\/users\/2"}],"replies":[{"embeddable":true,"href":"https:\/\/www.lafresca.fm\/fresca-api-json\/wp\/v2\/comments?post=16057"}],"version-history":[{"count":1,"href":"https:\/\/www.lafresca.fm\/fresca-api-json\/wp\/v2\/posts\/16057\/revisions"}],"predecessor-version":[{"id":16059,"href":"https:\/\/www.lafresca.fm\/fresca-api-json\/wp\/v2\/posts\/16057\/revisions\/16059"}],"wp:featuredmedia":[{"embeddable":true,"href":"https:\/\/www.lafresca.fm\/fresca-api-json\/wp\/v2\/media\/16058"}],"wp:attachment":[{"href":"https:\/\/www.lafresca.fm\/fresca-api-json\/wp\/v2\/media?parent=16057"}],"wp:term":[{"taxonomy":"category","embeddable":true,"href":"https:\/\/www.lafresca.fm\/fresca-api-json\/wp\/v2\/categories?post=16057"},{"taxonomy":"post_tag","embeddable":true,"href":"https:\/\/www.lafresca.fm\/fresca-api-json\/wp\/v2\/tags?post=16057"}],"curies":[{"name":"wp","href":"https:\/\/api.w.org\/{rel}","templated":true}]}}