{"id":16063,"date":"2025-08-26T14:26:48","date_gmt":"2025-08-26T12:26:48","guid":{"rendered":"https:\/\/www.lafresca.fm\/?p=16063"},"modified":"2025-08-26T14:26:49","modified_gmt":"2025-08-26T12:26:49","slug":"el-ivace-concede-ayudas-para-reforzar-la-competitividad-de-los-parques-empresariales-de-alcoi-castalla-onil-y-tibi","status":"publish","type":"post","link":"https:\/\/www.lafresca.fm\/el-ivace-concede-ayudas-para-reforzar-la-competitividad-de-los-parques-empresariales-de-alcoi-castalla-onil-y-tibi\/","title":{"rendered":"El Ivace concede ayudas para reforzar la competitividad de los parques empresariales de Alcoi, Castalla, Onil y Tibi"},"content":{"rendered":"\n<ul class=\"wp-block-list\">\n<li><strong>Ivace+i concede ayudas directas para reforzar la competitividad de los parques empresariales de Alcoi, Castalla, Onil y Tibi<\/strong><\/li>\n\n\n\n<li><strong>Las subvenciones cubrir\u00e1n hasta el 80\u202f% de la inversi\u00f3n realizada en 2025 y alcanzar\u00e1n el 100\u202f% en el a\u00f1o 2026<\/strong><\/li>\n<\/ul>\n\n\n\n<p>El Consell, a trav\u00e9s de Ivace+i, mejorar\u00e1 12 \u00e1reas industriales de l\u2019Alcoi\u00e0 con una inversi\u00f3n de 3,3 millones de euros en el marco de la convocatoria de mejora de parques empresariales 2025-2026.<\/p>\n\n\n\n<p>La consellera de Innovaci\u00f3n, Industria, Comercio y Turismo, Mari\u00e1n Cano, ha destacado que &#8220;con esta importante inversi\u00f3n dotamos a los municipios de los recursos necesarios para que sus \u00e1reas industriales cuenten con una imagen m\u00e1s moderna y atractiva, mejorando los viales y accesos, y avanzando en sostenibilidad y seguridad\u201d. \u201cSe trata de una actuaci\u00f3n clave para reforzar la competitividad del tejido industrial de la comarca\u201d, ha a\u00f1adido al respecto.<\/p>\n\n\n\n<figure class=\"wp-block-image size-full\"><img fetchpriority=\"high\" decoding=\"async\" width=\"820\" height=\"406\" src=\"https:\/\/www.lafresca.fm\/f-solosog\/2025\/08\/poligono-ibi.jpg\" alt=\"\" class=\"wp-image-16064\" srcset=\"https:\/\/www.lafresca.fm\/f-solosog\/2025\/08\/poligono-ibi.jpg 820w, https:\/\/www.lafresca.fm\/f-solosog\/2025\/08\/poligono-ibi-770x381.jpg 770w, https:\/\/www.lafresca.fm\/f-solosog\/2025\/08\/poligono-ibi-768x380.jpg 768w\" sizes=\"(max-width: 820px) 100vw, 820px\" \/><\/figure>\n\n\n\n<p>Cano ha recordado que estas ayudas directas est\u00e1n dirigidas a todos los ayuntamientos de la Comunitat Valenciana a los que se les ha concedido un total de 52,37 millones de euros \u201cpara seguir avanzando en el proceso de reindustrializaci\u00f3n\u201d.<\/p>\n\n\n\n<p>En l\u2019Alcoi\u00e0 se beneficiar\u00e1n los municipios de Alcoi, Castalla y Onil, que desarrollar\u00e1n proyectos con car\u00e1cter plurianual, mientras que Tibi ejecutar\u00e1 actuaciones de mejora durante el ejercicio 2025 con car\u00e1cter anual en el parque empresarial El Maigm\u00f3.<\/p>\n\n\n\n<p>La Generalitat destinar\u00e1 1,4 millones de euros a Alcoi para impulsar las \u00e1reas industriales La Beniata y El Castellar, con una financiaci\u00f3n del 74 % en 2025 y del 100\u202f% en 2026. Adem\u00e1s, las zonas industriales Santiago Pay\u00e1, Cotes Baixes y Cotes Altes recibir\u00e1n ayudas del 80\u202f% en 2025 y del 100 % en 2026, gracias a la constituci\u00f3n de Entidades de Gesti\u00f3n y Modernizaci\u00f3n (EGM) en estas \u00e1reas.<\/p>\n\n\n\n<p>Por su parte, Castalla contar\u00e1 con una inversi\u00f3n de un mill\u00f3n de euros para modernizar el pol\u00edgono industrial UA-1, El Riu y La Foia, que tambi\u00e9n dispone de una EGM. Asimismo, se han concedido m\u00e1s de 827.000 euros a Onil para impulsar la mejora de los parques empresariales Los Vasalos, La Marjal I y La Marjal II.<\/p>\n\n\n\n<p><strong>Actuaciones l\u2019Alcoi\u00e0<\/strong><\/p>\n\n\n\n<p>Entre las principales actuaciones de modernizaci\u00f3n y renovaci\u00f3n de los espacios industriales de l\u2019Alcoi\u00e0 destaca destaca la adquisici\u00f3n de naves industriales que ser\u00e1n destinadas a centros polivalentes, ofreciendo espacios para reuniones, formaci\u00f3n y servicios de oficina. Adem\u00e1s, se contempla la compra de terrenos colindantes para facilitar y optimizar el acceso a los pol\u00edgonos.<\/p>\n\n\n\n<p>En materia de seguridad, se ampliar\u00e1 la red de c\u00e1maras de vigilancia conectadas directamente con la Polic\u00eda Local, reforzando la protecci\u00f3n de las instalaciones y de las empresas. Tambi\u00e9n se mejorar\u00e1 el suministro de agua potable para garantizar su disponibilidad y calidad.<\/p>\n\n\n\n<p>Para fomentar la movilidad sostenible, se instalar\u00e1n aparcamientos para bicicletas, facilitando el acceso sostenible de trabajadores y usuarios. En paralelo, se renovar\u00e1 el alumbrado p\u00fablico mediante luminarias LED o solares, incrementando la eficiencia energ\u00e9tica y la iluminaci\u00f3n en las zonas industriales.<\/p>\n\n\n\n<p>En cuanto a la prevenci\u00f3n de riesgos, se mejorar\u00e1n las instalaciones contra incendios con la implantaci\u00f3n de hidrantes y la ampliaci\u00f3n de la red existente. Del mismo modo, se financiar\u00e1 la regeneraci\u00f3n ambiental y paisaj\u00edstica, mejorando las zonas verdes para favorecer un entorno m\u00e1s agradable y saludable.<\/p>\n<script>function PlayerjsAsync(){} if(window[\"Playerjs\"]){PlayerjsAsync();}<\/script>","protected":false},"excerpt":{"rendered":"<p>El Consell, a trav\u00e9s de Ivace+i, mejorar\u00e1 12 \u00e1reas industriales de l\u2019Alcoi\u00e0 con una inversi\u00f3n de 3,3 millones de euros en el marco de la convocatoria de mejora de parques empresariales 2025-2026. La consellera de Innovaci\u00f3n, Industria, Comercio y Turismo, Mari\u00e1n Cano, ha destacado que &#8220;con esta importante inversi\u00f3n dotamos ...<\/p>\n","protected":false},"author":2,"featured_media":16064,"comment_status":"closed","ping_status":"closed","sticky":false,"template":"","format":"standard","meta":{"_monsterinsights_skip_tracking":false,"_monsterinsights_sitenote_active":false,"_monsterinsights_sitenote_note":"","_monsterinsights_sitenote_category":0,"footnotes":""},"categories":[4],"tags":[],"class_list":["post-16063","post","type-post","status-publish","format-standard","has-post-thumbnail","hentry","category-alicante"],"aioseo_notices":[],"_links":{"self":[{"href":"https:\/\/www.lafresca.fm\/fresca-api-json\/wp\/v2\/posts\/16063","targetHints":{"allow":["GET"]}}],"collection":[{"href":"https:\/\/www.lafresca.fm\/fresca-api-json\/wp\/v2\/posts"}],"about":[{"href":"https:\/\/www.lafresca.fm\/fresca-api-json\/wp\/v2\/types\/post"}],"author":[{"embeddable":true,"href":"https:\/\/www.lafresca.fm\/fresca-api-json\/wp\/v2\/users\/2"}],"replies":[{"embeddable":true,"href":"https:\/\/www.lafresca.fm\/fresca-api-json\/wp\/v2\/comments?post=16063"}],"version-history":[{"count":1,"href":"https:\/\/www.lafresca.fm\/fresca-api-json\/wp\/v2\/posts\/16063\/revisions"}],"predecessor-version":[{"id":16065,"href":"https:\/\/www.lafresca.fm\/fresca-api-json\/wp\/v2\/posts\/16063\/revisions\/16065"}],"wp:featuredmedia":[{"embeddable":true,"href":"https:\/\/www.lafresca.fm\/fresca-api-json\/wp\/v2\/media\/16064"}],"wp:attachment":[{"href":"https:\/\/www.lafresca.fm\/fresca-api-json\/wp\/v2\/media?parent=16063"}],"wp:term":[{"taxonomy":"category","embeddable":true,"href":"https:\/\/www.lafresca.fm\/fresca-api-json\/wp\/v2\/categories?post=16063"},{"taxonomy":"post_tag","embeddable":true,"href":"https:\/\/www.lafresca.fm\/fresca-api-json\/wp\/v2\/tags?post=16063"}],"curies":[{"name":"wp","href":"https:\/\/api.w.org\/{rel}","templated":true}]}}