{"id":16066,"date":"2025-08-26T15:31:04","date_gmt":"2025-08-26T13:31:04","guid":{"rendered":"https:\/\/www.lafresca.fm\/?p=16066"},"modified":"2025-08-26T15:31:06","modified_gmt":"2025-08-26T13:31:06","slug":"se-celebra-la-junta-local-de-seguridad-ciudadana-previa-a-las-fiestas-de-moros-y-cristianos-de-ibi-2025","status":"publish","type":"post","link":"https:\/\/www.lafresca.fm\/se-celebra-la-junta-local-de-seguridad-ciudadana-previa-a-las-fiestas-de-moros-y-cristianos-de-ibi-2025\/","title":{"rendered":"Se celebra la Junta Local de Seguridad Ciudadana previa a las Fiestas de Moros y Cristianos de Ibi 2025"},"content":{"rendered":"\n<ul class=\"wp-block-list\">\n<li>A ella han asistido el subdelegado del gobierno en Alicante, Juan Antonio Nieves Mart\u00ednez, y los responsables de los diferentes cuerpos de seguridad implicados en la seguridad de la localidad durante los d\u00edas de fiestas.<\/li>\n<\/ul>\n\n\n\n<p>El Ayuntamiento de Ibi ha celebrado esta misma ma\u00f1ana la Junta Local de Serguridad Ciudadana previa a las Fiestas de Moros y Cristianos de Ibi 2025, con la presencia del subdelegado del gobierno en Alicante, Juan Antonio Nieves Mart\u00ednez; el alcalde de Ibi, Sergio Carrasco Mart\u00ednez; la vicealcaldesa y concejal de Fiestas, Aitana Gandia; el jefe operativo de la Unidad Provincial de Alicante de la Polic\u00eda Auton\u00f3mica, el inspector D. Jos\u00e9 Antonio Fern\u00e1ndez De La Due\u00f1a; el jefe accidental de la Comandancia de la Guardia Civil, el teniente coronel D. Antonio Darder; el jefe accidental de la Compa\u00f1\u00eda en Ibi, el comandante D. Antonio Garate; la jefa del Paprona de Alicante, la capit\u00e1n D\u00f1a. Mar\u00eda Pellicer; el jefe accidental del Puesto de la Guardia Civil en Ibi, el sargento D. \u00c1ngel Rocamora; el jefe de Seguridad Ciudadana del Cuerpo Nacional de Polic\u00eda, el inspector jefe D. Jes\u00fas S\u00e1nchez, as\u00ed como la jefa accidental de la Polic\u00eda Local de Ibi, Elvira Vidal Sempere. En cuanto a representantes de Igualdad y VioGen, tambi\u00e9n ha asistido Eva Montesinos, jefa de la Unidad Contra la Violencia sobre la Mujer de Alicante y la teniente de alcalde de Servicios Sociales e Igualdad del Ayuntamiento de Ibi, Montse Agull\u00f3.<\/p>\n\n\n\n<figure class=\"wp-block-image size-large\"><img fetchpriority=\"high\" decoding=\"async\" width=\"878\" height=\"1170\" src=\"https:\/\/www.lafresca.fm\/f-solosog\/2025\/08\/Junta-Local-Seguridad-878x1170.jpeg\" alt=\"\" class=\"wp-image-16067\" srcset=\"https:\/\/www.lafresca.fm\/f-solosog\/2025\/08\/Junta-Local-Seguridad-878x1170.jpeg 878w, https:\/\/www.lafresca.fm\/f-solosog\/2025\/08\/Junta-Local-Seguridad-578x770.jpeg 578w, https:\/\/www.lafresca.fm\/f-solosog\/2025\/08\/Junta-Local-Seguridad-768x1024.jpeg 768w, https:\/\/www.lafresca.fm\/f-solosog\/2025\/08\/Junta-Local-Seguridad-1152x1536.jpeg 1152w, https:\/\/www.lafresca.fm\/f-solosog\/2025\/08\/Junta-Local-Seguridad.jpeg 1200w\" sizes=\"(max-width: 878px) 100vw, 878px\" \/><\/figure>\n\n\n\n<p>En la reuni\u00f3n se han tratado temas relativos a la seguridad ciudadana con el foco en el despliegue de dispositivos que garanticen la seguridad durante la celebraci\u00f3n de las Fiestas de Moros y Cristianos de Ibi y sus d\u00edas previos. En ese sentido, la localidad va a poder contar con un refuerzo de la Polic\u00eda Local de m\u00e1s de 100 efectivos en total para cubrir con m\u00e1s agentes todos los turnos, a los que se a\u00f1ade el refuerzo de la Polic\u00eda Auton\u00f3mica para la Verbena del Fester, el s\u00e1bado 6 de septiembre, y dos patrullas m\u00e1s de la Guardia Civil para el viernes 12 y s\u00e1bado 13 de septiembre, con especial apoyo en las partidas rurales y barrios perif\u00e9ricos y diseminados.<\/p>\n\n\n\n<p>En otro orden de cosas, seg\u00fan informes presentados por los diferentes organismos, se ha detectado un aumento del 4% de la delicuencia, sobre todo, debido al aumento del porcentaje de un 22% de ciberdelicuencia. Que, aunque est\u00e1 muy por debajo de la media, s\u00ed que preocupa dada la cantidad de personas vulnerables a este tipo de delincuencia y fraude por internet. En este sentido, tanto Ayuntamiento com Guardia Civil van a continuar organizando charlas dirigidas a la ciudadan\u00eda con las que poder prevenir este tipo de estafa que puede afectar a personas de todas las edades. Por otro lado, ha habido un descenso del 2% en robos y acciones similares, muy por debajo de la media.<\/p>\n\n\n\n<p>Para la prevenci\u00f3n de agresiones de car\u00e1cter sexual, se ha explicado la existencia de Puntos Violeta en diferentes puntos del centro urbano durante el transcurso de las fiestas. Son los puntos organizados desde las concejal\u00edas de Servicios Sociales e Igualdad del Ayuntamiento de Ibi y con la colaboraci\u00f3n y dinamizaci\u00f3n por parte de la Cruz Roja Ibi, Onil, Castalla y Tibi, cuyo objetivo es el de informar, prevenir y servir como puntos de apoyo a los que acudir ante cualquier incidencia o duda.<\/p>\n\n\n\n<p>En cuanto a esta \u00faltima cuesti\u00f3n, se han tratado el llamativo y preocupante aumento de casos de violencia de g\u00e9nero en la localidad. En la actualidad, Ibi contabiliza 101 casos de violencia de g\u00e9nero, un 30% m\u00e1s respecto al a\u00f1o anterior. Se trata de una preocupaci\u00f3n constante que se debe continuar abordando desde el consistorio y, en ese sentido, Ayuntamiento de Ibi y Guardia Civil han renovado la firma de colaboraci\u00f3n para seguir trabajando conjuntamente en temas relacionados con la violencia de g\u00e9nero y por la seguridad de las v\u00edctimas, as\u00ed como promocionar acciones informativas y de difusi\u00f3n durante todo el a\u00f1o.<\/p>\n\n\n\n<p>Sergio Carrasco, alcalde de Ibi, ha aprovechado la ocasi\u00f3n para \u201cdar las gracias, en primer lugar, a las fuerzas y seguridad involucradas en la extinci\u00f3n del incendio en Ibi del pasado mes de julio, as\u00ed como al Seprona por las diligencias que se han presentado en el juzgado. Y, por otra parte, la presencia a la reuni\u00f3n del subdelegado del gobierno, Juan Antonio Nieves, y del resto de miembros de la Junta, as\u00ed como por toda la colaboraci\u00f3n recibida y el aumento de efectivos que har\u00e1 posible que Ibi tenga unas fiestas seguras\u201d<\/p>\n<script>function PlayerjsAsync(){} if(window[\"Playerjs\"]){PlayerjsAsync();}<\/script>","protected":false},"excerpt":{"rendered":"<p>El Ayuntamiento de Ibi ha celebrado esta misma ma\u00f1ana la Junta Local de Serguridad Ciudadana previa a las Fiestas de Moros y Cristianos de Ibi 2025, con la presencia del subdelegado del gobierno en Alicante, Juan Antonio Nieves Mart\u00ednez; el alcalde de Ibi, Sergio Carrasco Mart\u00ednez; la vicealcaldesa y concejal ...<\/p>\n","protected":false},"author":2,"featured_media":16067,"comment_status":"closed","ping_status":"closed","sticky":false,"template":"","format":"standard","meta":{"_monsterinsights_skip_tracking":false,"_monsterinsights_sitenote_active":false,"_monsterinsights_sitenote_note":"","_monsterinsights_sitenote_category":0,"footnotes":""},"categories":[4],"tags":[128],"class_list":["post-16066","post","type-post","status-publish","format-standard","has-post-thumbnail","hentry","category-alicante","tag-ibi"],"aioseo_notices":[],"_links":{"self":[{"href":"https:\/\/www.lafresca.fm\/fresca-api-json\/wp\/v2\/posts\/16066","targetHints":{"allow":["GET"]}}],"collection":[{"href":"https:\/\/www.lafresca.fm\/fresca-api-json\/wp\/v2\/posts"}],"about":[{"href":"https:\/\/www.lafresca.fm\/fresca-api-json\/wp\/v2\/types\/post"}],"author":[{"embeddable":true,"href":"https:\/\/www.lafresca.fm\/fresca-api-json\/wp\/v2\/users\/2"}],"replies":[{"embeddable":true,"href":"https:\/\/www.lafresca.fm\/fresca-api-json\/wp\/v2\/comments?post=16066"}],"version-history":[{"count":1,"href":"https:\/\/www.lafresca.fm\/fresca-api-json\/wp\/v2\/posts\/16066\/revisions"}],"predecessor-version":[{"id":16068,"href":"https:\/\/www.lafresca.fm\/fresca-api-json\/wp\/v2\/posts\/16066\/revisions\/16068"}],"wp:featuredmedia":[{"embeddable":true,"href":"https:\/\/www.lafresca.fm\/fresca-api-json\/wp\/v2\/media\/16067"}],"wp:attachment":[{"href":"https:\/\/www.lafresca.fm\/fresca-api-json\/wp\/v2\/media?parent=16066"}],"wp:term":[{"taxonomy":"category","embeddable":true,"href":"https:\/\/www.lafresca.fm\/fresca-api-json\/wp\/v2\/categories?post=16066"},{"taxonomy":"post_tag","embeddable":true,"href":"https:\/\/www.lafresca.fm\/fresca-api-json\/wp\/v2\/tags?post=16066"}],"curies":[{"name":"wp","href":"https:\/\/api.w.org\/{rel}","templated":true}]}}