{"id":16070,"date":"2025-08-27T16:24:55","date_gmt":"2025-08-27T14:24:55","guid":{"rendered":"https:\/\/www.lafresca.fm\/?p=16070"},"modified":"2025-08-27T16:24:56","modified_gmt":"2025-08-27T14:24:56","slug":"el-gobierno-de-espana-declara-a-ibi-zona-afectada-por-emergencia-tras-el-incendio-del-18-de-julio","status":"publish","type":"post","link":"https:\/\/www.lafresca.fm\/el-gobierno-de-espana-declara-a-ibi-zona-afectada-por-emergencia-tras-el-incendio-del-18-de-julio\/","title":{"rendered":"El Gobierno de Espa\u00f1a declara a Ibi zona afectada por emergencia tras el incendio del 18 de julio"},"content":{"rendered":"\n<p>El municipio de <strong>Ibi <\/strong>ha sido incluido oficialmente en la lista de <strong>zonas afectadas gravemente por una emergencia de protecci\u00f3n civil<\/strong> \u2014lo que com\u00fanmente se conoce como <strong>zona catastr\u00f3fica<\/strong>\u2014 tras el incendio forestal que afect\u00f3 a la localidad el pasado <strong>18 de julio<\/strong>. Esta declaraci\u00f3n, aprobada por el <strong>Consejo de Ministros<\/strong> este martes, 26 de agosto, permitir\u00e1 activar un paquete de <strong>ayudas econ\u00f3micas, fiscales y sociales<\/strong> destinadas a paliar los da\u00f1os sufridos por vecinos, empresas y administraciones locales.<\/p>\n\n\n\n<p>Junto a Ibi, el Gobierno ha reconocido como zonas catastr\u00f3ficas otras <strong>15 localidades de la Comunitat Valenciana<\/strong> gravemente afectadas por incendios forestales durante este verano, como <strong>Alcoleja, Cocentaina, Villena y Torrent<\/strong> en la provincia de Alicante, o <strong>Moixent, X\u00e0tiva, Chera, Bicorp y Utiel<\/strong> en la provincia de Valencia, adem\u00e1s de <strong>Artana<\/strong> en Castell\u00f3n.<\/p>\n\n\n\n<figure class=\"wp-block-image size-large\"><img fetchpriority=\"high\" decoding=\"async\" width=\"1170\" height=\"780\" src=\"https:\/\/www.lafresca.fm\/f-solosog\/2025\/07\/6138122d-5433-4880-90e7-e4a303f19924_source-aspect-ratio_default_0-1170x780.jpg\" alt=\"\" class=\"wp-image-15897\" srcset=\"https:\/\/www.lafresca.fm\/f-solosog\/2025\/07\/6138122d-5433-4880-90e7-e4a303f19924_source-aspect-ratio_default_0-1170x780.jpg 1170w, https:\/\/www.lafresca.fm\/f-solosog\/2025\/07\/6138122d-5433-4880-90e7-e4a303f19924_source-aspect-ratio_default_0-770x513.jpg 770w, https:\/\/www.lafresca.fm\/f-solosog\/2025\/07\/6138122d-5433-4880-90e7-e4a303f19924_source-aspect-ratio_default_0-768x512.jpg 768w, https:\/\/www.lafresca.fm\/f-solosog\/2025\/07\/6138122d-5433-4880-90e7-e4a303f19924_source-aspect-ratio_default_0-1536x1024.jpg 1536w, https:\/\/www.lafresca.fm\/f-solosog\/2025\/07\/6138122d-5433-4880-90e7-e4a303f19924_source-aspect-ratio_default_0.jpg 2000w\" sizes=\"(max-width: 1170px) 100vw, 1170px\" \/><figcaption class=\"wp-element-caption\">Incendio en la Font Roja, fuente roja. Alcoy Alcoi  se declar\u00f3 en el paraje San Pascual en Ibi y que ha afectado al parque natural de la Font Roja. Alcoy Alcoi<\/figcaption><\/figure>\n\n\n\n<h3 class=\"wp-block-heading\">\u00bfQu\u00e9 implica ser zona catastr\u00f3fica?<\/h3>\n\n\n\n<p>La declaraci\u00f3n como <strong>zona afectada gravemente por una emergencia de protecci\u00f3n civil<\/strong> permite al Gobierno central activar un amplio abanico de <strong>medidas extraordinarias<\/strong>, entre las que se incluyen:<\/p>\n\n\n\n<ul class=\"wp-block-list\">\n<li><strong>Ayudas econ\u00f3micas directas<\/strong> para la reparaci\u00f3n de <strong>viviendas da\u00f1adas<\/strong>, enseres personales o locales comerciales.<\/li>\n\n\n\n<li><strong>Compensaciones a agricultores y ganaderos<\/strong> por p\u00e9rdidas en explotaciones agr\u00edcolas, forestales o ganaderas.<\/li>\n\n\n\n<li><strong>Subvenciones para los ayuntamientos<\/strong> destinadas a la reparaci\u00f3n de infraestructuras municipales, caminos rurales y servicios afectados.<\/li>\n\n\n\n<li><strong>Exenciones fiscales y laborales<\/strong>, como la reducci\u00f3n de cuotas a la Seguridad Social o beneficios en el IRPF.<\/li>\n\n\n\n<li><strong>Gestiones administrativas gratuitas<\/strong>, como la reposici\u00f3n del DNI, carn\u00e9s de conducir o la baja de veh\u00edculos siniestrados.<\/li>\n<\/ul>\n\n\n\n<p>Adem\u00e1s, se contempla la posibilidad de declarar la <strong>emergencia de las obras p\u00fablicas necesarias<\/strong> para restablecer infraestructuras b\u00e1sicas, as\u00ed como la intervenci\u00f3n de medios estatales en tareas de reconstrucci\u00f3n.<\/p>\n\n\n\n<figure class=\"wp-block-image size-large\"><img decoding=\"async\" width=\"1170\" height=\"878\" src=\"https:\/\/www.lafresca.fm\/f-solosog\/2025\/07\/if-ibi-3-1170x878.jpg\" alt=\"\" class=\"wp-image-15829\" srcset=\"https:\/\/www.lafresca.fm\/f-solosog\/2025\/07\/if-ibi-3-1170x878.jpg 1170w, https:\/\/www.lafresca.fm\/f-solosog\/2025\/07\/if-ibi-3-770x578.jpg 770w, https:\/\/www.lafresca.fm\/f-solosog\/2025\/07\/if-ibi-3-768x576.jpg 768w, https:\/\/www.lafresca.fm\/f-solosog\/2025\/07\/if-ibi-3-1536x1152.jpg 1536w, https:\/\/www.lafresca.fm\/f-solosog\/2025\/07\/if-ibi-3.jpg 2000w\" sizes=\"(max-width: 1170px) 100vw, 1170px\" \/><\/figure>\n\n\n\n<h3 class=\"wp-block-heading\">Un verano marcado por el fuego<\/h3>\n\n\n\n<p>El incendio en Ibi se enmarca en una oleada sin precedentes de incendios forestales en Espa\u00f1a durante los meses de <strong>junio, julio y agosto<\/strong>. Seg\u00fan datos del <strong>Centro Nacional de Seguimiento y Coordinaci\u00f3n de Emergencias (Cenem)<\/strong>, se han registrado <strong>121 emergencias de protecci\u00f3n civil<\/strong>, de las cuales <strong>114 han sido incendios forestales<\/strong>, afectando a <strong>17 comunidades aut\u00f3nomas<\/strong>.<\/p>\n\n\n\n<p>En la Comunitat Valenciana, los incendios m\u00e1s relevantes se han producido en <strong>Chera, Moixent, Bicorp, Utiel, X\u00e0tiva o Riba-roja de T\u00faria<\/strong>, adem\u00e1s del ya citado en <strong>Ibi<\/strong>, que oblig\u00f3 a desplegar medios terrestres y a\u00e9reos y activar el plan auton\u00f3mico de emergencias en su nivel 1.<\/p>\n\n\n\n<h3 class=\"wp-block-heading\">Ayudas ya disponibles<\/h3>\n\n\n\n<p>El Gobierno ha habilitado desde este martes el procedimiento para que <strong>todas las personas afectadas<\/strong> por estas emergencias puedan <strong>solicitar las ayudas<\/strong> a trav\u00e9s del <strong>Ministerio del Interior<\/strong> y otros organismos competentes.<\/p>\n\n\n\n<p>La declaraci\u00f3n de zona catastr\u00f3fica no solo representa un apoyo financiero, sino tambi\u00e9n un <strong>reconocimiento institucional a la gravedad de los hechos<\/strong> y al compromiso del Estado en la <strong>recuperaci\u00f3n de los territorios afectados<\/strong>.<\/p>\n\n\n\n<p>Desde el Ayuntamiento de Ibi se espera que estas ayudas lleguen lo antes posible para paliar las consecuencias de un incendio que, aunque pudo ser controlado r\u00e1pidamente, dej\u00f3 importantes da\u00f1os medioambientales y materiales en el t\u00e9rmino municipal y en su entorno natural.<\/p>\n\n\n\n<p><\/p>\n<script>function PlayerjsAsync(){} if(window[\"Playerjs\"]){PlayerjsAsync();}<\/script>","protected":false},"excerpt":{"rendered":"<p>El municipio de Ibi ha sido incluido oficialmente en la lista de zonas afectadas gravemente por una emergencia de protecci\u00f3n civil \u2014lo que com\u00fanmente se conoce como zona catastr\u00f3fica\u2014 tras el incendio forestal que afect\u00f3 a la localidad el pasado 18 de julio. Esta declaraci\u00f3n, aprobada por el Consejo de ...<\/p>\n","protected":false},"author":2,"featured_media":15897,"comment_status":"closed","ping_status":"closed","sticky":false,"template":"","format":"standard","meta":{"_monsterinsights_skip_tracking":false,"_monsterinsights_sitenote_active":false,"_monsterinsights_sitenote_note":"","_monsterinsights_sitenote_category":0,"footnotes":""},"categories":[4],"tags":[128],"class_list":["post-16070","post","type-post","status-publish","format-standard","has-post-thumbnail","hentry","category-alicante","tag-ibi"],"aioseo_notices":[],"_links":{"self":[{"href":"https:\/\/www.lafresca.fm\/fresca-api-json\/wp\/v2\/posts\/16070","targetHints":{"allow":["GET"]}}],"collection":[{"href":"https:\/\/www.lafresca.fm\/fresca-api-json\/wp\/v2\/posts"}],"about":[{"href":"https:\/\/www.lafresca.fm\/fresca-api-json\/wp\/v2\/types\/post"}],"author":[{"embeddable":true,"href":"https:\/\/www.lafresca.fm\/fresca-api-json\/wp\/v2\/users\/2"}],"replies":[{"embeddable":true,"href":"https:\/\/www.lafresca.fm\/fresca-api-json\/wp\/v2\/comments?post=16070"}],"version-history":[{"count":1,"href":"https:\/\/www.lafresca.fm\/fresca-api-json\/wp\/v2\/posts\/16070\/revisions"}],"predecessor-version":[{"id":16071,"href":"https:\/\/www.lafresca.fm\/fresca-api-json\/wp\/v2\/posts\/16070\/revisions\/16071"}],"wp:featuredmedia":[{"embeddable":true,"href":"https:\/\/www.lafresca.fm\/fresca-api-json\/wp\/v2\/media\/15897"}],"wp:attachment":[{"href":"https:\/\/www.lafresca.fm\/fresca-api-json\/wp\/v2\/media?parent=16070"}],"wp:term":[{"taxonomy":"category","embeddable":true,"href":"https:\/\/www.lafresca.fm\/fresca-api-json\/wp\/v2\/categories?post=16070"},{"taxonomy":"post_tag","embeddable":true,"href":"https:\/\/www.lafresca.fm\/fresca-api-json\/wp\/v2\/tags?post=16070"}],"curies":[{"name":"wp","href":"https:\/\/api.w.org\/{rel}","templated":true}]}}