{"id":16072,"date":"2025-08-28T10:23:15","date_gmt":"2025-08-28T08:23:15","guid":{"rendered":"https:\/\/www.lafresca.fm\/?p=16072"},"modified":"2025-08-28T10:23:17","modified_gmt":"2025-08-28T08:23:17","slug":"cuenta-atras-en-marcha-onil-es-mostra-y-la-subida-de-onil-llegan-en-septiembre-mas-potentes-que-nunca","status":"publish","type":"post","link":"https:\/\/www.lafresca.fm\/cuenta-atras-en-marcha-onil-es-mostra-y-la-subida-de-onil-llegan-en-septiembre-mas-potentes-que-nunca\/","title":{"rendered":"Cuenta atr\u00e1s en marcha: Onil es Mostra y la Subida de Onil llegan en septiembre m\u00e1s potentes que nunca"},"content":{"rendered":"\n<p><a><\/a>Falta apenas un mes para que d\u00e9 comienzo ONIL ES MOSTRA 2025, la feria que, a\u00f1o tras a\u00f1o, se ha consolidado como uno de los eventos culturales, tur\u00edsticos y comerciales m\u00e1s importantes de Onil y de toda la comarca. Esta nueva edici\u00f3n, que se celebrar\u00e1 los d\u00edas 26, 27 y 28 de septiembre, llega con m\u00e1s ilusi\u00f3n que nunca, con el orgullo de celebrar el d\u00e9cimo aniversario de un proyecto que ha sabido crecer y evolucionar, manteniendo siempre la esencia que lo caracteriza.<\/p>\n\n\n\n<p>Durante tres d\u00edas, las calles de Onil se llenar\u00e1n de vida, con una amplia oferta de actividades para todos los p\u00fablicos. Desde su primera edici\u00f3n, ONIL ES MOSTRA se ha convertido en un escaparate para las asociaciones locales, comercios, gastronom\u00eda, cultura y turismo, pero este a\u00f1o dar\u00e1 un paso m\u00e1s con propuestas innovadoras que prometen sorprender a vecinos y visitantes.<\/p>\n\n\n\n<figure class=\"wp-block-image size-large\"><img fetchpriority=\"high\" decoding=\"async\" width=\"828\" height=\"1170\" src=\"https:\/\/www.lafresca.fm\/f-solosog\/2025\/08\/onil-es-mostra-25-828x1170.jpg\" alt=\"\" class=\"wp-image-16074\" srcset=\"https:\/\/www.lafresca.fm\/f-solosog\/2025\/08\/onil-es-mostra-25-828x1170.jpg 828w, https:\/\/www.lafresca.fm\/f-solosog\/2025\/08\/onil-es-mostra-25-545x770.jpg 545w, https:\/\/www.lafresca.fm\/f-solosog\/2025\/08\/onil-es-mostra-25-768x1086.jpg 768w, https:\/\/www.lafresca.fm\/f-solosog\/2025\/08\/onil-es-mostra-25-1086x1536.jpg 1086w, https:\/\/www.lafresca.fm\/f-solosog\/2025\/08\/onil-es-mostra-25.jpg 1131w\" sizes=\"(max-width: 828px) 100vw, 828px\" \/><\/figure>\n\n\n\n<p>Uno de los grandes protagonistas de esta edici\u00f3n ser\u00e1, sin duda, la mu\u00f1eca, el s\u00edmbolo m\u00e1s representativo de Onil a nivel nacional e internacional. Esta industria, que forma parte de la identidad y la historia del municipio, tendr\u00e1 un papel central en la programaci\u00f3n, con exposiciones, talleres, visitas guiadas y actividades especiales que pondr\u00e1n en valor su tradici\u00f3n, creatividad y proyecci\u00f3n futura.<\/p>\n\n\n\n<p>Adem\u00e1s, por segundo a\u00f1o consecutivo, coincidiendo con la feria, se celebrar\u00e1 la Subida Internacional a Onil, una emocionante prueba automovil\u00edstica que ya en 2024 atrajo a numerosos aficionados y turistas, convirti\u00e9ndose en uno de los grandes atractivos del fin de semana. Este evento deportivo refuerza el car\u00e1cter din\u00e1mico y diverso de la feria, ofreciendo una experiencia \u00fanica para quienes buscan adrenalina y espect\u00e1culo.<\/p>\n\n\n\n<p>Desde la organizaci\u00f3n destacan que el objetivo de esta edici\u00f3n es ofrecer un programa diverso, atractivo y participativo, pensado para todos los p\u00fablicos: desde las familias que desean disfrutar de actividades infantiles y culturales, hasta los visitantes interesados en la gastronom\u00eda, el comercio o el deporte. Pr\u00f3ximamente se dar\u00e1 a conocer el programa oficial, que incluir\u00e1 conciertos, degustaciones gastron\u00f3micas, exposiciones, talleres y actuaciones en directo, consolidando el car\u00e1cter festivo y plural que distingue a ONIL ES MOSTRA.<\/p>\n\n\n\n<p>El Ayuntamiento de Onil, junto con las asociaciones y comercios locales, invita a vecinos, turistas y curiosos a disfrutar de un fin de semana inolvidable, en el que se celebrar\u00e1 no solo el presente y el futuro de la localidad, sino tambi\u00e9n su cultura, su historia y su capacidad de innovar y sorprender.<\/p>\n\n\n\n<figure class=\"wp-block-video\"><video height=\"848\" style=\"aspect-ratio: 480 \/ 848;\" width=\"480\" controls src=\"https:\/\/www.lafresca.fm\/f-solosog\/2025\/08\/WhatsApp-Video-2025-08-26-at-12.54.00.mp4\"><\/video><\/figure>\n<script>function PlayerjsAsync(){} if(window[\"Playerjs\"]){PlayerjsAsync();}<\/script>","protected":false},"excerpt":{"rendered":"<p>Falta apenas un mes para que d\u00e9 comienzo ONIL ES MOSTRA 2025, la feria que, a\u00f1o tras a\u00f1o, se ha consolidado como uno de los eventos culturales, tur\u00edsticos y comerciales m\u00e1s importantes de Onil y de toda la comarca. Esta nueva edici\u00f3n, que se celebrar\u00e1 los d\u00edas 26, 27 y ...<\/p>\n","protected":false},"author":2,"featured_media":16074,"comment_status":"closed","ping_status":"closed","sticky":false,"template":"","format":"standard","meta":{"_monsterinsights_skip_tracking":false,"_monsterinsights_sitenote_active":false,"_monsterinsights_sitenote_note":"","_monsterinsights_sitenote_category":0,"footnotes":""},"categories":[4],"tags":[133],"class_list":["post-16072","post","type-post","status-publish","format-standard","has-post-thumbnail","hentry","category-alicante","tag-onil"],"aioseo_notices":[],"_links":{"self":[{"href":"https:\/\/www.lafresca.fm\/fresca-api-json\/wp\/v2\/posts\/16072","targetHints":{"allow":["GET"]}}],"collection":[{"href":"https:\/\/www.lafresca.fm\/fresca-api-json\/wp\/v2\/posts"}],"about":[{"href":"https:\/\/www.lafresca.fm\/fresca-api-json\/wp\/v2\/types\/post"}],"author":[{"embeddable":true,"href":"https:\/\/www.lafresca.fm\/fresca-api-json\/wp\/v2\/users\/2"}],"replies":[{"embeddable":true,"href":"https:\/\/www.lafresca.fm\/fresca-api-json\/wp\/v2\/comments?post=16072"}],"version-history":[{"count":1,"href":"https:\/\/www.lafresca.fm\/fresca-api-json\/wp\/v2\/posts\/16072\/revisions"}],"predecessor-version":[{"id":16076,"href":"https:\/\/www.lafresca.fm\/fresca-api-json\/wp\/v2\/posts\/16072\/revisions\/16076"}],"wp:featuredmedia":[{"embeddable":true,"href":"https:\/\/www.lafresca.fm\/fresca-api-json\/wp\/v2\/media\/16074"}],"wp:attachment":[{"href":"https:\/\/www.lafresca.fm\/fresca-api-json\/wp\/v2\/media?parent=16072"}],"wp:term":[{"taxonomy":"category","embeddable":true,"href":"https:\/\/www.lafresca.fm\/fresca-api-json\/wp\/v2\/categories?post=16072"},{"taxonomy":"post_tag","embeddable":true,"href":"https:\/\/www.lafresca.fm\/fresca-api-json\/wp\/v2\/tags?post=16072"}],"curies":[{"name":"wp","href":"https:\/\/api.w.org\/{rel}","templated":true}]}}