{"id":16077,"date":"2025-08-28T10:42:44","date_gmt":"2025-08-28T08:42:44","guid":{"rendered":"https:\/\/www.lafresca.fm\/?p=16077"},"modified":"2025-08-28T10:42:45","modified_gmt":"2025-08-28T08:42:45","slug":"la-ibense-nerea-llinares-convocada-por-la-seleccion-espanola-para-disputar-la-eurocopa-u15-mixta-de-flag-football-de-austria","status":"publish","type":"post","link":"https:\/\/www.lafresca.fm\/la-ibense-nerea-llinares-convocada-por-la-seleccion-espanola-para-disputar-la-eurocopa-u15-mixta-de-flag-football-de-austria\/","title":{"rendered":"La ibense Nerea Llinares, convocada por la Selecci\u00f3n Espa\u00f1ola para disputar la Eurocopa U15 Mixta de Flag Football de Austria"},"content":{"rendered":"\n<p>La joven jugadora ibense <strong>Nerea Llinares<\/strong> ha sido convocada por la <strong>Selecci\u00f3n Espa\u00f1ola de Flag Football<\/strong> para participar en la pr\u00f3xima <strong>Eurocopa U15 Mixta<\/strong>, que se celebrar\u00e1 del <strong>3 al 7 de septiembre<\/strong> en <strong>Innsbruck, Austria<\/strong>.<\/p>\n\n\n\n<p>La competici\u00f3n tendr\u00e1 lugar en dos sedes de la capital tirolesa: el <strong>American Football Zentrum Innsbruck<\/strong> y la <strong>Sportanlage Wiesengasse<\/strong>. Tras la <strong>ceremonia de apertura<\/strong> el d\u00eda 3, la <strong>fase de grupos<\/strong> se disputar\u00e1 los d\u00edas 4 y 5 de septiembre, mientras que el s\u00e1bado 6 se celebrar\u00e1n los <strong>encuentros por las medallas<\/strong> y la clasificaci\u00f3n final. <\/p>\n\n\n\n<figure class=\"wp-block-image size-large\"><img fetchpriority=\"high\" decoding=\"async\" width=\"936\" height=\"1170\" src=\"https:\/\/www.lafresca.fm\/f-solosog\/2025\/08\/nerea-llinares-936x1170.jpg\" alt=\"\" class=\"wp-image-16078\" srcset=\"https:\/\/www.lafresca.fm\/f-solosog\/2025\/08\/nerea-llinares-936x1170.jpg 936w, https:\/\/www.lafresca.fm\/f-solosog\/2025\/08\/nerea-llinares-616x770.jpg 616w, https:\/\/www.lafresca.fm\/f-solosog\/2025\/08\/nerea-llinares-768x960.jpg 768w, https:\/\/www.lafresca.fm\/f-solosog\/2025\/08\/nerea-llinares.jpg 1200w\" sizes=\"(max-width: 936px) 100vw, 936px\" \/><\/figure>\n\n\n\n<p>Nerea, que se inici\u00f3 en este deporte en el <strong>Club Industriales Ibi<\/strong>, es un claro ejemplo del talento emergente en el Flag Football nacional. Su evoluci\u00f3n ha sido constante desde sus primeros pasos, y ya ha formado parte de <strong>anteriores convocatorias con la selecci\u00f3n espa\u00f1ola<\/strong>, consolid\u00e1ndose como una de las jugadoras m\u00e1s prometedoras de su categor\u00eda.<\/p>\n\n\n\n<p>El <strong>Flag Football<\/strong> es una modalidad sin contacto del f\u00fatbol americano que destaca por su velocidad, t\u00e1ctica y car\u00e1cter inclusivo, ya que en las categor\u00edas mixtas chicos y chicas compiten juntos. Su crecimiento en Espa\u00f1a ha sido notable en los \u00faltimos a\u00f1os, tanto a nivel de clubes como de selecciones nacionales.<\/p>\n\n\n\n<p>En la anterior edici\u00f3n de los Europeos, celebrada en <strong>Serbia en 2024<\/strong>, Espa\u00f1a hizo historia al proclamarse <strong>campeona en la categor\u00eda U17 femenina<\/strong> tras una ajustada victoria frente a la Rep\u00fablica Checa por <strong>26-24<\/strong>. Israel se alz\u00f3 con el t\u00edtulo U17 masculino tras vencer a Italia (<strong>29-19<\/strong>) y Alemania fue campeona en la categor\u00eda <strong>U15 mixta<\/strong>, imponi\u00e9ndose a Gran Breta\u00f1a por <strong>46-39<\/strong>. Las selecciones espa\u00f1olas <strong>U17 masculina y U15 mixta<\/strong> tambi\u00e9n realizaron un gran papel, terminando en <strong>s\u00e9ptima posici\u00f3n<\/strong>, quedando a las puertas de la lucha por las medallas.<\/p>\n\n\n\n<figure class=\"wp-block-image size-full\"><img decoding=\"async\" width=\"689\" height=\"862\" src=\"https:\/\/www.lafresca.fm\/f-solosog\/2025\/08\/Captura.png\" alt=\"\" class=\"wp-image-16079\" srcset=\"https:\/\/www.lafresca.fm\/f-solosog\/2025\/08\/Captura.png 689w, https:\/\/www.lafresca.fm\/f-solosog\/2025\/08\/Captura-615x770.png 615w\" sizes=\"(max-width: 689px) 100vw, 689px\" \/><\/figure>\n<script>function PlayerjsAsync(){} if(window[\"Playerjs\"]){PlayerjsAsync();}<\/script>","protected":false},"excerpt":{"rendered":"<p>La joven jugadora ibense Nerea Llinares ha sido convocada por la Selecci\u00f3n Espa\u00f1ola de Flag Football para participar en la pr\u00f3xima Eurocopa U15 Mixta, que se celebrar\u00e1 del 3 al 7 de septiembre en Innsbruck, Austria. La competici\u00f3n tendr\u00e1 lugar en dos sedes de la capital tirolesa: el American Football ...<\/p>\n","protected":false},"author":2,"featured_media":16078,"comment_status":"closed","ping_status":"closed","sticky":false,"template":"","format":"standard","meta":{"_monsterinsights_skip_tracking":false,"_monsterinsights_sitenote_active":false,"_monsterinsights_sitenote_note":"","_monsterinsights_sitenote_category":0,"footnotes":""},"categories":[4],"tags":[128],"class_list":["post-16077","post","type-post","status-publish","format-standard","has-post-thumbnail","hentry","category-alicante","tag-ibi"],"aioseo_notices":[],"_links":{"self":[{"href":"https:\/\/www.lafresca.fm\/fresca-api-json\/wp\/v2\/posts\/16077","targetHints":{"allow":["GET"]}}],"collection":[{"href":"https:\/\/www.lafresca.fm\/fresca-api-json\/wp\/v2\/posts"}],"about":[{"href":"https:\/\/www.lafresca.fm\/fresca-api-json\/wp\/v2\/types\/post"}],"author":[{"embeddable":true,"href":"https:\/\/www.lafresca.fm\/fresca-api-json\/wp\/v2\/users\/2"}],"replies":[{"embeddable":true,"href":"https:\/\/www.lafresca.fm\/fresca-api-json\/wp\/v2\/comments?post=16077"}],"version-history":[{"count":1,"href":"https:\/\/www.lafresca.fm\/fresca-api-json\/wp\/v2\/posts\/16077\/revisions"}],"predecessor-version":[{"id":16080,"href":"https:\/\/www.lafresca.fm\/fresca-api-json\/wp\/v2\/posts\/16077\/revisions\/16080"}],"wp:featuredmedia":[{"embeddable":true,"href":"https:\/\/www.lafresca.fm\/fresca-api-json\/wp\/v2\/media\/16078"}],"wp:attachment":[{"href":"https:\/\/www.lafresca.fm\/fresca-api-json\/wp\/v2\/media?parent=16077"}],"wp:term":[{"taxonomy":"category","embeddable":true,"href":"https:\/\/www.lafresca.fm\/fresca-api-json\/wp\/v2\/categories?post=16077"},{"taxonomy":"post_tag","embeddable":true,"href":"https:\/\/www.lafresca.fm\/fresca-api-json\/wp\/v2\/tags?post=16077"}],"curies":[{"name":"wp","href":"https:\/\/api.w.org\/{rel}","templated":true}]}}