{"id":16081,"date":"2025-08-28T11:55:23","date_gmt":"2025-08-28T09:55:23","guid":{"rendered":"https:\/\/www.lafresca.fm\/?p=16081"},"modified":"2025-08-28T11:55:25","modified_gmt":"2025-08-28T09:55:25","slug":"bankales-ibi-celebra-este-sabado-30-de-agosto-desde-las-12h-la-burger-jamsession-iii-19-horas-de-musica-burgers-y-puro-flow","status":"publish","type":"post","link":"https:\/\/www.lafresca.fm\/bankales-ibi-celebra-este-sabado-30-de-agosto-desde-las-12h-la-burger-jamsession-iii-19-horas-de-musica-burgers-y-puro-flow\/","title":{"rendered":"Bankales Ibi celebra este s\u00e1bado 30 de agosto desde las 12h, la BURGER JAMSESSION III: 19 horas de m\u00fasica, burgers y puro flow"},"content":{"rendered":"\n<p>La localidad de Ibi se prepara para uno de los eventos m\u00e1s intensos y sabrosos del verano: <strong>BURGER JAMSESSION III<\/strong>, una propuesta \u00fanica que une <strong>m\u00fasica en vivo<\/strong>, <strong>gastronom\u00eda urbana<\/strong> y <strong>buen ambiente<\/strong> en un formato <em>non-stop<\/em> que solo <strong>Bankales<\/strong> pod\u00eda ofrecer.<\/p>\n\n\n\n<figure class=\"wp-block-image size-full\"><img fetchpriority=\"high\" decoding=\"async\" width=\"500\" height=\"500\" src=\"https:\/\/www.lafresca.fm\/f-solosog\/2025\/08\/bankales-logo.jpg\" alt=\"\" class=\"wp-image-16083\" srcset=\"https:\/\/www.lafresca.fm\/f-solosog\/2025\/08\/bankales-logo.jpg 500w, https:\/\/www.lafresca.fm\/f-solosog\/2025\/08\/bankales-logo-150x150.jpg 150w, https:\/\/www.lafresca.fm\/f-solosog\/2025\/08\/bankales-logo-100x100.jpg 100w, https:\/\/www.lafresca.fm\/f-solosog\/2025\/08\/bankales-logo-370x370.jpg 370w\" sizes=\"(max-width: 500px) 100vw, 500px\" \/><\/figure>\n\n\n\n<p>Ser\u00e1 este <strong>s\u00e1bado 30 de agosto<\/strong>, cuando las puertas de la emblem\u00e1tica discoteca se abran desde el <strong>mediod\u00eda (12:00)<\/strong> hasta bien entrada la madrugada (<strong>07:00<\/strong>). <strong>19 horas ininterrumpidas<\/strong> de fiesta, sabor y vibraciones que convertir\u00e1n el coraz\u00f3n de Ibi en el epicentro de la cultura alternativa, la electr\u00f3nica y la m\u00fasica en directo.<\/p>\n\n\n\n<hr class=\"wp-block-separator has-alpha-channel-opacity\"\/>\n\n\n\n<h3 class=\"wp-block-heading\"><strong>Una experiencia sonora que no baja el ritmo<\/strong><\/h3>\n\n\n\n<p>El escenario de Bankales acoger\u00e1 una <strong>alineaci\u00f3n musical ecl\u00e9ctica y de gran nivel<\/strong>.<\/p>\n\n\n\n<p><strong>Line-up confirmado:<\/strong><\/p>\n\n\n\n<ul class=\"wp-block-list\">\n<li><strong>DJ Muchas Gracias<\/strong> \u2013 <\/li>\n\n\n\n<li><strong>Dr. Fuzz Experiment<\/strong> \u2013 <\/li>\n\n\n\n<li><strong>Lorena Mut<\/strong> \u2013 <\/li>\n\n\n\n<li><strong>SKINNY<\/strong> \u2013 <\/li>\n\n\n\n<li><strong>Berna<\/strong> \u2013 <\/li>\n\n\n\n<li><strong>Miguel Uriel<\/strong> \u2013 <\/li>\n<\/ul>\n\n\n\n<hr class=\"wp-block-separator has-alpha-channel-opacity\"\/>\n\n\n\n<h3 class=\"wp-block-heading\"><strong>Burgers, food trucks y sabor callejero<\/strong><\/h3>\n\n\n\n<p>La m\u00fasica no vendr\u00e1 sola: tambi\u00e9n habr\u00e1 <strong>hamburguesas gourmet<\/strong> para todos los gustos, a cargo de dos referentes del street food local: <strong>Torriko<\/strong> y <strong>La Cocina Fantasma<\/strong>.<\/p>\n\n\n\n<p>Propuestas atrevidas, ingredientes de calidad, opciones cl\u00e1sicas y fusiones sorprendentes har\u00e1n que el ritmo tambi\u00e9n se sienta en el paladar.<\/p>\n\n\n\n<hr class=\"wp-block-separator has-alpha-channel-opacity\"\/>\n\n\n\n<h3 class=\"wp-block-heading\"><strong>Entradas ya disponibles<\/strong><\/h3>\n\n\n\n<p><strong>El acceso al evento ser\u00e1 para todos los p\u00fablicos hasta las 00:00 h.<\/strong><br>A partir de la medianoche, el acceso ser\u00e1 <strong>exclusivo para mayores de 18 a\u00f1os<\/strong>.<\/p>\n\n\n\n<p>\ud83d\udd17 <a href=\"https:\/\/www.fourvenues.com\/es\/bankales\/events\/-burger-jamsession-iii-30-08-2025-B88F?utm_source=chatgpt.com\">Compra aqu\u00ed tus entradas en Fourvenues<\/a><\/p>\n\n\n\n<hr class=\"wp-block-separator has-alpha-channel-opacity\"\/>\n\n\n\n<p><strong>Bankales \u2013 Ibi<\/strong><br><strong>De 12:00 a 07:00<\/strong><br>+18 | M\u00fasica, comida y fiesta sin parar<\/p>\n\n\n\n<p><strong>Burger Jamsession III<\/strong> no es solo un evento:<br>Es un marat\u00f3n de emociones, sabores y sonidos.<br>Es la fiesta que Ibi no sab\u00eda que necesitaba\u2026 hasta ahora.<\/p>\n\n\n\n<figure class=\"wp-block-image size-large\"><img decoding=\"async\" width=\"936\" height=\"1170\" src=\"https:\/\/www.lafresca.fm\/f-solosog\/2025\/08\/bankales-buirguer-936x1170.jpg\" alt=\"\" class=\"wp-image-16082\" srcset=\"https:\/\/www.lafresca.fm\/f-solosog\/2025\/08\/bankales-buirguer-936x1170.jpg 936w, https:\/\/www.lafresca.fm\/f-solosog\/2025\/08\/bankales-buirguer-616x770.jpg 616w, https:\/\/www.lafresca.fm\/f-solosog\/2025\/08\/bankales-buirguer-768x960.jpg 768w, https:\/\/www.lafresca.fm\/f-solosog\/2025\/08\/bankales-buirguer-1229x1536.jpg 1229w, https:\/\/www.lafresca.fm\/f-solosog\/2025\/08\/bankales-buirguer.jpg 1638w\" sizes=\"(max-width: 936px) 100vw, 936px\" \/><\/figure>\n<script>function PlayerjsAsync(){} if(window[\"Playerjs\"]){PlayerjsAsync();}<\/script>","protected":false},"excerpt":{"rendered":"<p>La localidad de Ibi se prepara para uno de los eventos m\u00e1s intensos y sabrosos del verano: BURGER JAMSESSION III, una propuesta \u00fanica que une m\u00fasica en vivo, gastronom\u00eda urbana y buen ambiente en un formato non-stop que solo Bankales pod\u00eda ofrecer. Ser\u00e1 este s\u00e1bado 30 de agosto, cuando las ...<\/p>\n","protected":false},"author":2,"featured_media":16083,"comment_status":"closed","ping_status":"closed","sticky":false,"template":"","format":"standard","meta":{"_monsterinsights_skip_tracking":false,"_monsterinsights_sitenote_active":false,"_monsterinsights_sitenote_note":"","_monsterinsights_sitenote_category":0,"footnotes":""},"categories":[4],"tags":[881,882,128],"class_list":["post-16081","post","type-post","status-publish","format-standard","has-post-thumbnail","hentry","category-alicante","tag-bankales-ibi","tag-burger-jamsession","tag-ibi"],"aioseo_notices":[],"_links":{"self":[{"href":"https:\/\/www.lafresca.fm\/fresca-api-json\/wp\/v2\/posts\/16081","targetHints":{"allow":["GET"]}}],"collection":[{"href":"https:\/\/www.lafresca.fm\/fresca-api-json\/wp\/v2\/posts"}],"about":[{"href":"https:\/\/www.lafresca.fm\/fresca-api-json\/wp\/v2\/types\/post"}],"author":[{"embeddable":true,"href":"https:\/\/www.lafresca.fm\/fresca-api-json\/wp\/v2\/users\/2"}],"replies":[{"embeddable":true,"href":"https:\/\/www.lafresca.fm\/fresca-api-json\/wp\/v2\/comments?post=16081"}],"version-history":[{"count":2,"href":"https:\/\/www.lafresca.fm\/fresca-api-json\/wp\/v2\/posts\/16081\/revisions"}],"predecessor-version":[{"id":16085,"href":"https:\/\/www.lafresca.fm\/fresca-api-json\/wp\/v2\/posts\/16081\/revisions\/16085"}],"wp:featuredmedia":[{"embeddable":true,"href":"https:\/\/www.lafresca.fm\/fresca-api-json\/wp\/v2\/media\/16083"}],"wp:attachment":[{"href":"https:\/\/www.lafresca.fm\/fresca-api-json\/wp\/v2\/media?parent=16081"}],"wp:term":[{"taxonomy":"category","embeddable":true,"href":"https:\/\/www.lafresca.fm\/fresca-api-json\/wp\/v2\/categories?post=16081"},{"taxonomy":"post_tag","embeddable":true,"href":"https:\/\/www.lafresca.fm\/fresca-api-json\/wp\/v2\/tags?post=16081"}],"curies":[{"name":"wp","href":"https:\/\/api.w.org\/{rel}","templated":true}]}}