{"id":16120,"date":"2025-09-07T07:15:00","date_gmt":"2025-09-07T05:15:00","guid":{"rendered":"https:\/\/www.lafresca.fm\/?p=16120"},"modified":"2025-09-07T12:17:06","modified_gmt":"2025-09-07T10:17:06","slug":"lafresca-estrena-este-lunes-8-de-septiembre-su-temporada-22-con-novedades-y-mucha-musica","status":"publish","type":"post","link":"https:\/\/www.lafresca.fm\/lafresca-estrena-este-lunes-8-de-septiembre-su-temporada-22-con-novedades-y-mucha-musica\/","title":{"rendered":"\u201claFRESCA estrena este lunes 8 de septiembre su temporada 22 con novedades y mucha m\u00fasica\u201d"},"content":{"rendered":"\n<p>laFRESCA en su delegaci\u00f3n del interior de Alicante dar\u00e1 inicio este lunes 8 de septiembre a su temporada n\u00famero 22, consolidando su posici\u00f3n como radio l\u00edder en audiencia en la Foia de Castalla. La nueva parrilla mantiene su esencia fresca y din\u00e1mica, con espacios que combinan informaci\u00f3n, entretenimiento y participaci\u00f3n de la audiencia.<\/p>\n\n\n\n<figure class=\"wp-block-image size-large\"><img fetchpriority=\"high\" decoding=\"async\" width=\"1170\" height=\"612\" src=\"https:\/\/www.lafresca.fm\/f-solosog\/2025\/09\/opengraph-1170x612.png\" alt=\"\" class=\"wp-image-16121\" srcset=\"https:\/\/www.lafresca.fm\/f-solosog\/2025\/09\/opengraph-1170x612.png 1170w, https:\/\/www.lafresca.fm\/f-solosog\/2025\/09\/opengraph-770x403.png 770w, https:\/\/www.lafresca.fm\/f-solosog\/2025\/09\/opengraph-768x402.png 768w, https:\/\/www.lafresca.fm\/f-solosog\/2025\/09\/opengraph.png 1200w\" sizes=\"(max-width: 1170px) 100vw, 1170px\" \/><\/figure>\n\n\n\n<p>La programaci\u00f3n diaria arrancar\u00e1 a las 06:00 horas con <strong>Oh My Hits<\/strong>, presentado por Ra\u00fal Fern\u00e1ndez. Posteriormente, a las 09:00, llegar\u00e1 el morning show <strong>\u201cEl Frespertador\u201d<\/strong>, conducido por Adri\u00e1n Reche, un espacio que conjuga m\u00fasica, noticias, concursos y la interacci\u00f3n directa con los oyentes mediante WhatsApp. Este programa tambi\u00e9n contar\u00e1 con la participaci\u00f3n de <strong>Ana Tello y El Becario<\/strong> en su secci\u00f3n <strong>\u201cNo Es Para\u201d<\/strong>, el podcast de laFRESCA.<\/p>\n\n\n\n<p>A las 12:00 del mediod\u00eda, la radio ofrecer\u00e1 un bloque informativo con la actualidad comarcal y entrevistas a protagonistas de la zona presentado por Adri\u00e1n Reche. En esta franja tambi\u00e9n se suma <strong>Rosana Guill con <em>L\u2019Espai<\/em><\/strong>, un programa de entrevistas locales con nuestra gente, asociaciones, pueblos y fiestas. El tramo hasta las 14:00 estar\u00e1 a cargo de \u00c1lvaro Narv\u00e1ez, quien dar\u00e1 voz a las peticiones musicales de la audiencia.<\/p>\n\n\n\n<p>La franja de tarde se abrir\u00e1 a las <strong>14:00<\/strong> con <strong>Del Reino Show<\/strong>, un espacio dedicado a los ritmos urbanos m\u00e1s actuales. Desde las <strong>16:00 hasta las 20:00<\/strong>, <strong>Amadeo Pati\u00f1o<\/strong> estar\u00e1 al frente de la radiof\u00f3rmula y de las peticiones musicales de los oyentes.<\/p>\n\n\n\n<p>La jornada se cerrar\u00e1 a las <strong>21:00<\/strong> con <strong>H Sound<\/strong>, de la mano de <strong>Andr\u00e9s Honrubia<\/strong>, ofreciendo una selecci\u00f3n de m\u00fasica Dance, House, comercial y mezclas exclusivas.<\/p>\n\n\n\n<p>Durante los <strong>fines de semana<\/strong>, la programaci\u00f3n continuar\u00e1 con una cuidada selecci\u00f3n musical y la compa\u00f1\u00eda de locutores como <strong>Aitor M\u00e1rquez<\/strong>, junto al prestigioso radioshow <strong>Next Level<\/strong>, dirigido y presentado por <strong>Luis L\u00f3pez<\/strong>. Este espacio, considerado el programa global de m\u00fasica electr\u00f3nica m\u00e1s trending en el mundo de habla hispana, repasa semanalmente el <em>Top 10<\/em> de los hits de la m\u00fasica dance y estrena los principales lanzamientos de la industria.<\/p>\n\n\n\n<p>La programaci\u00f3n completa de <strong>laFRESCA<\/strong> puede seguirse en el <strong>91.5 FM<\/strong> y en streaming a trav\u00e9s de <strong><a href=\"http:\/\/www.lafrescafm.com?utm_source=chatgpt.com\">www.lafrescafm.com<\/a><\/strong>, reafirmando el compromiso de la emisora con una oferta cercana, moderna y dise\u00f1ada para todos los gustos musicales.<\/p>\n<script>function PlayerjsAsync(){} if(window[\"Playerjs\"]){PlayerjsAsync();}<\/script>","protected":false},"excerpt":{"rendered":"<p>laFRESCA en su delegaci\u00f3n del interior de Alicante dar\u00e1 inicio este lunes 8 de septiembre a su temporada n\u00famero 22, consolidando su posici\u00f3n como radio l\u00edder en audiencia en la Foia de Castalla. La nueva parrilla mantiene su esencia fresca y din\u00e1mica, con espacios que combinan informaci\u00f3n, entretenimiento y participaci\u00f3n ...<\/p>\n","protected":false},"author":2,"featured_media":16121,"comment_status":"closed","ping_status":"closed","sticky":false,"template":"","format":"standard","meta":{"_monsterinsights_skip_tracking":false,"_monsterinsights_sitenote_active":false,"_monsterinsights_sitenote_note":"","_monsterinsights_sitenote_category":0,"footnotes":""},"categories":[4],"tags":[],"class_list":["post-16120","post","type-post","status-publish","format-standard","has-post-thumbnail","hentry","category-alicante"],"aioseo_notices":[],"_links":{"self":[{"href":"https:\/\/www.lafresca.fm\/fresca-api-json\/wp\/v2\/posts\/16120","targetHints":{"allow":["GET"]}}],"collection":[{"href":"https:\/\/www.lafresca.fm\/fresca-api-json\/wp\/v2\/posts"}],"about":[{"href":"https:\/\/www.lafresca.fm\/fresca-api-json\/wp\/v2\/types\/post"}],"author":[{"embeddable":true,"href":"https:\/\/www.lafresca.fm\/fresca-api-json\/wp\/v2\/users\/2"}],"replies":[{"embeddable":true,"href":"https:\/\/www.lafresca.fm\/fresca-api-json\/wp\/v2\/comments?post=16120"}],"version-history":[{"count":2,"href":"https:\/\/www.lafresca.fm\/fresca-api-json\/wp\/v2\/posts\/16120\/revisions"}],"predecessor-version":[{"id":16129,"href":"https:\/\/www.lafresca.fm\/fresca-api-json\/wp\/v2\/posts\/16120\/revisions\/16129"}],"wp:featuredmedia":[{"embeddable":true,"href":"https:\/\/www.lafresca.fm\/fresca-api-json\/wp\/v2\/media\/16121"}],"wp:attachment":[{"href":"https:\/\/www.lafresca.fm\/fresca-api-json\/wp\/v2\/media?parent=16120"}],"wp:term":[{"taxonomy":"category","embeddable":true,"href":"https:\/\/www.lafresca.fm\/fresca-api-json\/wp\/v2\/categories?post=16120"},{"taxonomy":"post_tag","embeddable":true,"href":"https:\/\/www.lafresca.fm\/fresca-api-json\/wp\/v2\/tags?post=16120"}],"curies":[{"name":"wp","href":"https:\/\/api.w.org\/{rel}","templated":true}]}}