{"id":16123,"date":"2025-09-05T16:57:34","date_gmt":"2025-09-05T14:57:34","guid":{"rendered":"https:\/\/www.lafresca.fm\/?p=16123"},"modified":"2025-09-05T16:58:10","modified_gmt":"2025-09-05T14:58:10","slug":"onil-se-prepara-para-la-8a-edicion-del-onil-trails-el-proximo-14-de-septiembre","status":"publish","type":"post","link":"https:\/\/www.lafresca.fm\/onil-se-prepara-para-la-8a-edicion-del-onil-trails-el-proximo-14-de-septiembre\/","title":{"rendered":"Onil se prepara para la 8\u00aa edici\u00f3n del Onil Trails el pr\u00f3ximo 14 de septiembre"},"content":{"rendered":"\n<p>El pr\u00f3ximo domingo 14 de septiembre, el municipio de Onil volver\u00e1 a convertirse en epicentro del trail running con la celebraci\u00f3n de la octava edici\u00f3n del <strong>Onil Trails<\/strong>, una de las pruebas de monta\u00f1a m\u00e1s destacadas de la provincia de Alicante.<\/p>\n\n\n\n<p>El evento contar\u00e1 con diferentes actividades y premios gracias a la colaboraci\u00f3n de entidades locales y patrocinadores. La programaci\u00f3n arrancar\u00e1 el s\u00e1bado 13 de septiembre con la entrega de dorsales y la charla motivacional <em>\u201cEntrena tu mente, lidera tu vida\u201d<\/em>. El domingo, adem\u00e1s de las carreras, los m\u00e1s peque\u00f1os podr\u00e1n disfrutar de talleres, pintacaras y juegos en la zona de meta, incluyendo actividades de baloncesto.<\/p>\n\n\n\n<figure class=\"wp-block-image size-large\"><img fetchpriority=\"high\" decoding=\"async\" width=\"1170\" height=\"780\" src=\"https:\/\/www.lafresca.fm\/f-solosog\/2025\/09\/jjj-1170x780.jpg\" alt=\"\" class=\"wp-image-16125\" srcset=\"https:\/\/www.lafresca.fm\/f-solosog\/2025\/09\/jjj-1170x780.jpg 1170w, https:\/\/www.lafresca.fm\/f-solosog\/2025\/09\/jjj-770x513.jpg 770w, https:\/\/www.lafresca.fm\/f-solosog\/2025\/09\/jjj-768x512.jpg 768w, https:\/\/www.lafresca.fm\/f-solosog\/2025\/09\/jjj-1536x1024.jpg 1536w, https:\/\/www.lafresca.fm\/f-solosog\/2025\/09\/jjj.jpg 2048w\" sizes=\"(max-width: 1170px) 100vw, 1170px\" \/><\/figure>\n\n\n\n<p>Pese a adelantarse este a\u00f1o a la fecha de septiembre, la organizaci\u00f3n ha confirmado una gran acogida, con m\u00e1s de 500 corredores inscritos. Esta cifra refuerza el posicionamiento del Onil Trails como una de las pruebas m\u00e1s concurridas de la provincia, reuniendo alrededor de 1.000 personas entre deportistas y acompa\u00f1antes.<\/p>\n\n\n\n<p>En esta edici\u00f3n, la prueba tambi\u00e9n tendr\u00e1 un marcado car\u00e1cter solidario y de inclusi\u00f3n. Por un lado, se destinar\u00e1 1 euro de cada inscripci\u00f3n al <strong>Centro de Atenci\u00f3n Temprana de Onil (APCA)<\/strong>. Adem\u00e1s, la <strong>Asociaci\u00f3n Zancadas sobre Ruedas<\/strong>, dedicada al deporte inclusivo, participar\u00e1 con dos sillas Jo\u00eblette: una en la modalidad de 14K marcha y otra en la 14K carrera.<\/p>\n\n\n\n<p>El Onil Trails ofrece tres recorridos adaptados a diferentes niveles: la prueba corta de 14 km y +700 m (abierta tambi\u00e9n a senderistas), la cl\u00e1sica de 25 km y +1300 m, y la marat\u00f3n de 40 km con +1800 m de desnivel, considerada la prueba reina.<\/p>\n\n\n\n<p>Las inscripciones permanecer\u00e1n abiertas hasta el mi\u00e9rcoles 10 de septiembre. La organizaci\u00f3n invita a quienes a\u00fan se lo est\u00e9n pensando a sumarse a un evento que promete deporte, naturaleza, inclusi\u00f3n y un ambiente \u00fanico en el coraz\u00f3n de la monta\u00f1a alicantina.<\/p>\n\n\n\n<figure class=\"wp-block-image size-large\"><img decoding=\"async\" width=\"812\" height=\"1170\" src=\"https:\/\/www.lafresca.fm\/f-solosog\/2025\/09\/WhatsApp-Image-2025-09-05-at-14.56.23-812x1170.jpeg\" alt=\"\" class=\"wp-image-16124\" srcset=\"https:\/\/www.lafresca.fm\/f-solosog\/2025\/09\/WhatsApp-Image-2025-09-05-at-14.56.23-812x1170.jpeg 812w, https:\/\/www.lafresca.fm\/f-solosog\/2025\/09\/WhatsApp-Image-2025-09-05-at-14.56.23-535x770.jpeg 535w, https:\/\/www.lafresca.fm\/f-solosog\/2025\/09\/WhatsApp-Image-2025-09-05-at-14.56.23-768x1106.jpeg 768w, https:\/\/www.lafresca.fm\/f-solosog\/2025\/09\/WhatsApp-Image-2025-09-05-at-14.56.23-1067x1536.jpeg 1067w, https:\/\/www.lafresca.fm\/f-solosog\/2025\/09\/WhatsApp-Image-2025-09-05-at-14.56.23.jpeg 1111w\" sizes=\"(max-width: 812px) 100vw, 812px\" \/><\/figure>\n<script>function PlayerjsAsync(){} if(window[\"Playerjs\"]){PlayerjsAsync();}<\/script>","protected":false},"excerpt":{"rendered":"<p>El pr\u00f3ximo domingo 14 de septiembre, el municipio de Onil volver\u00e1 a convertirse en epicentro del trail running con la celebraci\u00f3n de la octava edici\u00f3n del Onil Trails, una de las pruebas de monta\u00f1a m\u00e1s destacadas de la provincia de Alicante. El evento contar\u00e1 con diferentes actividades y premios gracias ...<\/p>\n","protected":false},"author":2,"featured_media":16125,"comment_status":"closed","ping_status":"closed","sticky":false,"template":"","format":"standard","meta":{"_monsterinsights_skip_tracking":false,"_monsterinsights_sitenote_active":false,"_monsterinsights_sitenote_note":"","_monsterinsights_sitenote_category":0,"footnotes":""},"categories":[4],"tags":[133],"class_list":["post-16123","post","type-post","status-publish","format-standard","has-post-thumbnail","hentry","category-alicante","tag-onil"],"aioseo_notices":[],"_links":{"self":[{"href":"https:\/\/www.lafresca.fm\/fresca-api-json\/wp\/v2\/posts\/16123","targetHints":{"allow":["GET"]}}],"collection":[{"href":"https:\/\/www.lafresca.fm\/fresca-api-json\/wp\/v2\/posts"}],"about":[{"href":"https:\/\/www.lafresca.fm\/fresca-api-json\/wp\/v2\/types\/post"}],"author":[{"embeddable":true,"href":"https:\/\/www.lafresca.fm\/fresca-api-json\/wp\/v2\/users\/2"}],"replies":[{"embeddable":true,"href":"https:\/\/www.lafresca.fm\/fresca-api-json\/wp\/v2\/comments?post=16123"}],"version-history":[{"count":2,"href":"https:\/\/www.lafresca.fm\/fresca-api-json\/wp\/v2\/posts\/16123\/revisions"}],"predecessor-version":[{"id":16127,"href":"https:\/\/www.lafresca.fm\/fresca-api-json\/wp\/v2\/posts\/16123\/revisions\/16127"}],"wp:featuredmedia":[{"embeddable":true,"href":"https:\/\/www.lafresca.fm\/fresca-api-json\/wp\/v2\/media\/16125"}],"wp:attachment":[{"href":"https:\/\/www.lafresca.fm\/fresca-api-json\/wp\/v2\/media?parent=16123"}],"wp:term":[{"taxonomy":"category","embeddable":true,"href":"https:\/\/www.lafresca.fm\/fresca-api-json\/wp\/v2\/categories?post=16123"},{"taxonomy":"post_tag","embeddable":true,"href":"https:\/\/www.lafresca.fm\/fresca-api-json\/wp\/v2\/tags?post=16123"}],"curies":[{"name":"wp","href":"https:\/\/api.w.org\/{rel}","templated":true}]}}