{"id":16139,"date":"2025-09-08T08:51:00","date_gmt":"2025-09-08T06:51:00","guid":{"rendered":"https:\/\/www.lafresca.fm\/?p=16139"},"modified":"2025-09-08T08:51:01","modified_gmt":"2025-09-08T06:51:01","slug":"la-ibense-nerea-llinares-bronce-europeo-con-la-seleccion-espanola-u15-mixta-de-flag-football-en-innsbruck","status":"publish","type":"post","link":"https:\/\/www.lafresca.fm\/la-ibense-nerea-llinares-bronce-europeo-con-la-seleccion-espanola-u15-mixta-de-flag-football-en-innsbruck\/","title":{"rendered":"La ibense Nerea Llinares, bronce europeo con la selecci\u00f3n espa\u00f1ola U15 mixta de Flag Football en Innsbruck"},"content":{"rendered":"\n<p>La joven deportista ibense <strong>Nerea Llinares<\/strong> ha vuelto a escribir una p\u00e1gina importante para el deporte local, formando parte de la selecci\u00f3n espa\u00f1ola U15 mixta de Flag Football que este fin de semana subi\u00f3 al podio en el <strong>Campeonato de Europa Youth<\/strong> celebrado en Innsbruck (Austria). El combinado nacional se colg\u00f3 la <strong>medalla de bronce<\/strong>, confirmando as\u00ed el gran nivel de esta modalidad emergente, que debutar\u00e1 como deporte ol\u00edmpico en Los \u00c1ngeles 2028.<\/p>\n\n\n\n<p>La participaci\u00f3n de Llinares tuvo un sabor agridulce. Una lesi\u00f3n sufrida en el primer partido le impidi\u00f3 rendir al m\u00e1ximo y ayudar al equipo como hubiera deseado. Sin embargo, pudo vivir desde dentro la hist\u00f3rica trayectoria del conjunto espa\u00f1ol, que brill\u00f3 a pesar de la dureza del campeonato.<\/p>\n\n\n\n<figure class=\"wp-block-image size-large\"><img fetchpriority=\"high\" decoding=\"async\" width=\"1170\" height=\"826\" src=\"https:\/\/www.lafresca.fm\/f-solosog\/2025\/09\/541845626_18338274385165145_5561362163633439730_n-1170x826.jpeg\" alt=\"\" class=\"wp-image-16141\" srcset=\"https:\/\/www.lafresca.fm\/f-solosog\/2025\/09\/541845626_18338274385165145_5561362163633439730_n-1170x826.jpeg 1170w, https:\/\/www.lafresca.fm\/f-solosog\/2025\/09\/541845626_18338274385165145_5561362163633439730_n-770x543.jpeg 770w, https:\/\/www.lafresca.fm\/f-solosog\/2025\/09\/541845626_18338274385165145_5561362163633439730_n-768x542.jpeg 768w, https:\/\/www.lafresca.fm\/f-solosog\/2025\/09\/541845626_18338274385165145_5561362163633439730_n.jpeg 1440w\" sizes=\"(max-width: 1170px) 100vw, 1170px\" \/><\/figure>\n\n\n\n<p>Espa\u00f1a U15 finaliz\u00f3 la fase de grupos en segunda posici\u00f3n con un balance de <strong>tres victorias y dos derrotas<\/strong>: venci\u00f3 con autoridad a Francia (7-40), Finlandia (45-18) y Gran Breta\u00f1a (25-8), y cedi\u00f3 en duelos muy ajustados frente a Italia (33-32) y Ucrania (27-38). Gracias a su mejor diferencia de puntos, el combinado avanz\u00f3 a semifinales, donde cay\u00f3 ante Eslovaquia (25-6).<\/p>\n\n\n\n<p>El partido por el tercer puesto depar\u00f3 una revancha contra Italia, que hab\u00eda sido uno de los verdugos en la primera fase. Esta vez, la selecci\u00f3n espa\u00f1ola mostr\u00f3 car\u00e1cter y super\u00f3 a los transalpinos por 21-27, asegur\u00e1ndose as\u00ed una <strong>merecida medalla de bronce<\/strong>. El t\u00edtulo de la categor\u00eda fue para Alemania, que derrot\u00f3 en la final a Eslovaquia (51-42).<\/p>\n\n\n\n<p>En el resto de categor\u00edas, la <strong>selecci\u00f3n U17 masculina<\/strong> brill\u00f3 con luz propia al proclamarse <strong>campeona de Europa<\/strong> tras imponerse en la final a Israel, un resultado que refuerza sus aspiraciones de cara a la cita ol\u00edmpica de 2028. La U17 femenina, vigente campeona de Europa en 2024, no pudo repetir \u00e9xito en Innsbruck y cerr\u00f3 el torneo en la quinta plaza.<\/p>\n\n\n\n<p>Para Nerea Llinares, pese a la lesi\u00f3n, esta experiencia supone un nuevo hito en su carrera y un impulso para seguir creciendo en un deporte que, paso a paso, contin\u00faa ganando espacio en Espa\u00f1a y en Europa.<\/p>\n\n\n\n<figure class=\"wp-block-image size-large\"><img decoding=\"async\" width=\"1170\" height=\"1170\" src=\"https:\/\/www.lafresca.fm\/f-solosog\/2025\/09\/544726438_1371118008350361_3075772956410510551_n-1170x1170.jpg\" alt=\"\" class=\"wp-image-16140\" srcset=\"https:\/\/www.lafresca.fm\/f-solosog\/2025\/09\/544726438_1371118008350361_3075772956410510551_n-1170x1170.jpg 1170w, https:\/\/www.lafresca.fm\/f-solosog\/2025\/09\/544726438_1371118008350361_3075772956410510551_n-770x770.jpg 770w, https:\/\/www.lafresca.fm\/f-solosog\/2025\/09\/544726438_1371118008350361_3075772956410510551_n-150x150.jpg 150w, https:\/\/www.lafresca.fm\/f-solosog\/2025\/09\/544726438_1371118008350361_3075772956410510551_n-768x768.jpg 768w, https:\/\/www.lafresca.fm\/f-solosog\/2025\/09\/544726438_1371118008350361_3075772956410510551_n-1536x1536.jpg 1536w, https:\/\/www.lafresca.fm\/f-solosog\/2025\/09\/544726438_1371118008350361_3075772956410510551_n-100x100.jpg 100w, https:\/\/www.lafresca.fm\/f-solosog\/2025\/09\/544726438_1371118008350361_3075772956410510551_n-370x370.jpg 370w, https:\/\/www.lafresca.fm\/f-solosog\/2025\/09\/544726438_1371118008350361_3075772956410510551_n.jpg 1599w\" sizes=\"(max-width: 1170px) 100vw, 1170px\" \/><\/figure>\n<script>function PlayerjsAsync(){} if(window[\"Playerjs\"]){PlayerjsAsync();}<\/script>","protected":false},"excerpt":{"rendered":"<p>La joven deportista ibense Nerea Llinares ha vuelto a escribir una p\u00e1gina importante para el deporte local, formando parte de la selecci\u00f3n espa\u00f1ola U15 mixta de Flag Football que este fin de semana subi\u00f3 al podio en el Campeonato de Europa Youth celebrado en Innsbruck (Austria). El combinado nacional se ...<\/p>\n","protected":false},"author":2,"featured_media":16140,"comment_status":"closed","ping_status":"closed","sticky":false,"template":"","format":"standard","meta":{"_monsterinsights_skip_tracking":false,"_monsterinsights_sitenote_active":false,"_monsterinsights_sitenote_note":"","_monsterinsights_sitenote_category":0,"footnotes":""},"categories":[4],"tags":[128,753],"class_list":["post-16139","post","type-post","status-publish","format-standard","has-post-thumbnail","hentry","category-alicante","tag-ibi","tag-nerea-llinares"],"aioseo_notices":[],"_links":{"self":[{"href":"https:\/\/www.lafresca.fm\/fresca-api-json\/wp\/v2\/posts\/16139","targetHints":{"allow":["GET"]}}],"collection":[{"href":"https:\/\/www.lafresca.fm\/fresca-api-json\/wp\/v2\/posts"}],"about":[{"href":"https:\/\/www.lafresca.fm\/fresca-api-json\/wp\/v2\/types\/post"}],"author":[{"embeddable":true,"href":"https:\/\/www.lafresca.fm\/fresca-api-json\/wp\/v2\/users\/2"}],"replies":[{"embeddable":true,"href":"https:\/\/www.lafresca.fm\/fresca-api-json\/wp\/v2\/comments?post=16139"}],"version-history":[{"count":1,"href":"https:\/\/www.lafresca.fm\/fresca-api-json\/wp\/v2\/posts\/16139\/revisions"}],"predecessor-version":[{"id":16142,"href":"https:\/\/www.lafresca.fm\/fresca-api-json\/wp\/v2\/posts\/16139\/revisions\/16142"}],"wp:featuredmedia":[{"embeddable":true,"href":"https:\/\/www.lafresca.fm\/fresca-api-json\/wp\/v2\/media\/16140"}],"wp:attachment":[{"href":"https:\/\/www.lafresca.fm\/fresca-api-json\/wp\/v2\/media?parent=16139"}],"wp:term":[{"taxonomy":"category","embeddable":true,"href":"https:\/\/www.lafresca.fm\/fresca-api-json\/wp\/v2\/categories?post=16139"},{"taxonomy":"post_tag","embeddable":true,"href":"https:\/\/www.lafresca.fm\/fresca-api-json\/wp\/v2\/tags?post=16139"}],"curies":[{"name":"wp","href":"https:\/\/api.w.org\/{rel}","templated":true}]}}