{"id":16206,"date":"2025-09-16T16:11:04","date_gmt":"2025-09-16T14:11:04","guid":{"rendered":"https:\/\/www.lafresca.fm\/?p=16206"},"modified":"2025-09-16T16:11:05","modified_gmt":"2025-09-16T14:11:05","slug":"el-calor-y-la-solidaridad-marcan-la-8a-edicion-del-onil-trails","status":"publish","type":"post","link":"https:\/\/www.lafresca.fm\/el-calor-y-la-solidaridad-marcan-la-8a-edicion-del-onil-trails\/","title":{"rendered":"El calor y la solidaridad marcan la 8\u00aa edici\u00f3n del Onil Trails"},"content":{"rendered":"\n<p>El pasado domingo 14 de septiembre, la Villa de Onil acogi\u00f3 la 8\u00aa edici\u00f3n del <strong>Onil Trails<\/strong>, una competici\u00f3n de monta\u00f1a que se consolida como un referente provincial y nacional. La prueba, organizada por el club <strong>Trail Running Onil<\/strong>, atrajo a cientos de participantes nacionales e internacionales que desafiaron el intenso calor y la alta humedad para recorrer los senderos de la Sierra de Onil.<\/p>\n\n\n\n<p>A pesar de las dif\u00edciles condiciones climatol\u00f3gicas en varias de las modalidades se establecieron nuevos r\u00e9cords tanto en categor\u00eda masculina como femenina, dato que confirma el alto nivel competitivo de los participantes de esta edici\u00f3n, la ma\u00f1ana transcurri\u00f3 tranquila y no se registraron incidentes graves, demostrando la solidez de la organizaci\u00f3n y la resistencia de los corredores y marchadores.<\/p>\n\n\n\n<p>Esta edici\u00f3n volvia a ser puntuable para el UTMB Index, consiguiendo as\u00ed repartir puntos para la cl\u00e1sificaci\u00f3n internacional UTMB.<\/p>\n\n\n\n<p><strong>Una edici\u00f3n con foco solidario e inclusivo<\/strong><\/p>\n\n\n\n<p>Esta edici\u00f3n del Onil Trails destac\u00f3 por su marcado car\u00e1cter <strong>solidario y de inclusi\u00f3n<\/strong>. Como parte de esta iniciativa, se don\u00f3 1\u20ac de cada inscripci\u00f3n al Centro de Atenci\u00f3n Temprana de Onil (APCA).<\/p>\n\n\n\n<p>Adem\u00e1s, la prueba cont\u00f3 con la participaci\u00f3n de la Asociaci\u00f3n <strong>Zancadas sobre Ruedas<\/strong>, dedicada al deporte inclusivo. Dos sillas Jo\u00eblette, una en la carrera de 14K y otra en la marcha de 14K, formaron parte del evento, promoviendo la accesibilidad y la participaci\u00f3n para todos.<\/p>\n\n\n\n<p><strong>Afluencia y resultados<\/strong><\/p>\n\n\n\n<p>Pese a las previsiones de altas temperaturas el evento cont\u00f3 con una alta participaci\u00f3n repartidas entre las tres distancias, cada una dise\u00f1ada para un desaf\u00edo diferente: la &#8220;14K&#8221; (13,83 km y 610 m de desnivel positivo), la &#8220;25K&#8221; (24,21 km y 1.191 m de desnivel positivo) y la prueba reina, la &#8220;40K&#8221; (38,24 km y 1.764 m de desnivel positivo). Las modalidades de 14K inclu\u00edan opci\u00f3n de carrera y senderismo, mientras que las de 25K y 40K eran exclusivamente de carrera.<\/p>\n\n\n\n<p>La alta participaci\u00f3n de corredores no locales, que representaron el <strong>87,9%<\/strong> del total, subraya el creciente atractivo del evento, que dinamiza la localidad atrayendo a numerosos visitantes.<\/p>\n\n\n\n<p>Los ganadores de las diferentes categor\u00edas fueron:<\/p>\n\n\n\n<ul class=\"wp-block-list\">\n<li><strong>14K Femenino<\/strong>: 1\u00aa Roc\u00edo Campanini, 2\u00aa In\u00e9s Monllor, 3\u00aa Natalia Milla Navarro.<\/li>\n\n\n\n<li><strong>14K Masculino<\/strong>: 1\u00ba Francisco S\u00e1nchez Garc\u00eda 2\u00ba Carles Bolo Mart\u00ednez, 3\u00ba \u00d3scar Pardo Mart\u00ednez.<\/li>\n\n\n\n<li><strong>25K Femenino<\/strong>: 1\u00aa Hannan Et Tabaa, 2\u00aa Mari \u00c1ngeles Gabald\u00f3n Valero, 3\u00aa M\u00f3nica Prieto Olmo.<\/li>\n\n\n\n<li><strong>25K Masculino<\/strong>: 1\u00ba \u00c1lvaro Garc\u00eda Bernabeu, 2\u00ba Wilmer Forero, 3\u00ba David Garc\u00eda Mascarell.<\/li>\n\n\n\n<li><strong>40K Femenino<\/strong>: 1\u00aa Myriam Talens, 2\u00aa Eva Albaladejo, 3\u00aa Davinia Beltr\u00e1n.<\/li>\n\n\n\n<li><strong>40K Masculino<\/strong>: 1\u00ba Sergio Gutierrez Ferrol, 2\u00ba Rodolfo Juan Mart\u00ednez, 3\u00ba Eugenio Alfaro Mart\u00ednez.<\/li>\n<\/ul>\n\n\n\n<p>Desde el club, se agradece el apoyo de todos los participantes, voluntarios y colaboradores, que han hecho posible que el Onil Trails siga siendo un evento de referencia a nivel nacional.<\/p>\n\n\n\n<figure class=\"wp-block-gallery has-nested-images columns-default is-cropped wp-block-gallery-1 is-layout-flex wp-block-gallery-is-layout-flex\">\n<figure class=\"wp-block-image size-large\"><img fetchpriority=\"high\" decoding=\"async\" width=\"1170\" height=\"780\" data-id=\"16209\" src=\"https:\/\/www.lafresca.fm\/f-solosog\/2025\/09\/IMG_7240-1170x780.jpg\" alt=\"\" class=\"wp-image-16209\" srcset=\"https:\/\/www.lafresca.fm\/f-solosog\/2025\/09\/IMG_7240-1170x780.jpg 1170w, https:\/\/www.lafresca.fm\/f-solosog\/2025\/09\/IMG_7240-770x513.jpg 770w, https:\/\/www.lafresca.fm\/f-solosog\/2025\/09\/IMG_7240-768x512.jpg 768w, https:\/\/www.lafresca.fm\/f-solosog\/2025\/09\/IMG_7240-1536x1024.jpg 1536w, https:\/\/www.lafresca.fm\/f-solosog\/2025\/09\/IMG_7240-2048x1365.jpg 2048w\" sizes=\"(max-width: 1170px) 100vw, 1170px\" \/><\/figure>\n<\/figure>\n\n\n\n<figure class=\"wp-block-image size-large\"><img decoding=\"async\" width=\"1170\" height=\"780\" src=\"https:\/\/www.lafresca.fm\/f-solosog\/2025\/09\/IMG_5394-1170x780.jpg\" alt=\"\" class=\"wp-image-16210\" srcset=\"https:\/\/www.lafresca.fm\/f-solosog\/2025\/09\/IMG_5394-1170x780.jpg 1170w, https:\/\/www.lafresca.fm\/f-solosog\/2025\/09\/IMG_5394-770x513.jpg 770w, https:\/\/www.lafresca.fm\/f-solosog\/2025\/09\/IMG_5394-768x512.jpg 768w, https:\/\/www.lafresca.fm\/f-solosog\/2025\/09\/IMG_5394-1536x1024.jpg 1536w, https:\/\/www.lafresca.fm\/f-solosog\/2025\/09\/IMG_5394-2048x1365.jpg 2048w\" sizes=\"(max-width: 1170px) 100vw, 1170px\" \/><\/figure>\n\n\n\n<figure class=\"wp-block-image size-large\"><img decoding=\"async\" width=\"1170\" height=\"780\" src=\"https:\/\/www.lafresca.fm\/f-solosog\/2025\/09\/IMG_6681-1170x780.jpg\" alt=\"\" class=\"wp-image-16207\" srcset=\"https:\/\/www.lafresca.fm\/f-solosog\/2025\/09\/IMG_6681-1170x780.jpg 1170w, https:\/\/www.lafresca.fm\/f-solosog\/2025\/09\/IMG_6681-770x513.jpg 770w, https:\/\/www.lafresca.fm\/f-solosog\/2025\/09\/IMG_6681-768x512.jpg 768w, https:\/\/www.lafresca.fm\/f-solosog\/2025\/09\/IMG_6681-1536x1024.jpg 1536w, https:\/\/www.lafresca.fm\/f-solosog\/2025\/09\/IMG_6681-2048x1365.jpg 2048w\" sizes=\"(max-width: 1170px) 100vw, 1170px\" \/><\/figure>\n\n\n\n<figure class=\"wp-block-image size-large\"><img loading=\"lazy\" decoding=\"async\" width=\"1170\" height=\"780\" src=\"https:\/\/www.lafresca.fm\/f-solosog\/2025\/09\/IMG_7342-1170x780.jpg\" alt=\"\" class=\"wp-image-16211\" srcset=\"https:\/\/www.lafresca.fm\/f-solosog\/2025\/09\/IMG_7342-1170x780.jpg 1170w, https:\/\/www.lafresca.fm\/f-solosog\/2025\/09\/IMG_7342-770x513.jpg 770w, https:\/\/www.lafresca.fm\/f-solosog\/2025\/09\/IMG_7342-768x512.jpg 768w, https:\/\/www.lafresca.fm\/f-solosog\/2025\/09\/IMG_7342-1536x1024.jpg 1536w, https:\/\/www.lafresca.fm\/f-solosog\/2025\/09\/IMG_7342-2048x1365.jpg 2048w\" sizes=\"(max-width: 1170px) 100vw, 1170px\" \/><\/figure>\n<script>function PlayerjsAsync(){} if(window[\"Playerjs\"]){PlayerjsAsync();}<\/script>","protected":false},"excerpt":{"rendered":"<p>El pasado domingo 14 de septiembre, la Villa de Onil acogi\u00f3 la 8\u00aa edici\u00f3n del Onil Trails, una competici\u00f3n de monta\u00f1a que se consolida como un referente provincial y nacional. La prueba, organizada por el club Trail Running Onil, atrajo a cientos de participantes nacionales e internacionales que desafiaron el ...<\/p>\n","protected":false},"author":2,"featured_media":16211,"comment_status":"closed","ping_status":"closed","sticky":false,"template":"","format":"standard","meta":{"_monsterinsights_skip_tracking":false,"_monsterinsights_sitenote_active":false,"_monsterinsights_sitenote_note":"","_monsterinsights_sitenote_category":0,"footnotes":""},"categories":[4],"tags":[883],"class_list":["post-16206","post","type-post","status-publish","format-standard","has-post-thumbnail","hentry","category-alicante","tag-onil-trail"],"aioseo_notices":[],"_links":{"self":[{"href":"https:\/\/www.lafresca.fm\/fresca-api-json\/wp\/v2\/posts\/16206","targetHints":{"allow":["GET"]}}],"collection":[{"href":"https:\/\/www.lafresca.fm\/fresca-api-json\/wp\/v2\/posts"}],"about":[{"href":"https:\/\/www.lafresca.fm\/fresca-api-json\/wp\/v2\/types\/post"}],"author":[{"embeddable":true,"href":"https:\/\/www.lafresca.fm\/fresca-api-json\/wp\/v2\/users\/2"}],"replies":[{"embeddable":true,"href":"https:\/\/www.lafresca.fm\/fresca-api-json\/wp\/v2\/comments?post=16206"}],"version-history":[{"count":1,"href":"https:\/\/www.lafresca.fm\/fresca-api-json\/wp\/v2\/posts\/16206\/revisions"}],"predecessor-version":[{"id":16212,"href":"https:\/\/www.lafresca.fm\/fresca-api-json\/wp\/v2\/posts\/16206\/revisions\/16212"}],"wp:featuredmedia":[{"embeddable":true,"href":"https:\/\/www.lafresca.fm\/fresca-api-json\/wp\/v2\/media\/16211"}],"wp:attachment":[{"href":"https:\/\/www.lafresca.fm\/fresca-api-json\/wp\/v2\/media?parent=16206"}],"wp:term":[{"taxonomy":"category","embeddable":true,"href":"https:\/\/www.lafresca.fm\/fresca-api-json\/wp\/v2\/categories?post=16206"},{"taxonomy":"post_tag","embeddable":true,"href":"https:\/\/www.lafresca.fm\/fresca-api-json\/wp\/v2\/tags?post=16206"}],"curies":[{"name":"wp","href":"https:\/\/api.w.org\/{rel}","templated":true}]}}