{"id":16213,"date":"2025-09-17T16:29:02","date_gmt":"2025-09-17T14:29:02","guid":{"rendered":"https:\/\/www.lafresca.fm\/?p=16213"},"modified":"2025-09-17T16:29:03","modified_gmt":"2025-09-17T14:29:03","slug":"onil-acoge-este-viernes-19-de-septiembre-la-proyeccion-del-documental-vidas-irrenovables-con-entrada-gratuita","status":"publish","type":"post","link":"https:\/\/www.lafresca.fm\/onil-acoge-este-viernes-19-de-septiembre-la-proyeccion-del-documental-vidas-irrenovables-con-entrada-gratuita\/","title":{"rendered":"Onil acoge este viernes 19 de septiembre la proyecci\u00f3n del documental\u00a0Vidas irrenovables con entrada gratuita"},"content":{"rendered":"\n<p>El\u00a0<strong>viernes 19 de septiembre a las 19:30 h<\/strong>, el\u00a0<strong>Centro Cultural Eusebio Sempere de Onil<\/strong>\u00a0se convertir\u00e1 en escenario de reflexi\u00f3n con la proyecci\u00f3n de\u00a0<em>Vidas irrenovables: naturaleza o miseria<\/em>, un documental impactante que invita a pensar en el futuro del planeta y el coste real de nuestras decisiones energ\u00e9ticas.<\/p>\n\n\n\n<p>Esta obra, reconocida en&nbsp;<strong>festivales internacionales de cine medioambiental y social<\/strong>, plantea una mirada cr\u00edtica y necesaria sobre el modelo actual de consumo y sus consecuencias, abriendo el debate sobre qu\u00e9 mundo queremos dejar a las pr\u00f3ximas generaciones.<\/p>\n\n\n\n<p>La cita es&nbsp;<strong>gratuita hasta completar aforo<\/strong>, una oportunidad para vecinos y visitantes de disfrutar de cine de calidad mientras se reflexiona sobre uno de los grandes desaf\u00edos de nuestro tiempo: la sostenibilidad.<\/p>\n\n\n\n<p>\ud83d\udccd&nbsp;<strong>D\u00f3nde:<\/strong>&nbsp;Centro Cultural Eusebio Sempere, Onil (Alicante)<br>\ud83d\uddd3&nbsp;<strong>Cu\u00e1ndo:<\/strong>&nbsp;Viernes 19 de septiembre<br>\u23f0&nbsp;<strong>Hora:<\/strong>&nbsp;19:30 h<br>\ud83c\udf9f&nbsp;<strong>Entrada libre hasta completar aforo<\/strong><\/p>\n\n\n\n<figure class=\"wp-block-image size-large\"><img fetchpriority=\"high\" decoding=\"async\" width=\"827\" height=\"1170\" src=\"https:\/\/www.lafresca.fm\/f-solosog\/2025\/09\/WhatsApp-Image-2025-09-16-at-14.16.00-827x1170.jpeg\" alt=\"\" class=\"wp-image-16214\" srcset=\"https:\/\/www.lafresca.fm\/f-solosog\/2025\/09\/WhatsApp-Image-2025-09-16-at-14.16.00-827x1170.jpeg 827w, https:\/\/www.lafresca.fm\/f-solosog\/2025\/09\/WhatsApp-Image-2025-09-16-at-14.16.00-544x770.jpeg 544w, https:\/\/www.lafresca.fm\/f-solosog\/2025\/09\/WhatsApp-Image-2025-09-16-at-14.16.00-768x1086.jpeg 768w, https:\/\/www.lafresca.fm\/f-solosog\/2025\/09\/WhatsApp-Image-2025-09-16-at-14.16.00-1086x1536.jpeg 1086w, https:\/\/www.lafresca.fm\/f-solosog\/2025\/09\/WhatsApp-Image-2025-09-16-at-14.16.00.jpeg 1131w\" sizes=\"(max-width: 827px) 100vw, 827px\" \/><\/figure>\n<script>function PlayerjsAsync(){} if(window[\"Playerjs\"]){PlayerjsAsync();}<\/script>","protected":false},"excerpt":{"rendered":"<p>El\u00a0viernes 19 de septiembre a las 19:30 h, el\u00a0Centro Cultural Eusebio Sempere de Onil\u00a0se convertir\u00e1 en escenario de reflexi\u00f3n con la proyecci\u00f3n de\u00a0Vidas irrenovables: naturaleza o miseria, un documental impactante que invita a pensar en el futuro del planeta y el coste real de nuestras decisiones energ\u00e9ticas. Esta obra, reconocida ...<\/p>\n","protected":false},"author":2,"featured_media":16214,"comment_status":"closed","ping_status":"closed","sticky":false,"template":"","format":"standard","meta":{"_monsterinsights_skip_tracking":false,"_monsterinsights_sitenote_active":false,"_monsterinsights_sitenote_note":"","_monsterinsights_sitenote_category":0,"footnotes":""},"categories":[4],"tags":[133],"class_list":["post-16213","post","type-post","status-publish","format-standard","has-post-thumbnail","hentry","category-alicante","tag-onil"],"aioseo_notices":[],"_links":{"self":[{"href":"https:\/\/www.lafresca.fm\/fresca-api-json\/wp\/v2\/posts\/16213","targetHints":{"allow":["GET"]}}],"collection":[{"href":"https:\/\/www.lafresca.fm\/fresca-api-json\/wp\/v2\/posts"}],"about":[{"href":"https:\/\/www.lafresca.fm\/fresca-api-json\/wp\/v2\/types\/post"}],"author":[{"embeddable":true,"href":"https:\/\/www.lafresca.fm\/fresca-api-json\/wp\/v2\/users\/2"}],"replies":[{"embeddable":true,"href":"https:\/\/www.lafresca.fm\/fresca-api-json\/wp\/v2\/comments?post=16213"}],"version-history":[{"count":2,"href":"https:\/\/www.lafresca.fm\/fresca-api-json\/wp\/v2\/posts\/16213\/revisions"}],"predecessor-version":[{"id":16216,"href":"https:\/\/www.lafresca.fm\/fresca-api-json\/wp\/v2\/posts\/16213\/revisions\/16216"}],"wp:featuredmedia":[{"embeddable":true,"href":"https:\/\/www.lafresca.fm\/fresca-api-json\/wp\/v2\/media\/16214"}],"wp:attachment":[{"href":"https:\/\/www.lafresca.fm\/fresca-api-json\/wp\/v2\/media?parent=16213"}],"wp:term":[{"taxonomy":"category","embeddable":true,"href":"https:\/\/www.lafresca.fm\/fresca-api-json\/wp\/v2\/categories?post=16213"},{"taxonomy":"post_tag","embeddable":true,"href":"https:\/\/www.lafresca.fm\/fresca-api-json\/wp\/v2\/tags?post=16213"}],"curies":[{"name":"wp","href":"https:\/\/api.w.org\/{rel}","templated":true}]}}