{"id":16222,"date":"2025-09-18T13:07:29","date_gmt":"2025-09-18T11:07:29","guid":{"rendered":"https:\/\/www.lafresca.fm\/?p=16222"},"modified":"2025-09-18T13:11:56","modified_gmt":"2025-09-18T11:11:56","slug":"onil-celebra-la-10a-edicion-de-onil-es-mostra-y-la-2a-subida-internacional-los-dias-26-27-y-28-de-septiembre","status":"publish","type":"post","link":"https:\/\/www.lafresca.fm\/onil-celebra-la-10a-edicion-de-onil-es-mostra-y-la-2a-subida-internacional-los-dias-26-27-y-28-de-septiembre\/","title":{"rendered":"Onil celebra la 10\u00aa edici\u00f3n de \u201cOnil es Mostra\u201d y la 2\u00aa Subida Internacional los d\u00edas 26, 27 y 28 de septiembre"},"content":{"rendered":"\n<figure class=\"wp-block-audio\"><audio controls src=\"https:\/\/www.lafresca.fm\/f-solosog\/2025\/09\/Entrevista-Onil-es-Mostra-18-9-25.mp3\"><\/audio><\/figure>\n\n\n\n<p><strong>Onil se prepara para un fin de semana \u00fanico en el que la tradici\u00f3n, la cultura y el deporte ser\u00e1n protagonistas.<\/strong> El municipio acoger\u00e1 del 26 al 28 de septiembre la <strong>10\u00aa edici\u00f3n de \u201cOnil es Mostra\u201d<\/strong> y, en paralelo, la <strong>2\u00aa Subida Internacional de Onil<\/strong>, un evento que ya empieza a consolidarse en el calendario deportivo.<\/p>\n\n\n\n<figure class=\"wp-block-image size-large\"><img fetchpriority=\"high\" decoding=\"async\" width=\"1170\" height=\"878\" src=\"https:\/\/www.lafresca.fm\/f-solosog\/2025\/09\/entrevista-onil-es-mostra-18925-1170x878.jpeg\" alt=\"\" class=\"wp-image-16224\" srcset=\"https:\/\/www.lafresca.fm\/f-solosog\/2025\/09\/entrevista-onil-es-mostra-18925-1170x878.jpeg 1170w, https:\/\/www.lafresca.fm\/f-solosog\/2025\/09\/entrevista-onil-es-mostra-18925-770x578.jpeg 770w, https:\/\/www.lafresca.fm\/f-solosog\/2025\/09\/entrevista-onil-es-mostra-18925-768x576.jpeg 768w, https:\/\/www.lafresca.fm\/f-solosog\/2025\/09\/entrevista-onil-es-mostra-18925-1536x1152.jpeg 1536w, https:\/\/www.lafresca.fm\/f-solosog\/2025\/09\/entrevista-onil-es-mostra-18925.jpeg 2000w\" sizes=\"(max-width: 1170px) 100vw, 1170px\" \/><\/figure>\n\n\n\n<p>En una entrevista conjunta, el <strong>alcalde Jaume Berenguer<\/strong>, la <strong>concejala de Feria, Comercio y Hosteler\u00eda, Victoria S\u00e1nchez<\/strong>, y el <strong>coordinador del evento, David Pons<\/strong>, destacaron la relevancia de esta doble cita que refuerza la proyecci\u00f3n de Onil.<\/p>\n\n\n\n<p>El alcalde <strong>Jaume Berenguer<\/strong> subray\u00f3 que <em>\u201cesta 10\u00aa edici\u00f3n es un hito muy especial, porque demuestra la continuidad y la fortaleza de un proyecto que naci\u00f3 con la idea de mostrar el potencial de Onil y que hoy es una referencia comarcal\u201d<\/em>.<\/p>\n\n\n\n<figure class=\"wp-block-image size-large\"><img decoding=\"async\" width=\"936\" height=\"1170\" src=\"https:\/\/www.lafresca.fm\/f-solosog\/2025\/09\/544785218_1196927352470530_6389129921482898267_n-936x1170.jpg\" alt=\"\" class=\"wp-image-16174\" srcset=\"https:\/\/www.lafresca.fm\/f-solosog\/2025\/09\/544785218_1196927352470530_6389129921482898267_n-936x1170.jpg 936w, https:\/\/www.lafresca.fm\/f-solosog\/2025\/09\/544785218_1196927352470530_6389129921482898267_n-616x770.jpg 616w, https:\/\/www.lafresca.fm\/f-solosog\/2025\/09\/544785218_1196927352470530_6389129921482898267_n-768x960.jpg 768w, https:\/\/www.lafresca.fm\/f-solosog\/2025\/09\/544785218_1196927352470530_6389129921482898267_n.jpg 1080w\" sizes=\"(max-width: 936px) 100vw, 936px\" \/><\/figure>\n\n\n\n<p>Por su parte, <strong>Victoria S\u00e1nchez<\/strong> explic\u00f3 que la feria contar\u00e1 con una amplia oferta de actividades: exposici\u00f3n de productos locales, degustaciones gastron\u00f3micas, muestras de artesan\u00eda, actuaciones musicales y propuestas para toda la familia. <em>\u201cOnil es Mostra es una ventana abierta a nuestro comercio, nuestra hosteler\u00eda y nuestra cultura; queremos que tanto vecinos como visitantes disfruten de una experiencia completa\u201d<\/em>, se\u00f1al\u00f3.<\/p>\n\n\n\n<p>El coordinador <strong>David Pons<\/strong> detall\u00f3 que la feria estar\u00e1 estructurada en diferentes espacios tem\u00e1ticos que permitir\u00e1n al p\u00fablico disfrutar de forma ordenada y variada de la programaci\u00f3n. <em>\u201cHabr\u00e1 zonas dedicadas a la gastronom\u00eda, al comercio, a la cultura y tambi\u00e9n al ocio, con actuaciones musicales que llenar\u00e1n de ambiente las calles durante todo el fin de semana. La idea es que cada visitante encuentre su lugar en la feria y viva Onil de una manera cercana y festiva\u201d<\/em>, explic\u00f3.<\/p>\n\n\n\n<figure class=\"wp-block-image size-large\"><img decoding=\"async\" width=\"827\" height=\"1170\" src=\"https:\/\/www.lafresca.fm\/f-solosog\/2025\/09\/546300457_122240174126242166_3176798096591270138_n-827x1170.jpg\" alt=\"\" class=\"wp-image-16175\" srcset=\"https:\/\/www.lafresca.fm\/f-solosog\/2025\/09\/546300457_122240174126242166_3176798096591270138_n-827x1170.jpg 827w, https:\/\/www.lafresca.fm\/f-solosog\/2025\/09\/546300457_122240174126242166_3176798096591270138_n-544x770.jpg 544w, https:\/\/www.lafresca.fm\/f-solosog\/2025\/09\/546300457_122240174126242166_3176798096591270138_n-768x1086.jpg 768w, https:\/\/www.lafresca.fm\/f-solosog\/2025\/09\/546300457_122240174126242166_3176798096591270138_n-1086x1536.jpg 1086w, https:\/\/www.lafresca.fm\/f-solosog\/2025\/09\/546300457_122240174126242166_3176798096591270138_n.jpg 1414w\" sizes=\"(max-width: 827px) 100vw, 827px\" \/><\/figure>\n\n\n\n<p>Tanto la feria como la prueba deportiva se desarrollar\u00e1n en paralelo, generando una gran afluencia de visitantes. Desde el Ayuntamiento destacan la oportunidad que supone para la econom\u00eda local, as\u00ed como la imagen positiva que proyecta de Onil hacia el exterior.<\/p>\n<script>function PlayerjsAsync(){} if(window[\"Playerjs\"]){PlayerjsAsync();}<\/script>","protected":false},"excerpt":{"rendered":"<p>Onil se prepara para un fin de semana \u00fanico en el que la tradici\u00f3n, la cultura y el deporte ser\u00e1n protagonistas. El municipio acoger\u00e1 del 26 al 28 de septiembre la 10\u00aa edici\u00f3n de \u201cOnil es Mostra\u201d y, en paralelo, la 2\u00aa Subida Internacional de Onil, un evento que ya ...<\/p>\n","protected":false},"author":2,"featured_media":16224,"comment_status":"closed","ping_status":"closed","sticky":false,"template":"","format":"standard","meta":{"_monsterinsights_skip_tracking":false,"_monsterinsights_sitenote_active":false,"_monsterinsights_sitenote_note":"","_monsterinsights_sitenote_category":0,"footnotes":""},"categories":[4],"tags":[133,215,884],"class_list":["post-16222","post","type-post","status-publish","format-standard","has-post-thumbnail","hentry","category-alicante","tag-onil","tag-onil-es-mostra","tag-subida-onil-2025"],"aioseo_notices":[],"_links":{"self":[{"href":"https:\/\/www.lafresca.fm\/fresca-api-json\/wp\/v2\/posts\/16222","targetHints":{"allow":["GET"]}}],"collection":[{"href":"https:\/\/www.lafresca.fm\/fresca-api-json\/wp\/v2\/posts"}],"about":[{"href":"https:\/\/www.lafresca.fm\/fresca-api-json\/wp\/v2\/types\/post"}],"author":[{"embeddable":true,"href":"https:\/\/www.lafresca.fm\/fresca-api-json\/wp\/v2\/users\/2"}],"replies":[{"embeddable":true,"href":"https:\/\/www.lafresca.fm\/fresca-api-json\/wp\/v2\/comments?post=16222"}],"version-history":[{"count":2,"href":"https:\/\/www.lafresca.fm\/fresca-api-json\/wp\/v2\/posts\/16222\/revisions"}],"predecessor-version":[{"id":16227,"href":"https:\/\/www.lafresca.fm\/fresca-api-json\/wp\/v2\/posts\/16222\/revisions\/16227"}],"wp:featuredmedia":[{"embeddable":true,"href":"https:\/\/www.lafresca.fm\/fresca-api-json\/wp\/v2\/media\/16224"}],"wp:attachment":[{"href":"https:\/\/www.lafresca.fm\/fresca-api-json\/wp\/v2\/media?parent=16222"}],"wp:term":[{"taxonomy":"category","embeddable":true,"href":"https:\/\/www.lafresca.fm\/fresca-api-json\/wp\/v2\/categories?post=16222"},{"taxonomy":"post_tag","embeddable":true,"href":"https:\/\/www.lafresca.fm\/fresca-api-json\/wp\/v2\/tags?post=16222"}],"curies":[{"name":"wp","href":"https:\/\/api.w.org\/{rel}","templated":true}]}}