{"id":16242,"date":"2025-09-22T08:32:59","date_gmt":"2025-09-22T06:32:59","guid":{"rendered":"https:\/\/www.lafresca.fm\/?p=16242"},"modified":"2025-09-22T08:33:00","modified_gmt":"2025-09-22T06:33:00","slug":"62-participantes-tomaran-la-salida-en-la-subida-internacional-de-onil-2025","status":"publish","type":"post","link":"https:\/\/www.lafresca.fm\/62-participantes-tomaran-la-salida-en-la-subida-internacional-de-onil-2025\/","title":{"rendered":"62 participantes tomar\u00e1n la salida en La Subida Internacional de Onil 2025"},"content":{"rendered":"\n<p>Los <a><\/a>l\u00edderes del Campeonato Nacional de Monta\u00f1a AUTOhebdo Sport, Arkaitz Ordoki en Monoplazas, y Edgar Montella en categor\u00eda 3 llegan a Onil dispuestos a pelear por el t\u00edtulo, mientras que en la Categor\u00eda de 1, la de Turismos, Gerard De La Casa tomar\u00e1 la salida ya con el t\u00edtulo bajo el brazo.<\/p>\n\n\n\n<p>Con la lista definitiva de inscritos publicada, ser\u00e1n 62 pilotos los que tomar\u00e1n la salida los d\u00edas 26\/27\/28 de septiembre en la Subida Internacional de Onil, \u00faltima prueba del Campeonato Nacional de Monta\u00f1a AUTOhebdo Sport 2025.<\/p>\n\n\n\n<p>27 equipos son los que puntuar\u00e1n para el Certamen Nacional que constar\u00e1 de tres mangas de entrenamientos oficiales y tres de carrera. De este grupo de pilotos, 6 de ellos tambi\u00e9n lo hacen en el Campeonato de Monta\u00f1a de la Comunidad Valenciana, en el que otros 35 participantes m\u00e1s tambi\u00e9n participan en dicho campeonato auton\u00f3mico dividido en dos fases celebradas en s\u00e1bado y domingo, con unos entrenamientos oficiales y dos mangas de carrera en cada fase.<\/p>\n\n\n\n<p>Esta segunda edici\u00f3n de la Subida Internacional de Onil, supera con creces la anterior, que fue todo un \u00e9xito y que ha llamado la atenci\u00f3n de numerosos pilotos gallegos y portugueses, catalanes y andaluces. Omitiendo a los l\u00edderes ya mencionados, destacamos la participaci\u00f3n de pilotos de la talla de Joseba Iraola, campe\u00f3n nacional y europeo en monta\u00f1a, pilotos gallegos como Jorge L\u00f3pez con un Porsche 991.2 campe\u00f3n de Monta\u00f1a de Galicia o el laureado Jos\u00e9 Antonio L\u00f3pez Fombona con el espectacular Audi RS 5 DTM, que echamos de menos el a\u00f1o pasado. Desde Andaluc\u00eda, tres incre\u00edbles Porsche, los de Paco Jim\u00e9nez, Manuel Rueda y Miguel \u00c1ngel Clemente, al igual que desde Extremadura el espectacular Porsche 991 de Luis Casimiro, as\u00ed como el campe\u00f3n de Cantabria de Monta\u00f1a Gustavo Castro con el impresionante Lamborghini Hurac\u00e1n Supertrofeo.<\/p>\n\n\n\n<p>En la categor\u00eda m\u00e1s re\u00f1ida, la 3, destacamos al catal\u00e1n Jordi Vilardell (campe\u00f3n de monta\u00f1a de Catalu\u00f1a 2025) y al andorrano Joan Gil, junto al joven piloto Guillermo Pern\u00eda, que es el piloto AutoHebdo Sport para la temporada 2025.<\/p>\n\n\n\n<p>Respecto al certamen auton\u00f3mico, destacamos en monoplazas a Carlos Archiles, actual campe\u00f3n en monoplazas y l\u00edder del campeonato, y la participaci\u00f3n de Saul Arnau con su Radical SR8, sin olvidarnos de Antonio LLamus\u00ed con el Nova NP03 o el r\u00e1pido piloto catal\u00e1n \u201cCipri\u201d Ram\u00edrez con un CM Demo Car.<\/p>\n\n\n\n<p>Entre los turismos del campeonato valenciano, destacamos la inscripci\u00f3n de Mario Berm\u00fadez y Toni Ariete, que se presenta en Onil con montura nueva, un bonito Porsche 911 GT3, as\u00ed como los pilotos portugueses que vienen a participar en la prueba, junto con muchos gallegos y catalanes que har\u00e1n que la carrera est\u00e9 muy competida. En esta edici\u00f3n, cabe destacar la participaci\u00f3n femenina, ya que ser\u00e1n 3 las pilotos inscritas en la subida, ellas son Irene Vera, Laura Ban\u00fas y Faty Farroa.<\/p>\n\n\n\n<p>Recordar, que el viernes 26 a las 21:00 h en la Avd. De la Paz de Onil, el p\u00fablico aficionado podr\u00e1 presenciar la Ceremonia de Salida donde se ir\u00e1n presentando uno a uno todos los pilotos a bordo de sus potentes m\u00e1quinas.<\/p>\n\n\n\n<p>Hay que tener en cuenta que la Carrera como tal, arrancar\u00e1 el pr\u00f3ximo s\u00e1bado 27 de septiembre a las 10 de la ma\u00f1ana, con los Entrenamientos Libres Opcionales, dando paso a continuaci\u00f3n a los entrenamientos oficiales y mangas de carrera del CEM y del Campeonato Auton\u00f3mico.<\/p>\n\n\n\n<p>El domingo 28 a las 9 de la ma\u00f1ana, arrancar\u00e1 la jornada con entrenamientos oficiales y el resto de las categor\u00edas de ambos campeonatos.<\/p>\n\n\n\n<p>Asimismo es importante tambi\u00e9n recordar a los aficionados que los cortes de carretera se realizar\u00e1n el s\u00e1bado a las 8:00 horas y el domingo a las 7:00 horas, destacando que no se podr\u00e1 acceder al tramo a pie desde meta, una vez cortada la carretera.<\/p>\n\n\n\n<p>M\u00e1s informaci\u00f3n en <a href=\"https:\/\/l.facebook.com\/l.php?u=https%3A%2F%2Fsubidaonil.es%2F%3Ffbclid%3DIwZXh0bgNhZW0CMTAAYnJpZBEwS2M4NnV2Zm5UZHlzaDVaZgEePzZqLJRlxUqjR0jjQW26Y924KnQHkckTs6j1T_5wh04vTEtlmQX7qVM4tOw_aem_yps-ZhFvVeHAC5kSsVaSKQ&amp;h=AT0FyVxuSBDFcflw-YqOSivxbY8HyOLbaxInhnWu7OztozcWM2fRKwYDGE7dNfVWwtVlKETVi1n1JozTF8ZzMO0bjk7mKAkA6RZFzGy7o30u-PFVYFVUjhzj81cwD1UvXGS-FXIfYLXjdg&amp;__tn__=-UK-R&amp;c[0]=AT0OOhunDq2Dls7ZlCaEPaE4nTljFocAbUw4HAlWbbhQNTwIfU3sp7uQzbxAM86R2wZPW-NJsV44WvrG0s_WPNgMKkOhYLkJc6P60Y1Lhs7W5FYI2w57TFcYj2qPXd8wBwUKnwxkXSOGQdc6eNT2RFo62rirp4xD71VjLIy18pwx8N5wVCbQUudgJY4ORLO_7eHEu5vYJUBwgdWF8fTrUPDZ6w\" rel=\"noreferrer noopener\" target=\"_blank\">https:\/\/subidaonil.es<\/a><\/p>\n\n\n\n<figure class=\"wp-block-image size-large\"><img fetchpriority=\"high\" decoding=\"async\" width=\"936\" height=\"1170\" src=\"https:\/\/www.lafresca.fm\/f-solosog\/2025\/09\/549398701_1096074302738509_8606331706333691220_n-936x1170.jpg\" alt=\"\" class=\"wp-image-16243\" srcset=\"https:\/\/www.lafresca.fm\/f-solosog\/2025\/09\/549398701_1096074302738509_8606331706333691220_n-936x1170.jpg 936w, https:\/\/www.lafresca.fm\/f-solosog\/2025\/09\/549398701_1096074302738509_8606331706333691220_n-616x770.jpg 616w, https:\/\/www.lafresca.fm\/f-solosog\/2025\/09\/549398701_1096074302738509_8606331706333691220_n-768x960.jpg 768w, https:\/\/www.lafresca.fm\/f-solosog\/2025\/09\/549398701_1096074302738509_8606331706333691220_n-1229x1536.jpg 1229w, https:\/\/www.lafresca.fm\/f-solosog\/2025\/09\/549398701_1096074302738509_8606331706333691220_n.jpg 1415w\" sizes=\"(max-width: 936px) 100vw, 936px\" \/><\/figure>\n<script>function PlayerjsAsync(){} if(window[\"Playerjs\"]){PlayerjsAsync();}<\/script>","protected":false},"excerpt":{"rendered":"<p>Los l\u00edderes del Campeonato Nacional de Monta\u00f1a AUTOhebdo Sport, Arkaitz Ordoki en Monoplazas, y Edgar Montella en categor\u00eda 3 llegan a Onil dispuestos a pelear por el t\u00edtulo, mientras que en la Categor\u00eda de 1, la de Turismos, Gerard De La Casa tomar\u00e1 la salida ya con el t\u00edtulo bajo ...<\/p>\n","protected":false},"author":2,"featured_media":16187,"comment_status":"closed","ping_status":"closed","sticky":false,"template":"","format":"standard","meta":{"_monsterinsights_skip_tracking":false,"_monsterinsights_sitenote_active":false,"_monsterinsights_sitenote_note":"","_monsterinsights_sitenote_category":0,"footnotes":""},"categories":[4],"tags":[],"class_list":["post-16242","post","type-post","status-publish","format-standard","has-post-thumbnail","hentry","category-alicante"],"aioseo_notices":[],"_links":{"self":[{"href":"https:\/\/www.lafresca.fm\/fresca-api-json\/wp\/v2\/posts\/16242","targetHints":{"allow":["GET"]}}],"collection":[{"href":"https:\/\/www.lafresca.fm\/fresca-api-json\/wp\/v2\/posts"}],"about":[{"href":"https:\/\/www.lafresca.fm\/fresca-api-json\/wp\/v2\/types\/post"}],"author":[{"embeddable":true,"href":"https:\/\/www.lafresca.fm\/fresca-api-json\/wp\/v2\/users\/2"}],"replies":[{"embeddable":true,"href":"https:\/\/www.lafresca.fm\/fresca-api-json\/wp\/v2\/comments?post=16242"}],"version-history":[{"count":1,"href":"https:\/\/www.lafresca.fm\/fresca-api-json\/wp\/v2\/posts\/16242\/revisions"}],"predecessor-version":[{"id":16244,"href":"https:\/\/www.lafresca.fm\/fresca-api-json\/wp\/v2\/posts\/16242\/revisions\/16244"}],"wp:featuredmedia":[{"embeddable":true,"href":"https:\/\/www.lafresca.fm\/fresca-api-json\/wp\/v2\/media\/16187"}],"wp:attachment":[{"href":"https:\/\/www.lafresca.fm\/fresca-api-json\/wp\/v2\/media?parent=16242"}],"wp:term":[{"taxonomy":"category","embeddable":true,"href":"https:\/\/www.lafresca.fm\/fresca-api-json\/wp\/v2\/categories?post=16242"},{"taxonomy":"post_tag","embeddable":true,"href":"https:\/\/www.lafresca.fm\/fresca-api-json\/wp\/v2\/tags?post=16242"}],"curies":[{"name":"wp","href":"https:\/\/api.w.org\/{rel}","templated":true}]}}