{"id":16245,"date":"2025-09-22T08:45:57","date_gmt":"2025-09-22T06:45:57","guid":{"rendered":"https:\/\/www.lafresca.fm\/?p=16245"},"modified":"2025-09-22T08:45:58","modified_gmt":"2025-09-22T06:45:58","slug":"soraya-perez-lleva-el-nombre-de-ibi-al-mundial-de-puzles-con-dos-destacadas-posiciones-en-la-final","status":"publish","type":"post","link":"https:\/\/www.lafresca.fm\/soraya-perez-lleva-el-nombre-de-ibi-al-mundial-de-puzles-con-dos-destacadas-posiciones-en-la-final\/","title":{"rendered":"Soraya P\u00e9rez lleva el nombre de Ibi al Mundial de Puzles con dos destacadas posiciones en la final"},"content":{"rendered":"\n<p>La quinta edici\u00f3n del Campeonato Mundial de Puzles 2025 baj\u00f3 el tel\u00f3n en Valladolid dejando cifras de r\u00e9cord y un destacado papel de la representante de Ibi, <strong>Soraya P\u00e9rez Carayol<\/strong>, que logr\u00f3 situarse en el <strong>top 10 en la modalidad por equipos<\/strong> y en el <strong>puesto 46 a nivel mundial en la categor\u00eda de parejas<\/strong>.<\/p>\n\n\n\n<figure class=\"wp-block-image size-large\"><img fetchpriority=\"high\" decoding=\"async\" width=\"1170\" height=\"878\" src=\"https:\/\/www.lafresca.fm\/f-solosog\/2025\/09\/550260379_10239306317620806_450748721436744271_n-1170x878.jpg\" alt=\"\" class=\"wp-image-16246\" srcset=\"https:\/\/www.lafresca.fm\/f-solosog\/2025\/09\/550260379_10239306317620806_450748721436744271_n-1170x878.jpg 1170w, https:\/\/www.lafresca.fm\/f-solosog\/2025\/09\/550260379_10239306317620806_450748721436744271_n-770x578.jpg 770w, https:\/\/www.lafresca.fm\/f-solosog\/2025\/09\/550260379_10239306317620806_450748721436744271_n-768x576.jpg 768w, https:\/\/www.lafresca.fm\/f-solosog\/2025\/09\/550260379_10239306317620806_450748721436744271_n-1536x1152.jpg 1536w, https:\/\/www.lafresca.fm\/f-solosog\/2025\/09\/550260379_10239306317620806_450748721436744271_n.jpg 1600w\" sizes=\"(max-width: 1170px) 100vw, 1170px\" \/><\/figure>\n\n\n\n<p>El certamen, que durante una semana convirti\u00f3 a la capital vallisoletana en el epicentro internacional del rompecabezas, reuni\u00f3 a m\u00e1s de <strong>3.600 participantes<\/strong> procedentes de numerosos pa\u00edses. En total se completaron <strong>13.900 puzles<\/strong> y se repartieron <strong>14.500 euros en premios<\/strong>, con Polonia como gran triunfadora al acaparar el primer y segundo puesto en la competici\u00f3n individual.<\/p>\n\n\n\n<p>En la prueba de parejas, P\u00e9rez Carayol compiti\u00f3 junto a <strong>Claudia Carnicero<\/strong>, natural de Soria. Ambas resolvieron un puzle de <strong>1.000 piezas en 1 hora, 17 minutos y 58 segundos<\/strong>, un registro que les permiti\u00f3 escalar hasta la <strong>posici\u00f3n 46 de un total cercano a 800 d\u00faos inscritos<\/strong>.<\/p>\n\n\n\n<p>Por su parte, en la categor\u00eda de equipos, la deportista ibense form\u00f3 parte de un combinado que se alz\u00f3 con una <strong>meritoria 10\u00aa plaza<\/strong>, consolidando as\u00ed su presencia entre la \u00e9lite mundial del puzle.<\/p>\n<script>function PlayerjsAsync(){} if(window[\"Playerjs\"]){PlayerjsAsync();}<\/script>","protected":false},"excerpt":{"rendered":"<p>La quinta edici\u00f3n del Campeonato Mundial de Puzles 2025 baj\u00f3 el tel\u00f3n en Valladolid dejando cifras de r\u00e9cord y un destacado papel de la representante de Ibi, Soraya P\u00e9rez Carayol, que logr\u00f3 situarse en el top 10 en la modalidad por equipos y en el puesto 46 a nivel mundial ...<\/p>\n","protected":false},"author":2,"featured_media":16246,"comment_status":"closed","ping_status":"closed","sticky":false,"template":"","format":"standard","meta":{"_monsterinsights_skip_tracking":false,"_monsterinsights_sitenote_active":false,"_monsterinsights_sitenote_note":"","_monsterinsights_sitenote_category":0,"footnotes":""},"categories":[4],"tags":[128],"class_list":["post-16245","post","type-post","status-publish","format-standard","has-post-thumbnail","hentry","category-alicante","tag-ibi"],"aioseo_notices":[],"_links":{"self":[{"href":"https:\/\/www.lafresca.fm\/fresca-api-json\/wp\/v2\/posts\/16245","targetHints":{"allow":["GET"]}}],"collection":[{"href":"https:\/\/www.lafresca.fm\/fresca-api-json\/wp\/v2\/posts"}],"about":[{"href":"https:\/\/www.lafresca.fm\/fresca-api-json\/wp\/v2\/types\/post"}],"author":[{"embeddable":true,"href":"https:\/\/www.lafresca.fm\/fresca-api-json\/wp\/v2\/users\/2"}],"replies":[{"embeddable":true,"href":"https:\/\/www.lafresca.fm\/fresca-api-json\/wp\/v2\/comments?post=16245"}],"version-history":[{"count":1,"href":"https:\/\/www.lafresca.fm\/fresca-api-json\/wp\/v2\/posts\/16245\/revisions"}],"predecessor-version":[{"id":16247,"href":"https:\/\/www.lafresca.fm\/fresca-api-json\/wp\/v2\/posts\/16245\/revisions\/16247"}],"wp:featuredmedia":[{"embeddable":true,"href":"https:\/\/www.lafresca.fm\/fresca-api-json\/wp\/v2\/media\/16246"}],"wp:attachment":[{"href":"https:\/\/www.lafresca.fm\/fresca-api-json\/wp\/v2\/media?parent=16245"}],"wp:term":[{"taxonomy":"category","embeddable":true,"href":"https:\/\/www.lafresca.fm\/fresca-api-json\/wp\/v2\/categories?post=16245"},{"taxonomy":"post_tag","embeddable":true,"href":"https:\/\/www.lafresca.fm\/fresca-api-json\/wp\/v2\/tags?post=16245"}],"curies":[{"name":"wp","href":"https:\/\/api.w.org\/{rel}","templated":true}]}}