{"id":16248,"date":"2025-09-22T10:23:42","date_gmt":"2025-09-22T08:23:42","guid":{"rendered":"https:\/\/www.lafresca.fm\/?p=16248"},"modified":"2025-09-22T10:23:43","modified_gmt":"2025-09-22T08:23:43","slug":"fuerte-respaldo-empresarial-para-la-subida-internacional-de-onil","status":"publish","type":"post","link":"https:\/\/www.lafresca.fm\/fuerte-respaldo-empresarial-para-la-subida-internacional-de-onil\/","title":{"rendered":"Fuerte respaldo empresarial para la \u201cSubida Internacional de Onil\u201d"},"content":{"rendered":"\n<p><strong>Al margen del Ayuntamiento de Onil, Diputaci\u00f3n de Alicante y Generalitat Valenciana como patrocinadores institucionales, un importante n\u00famero de empresas tambi\u00e9n colaboran con la prueba.<\/strong><\/p>\n\n\n\n<p>Ya solo faltan unos d\u00edas para que se celebre la Subida Internacional de Onil, prueba que pertenece al&nbsp;<strong>CAMPEONATO DE ESPA\u00d1A DE MONTA\u00d1A AUTOhebdo Sport<\/strong>&nbsp;y que cuenta con una lista de patrocinadores y colaboradores, que a\u00f1o tras a\u00f1o no dudan en unirse al automovilismo regional y nacional. Estas colaboraciones son imprescindibles para el buen \u00e9xito de la carrera que se vivir\u00e1 en la localidad de Onil los pr\u00f3ximos 26, 27 y 28 de septiembre.<\/p>\n\n\n\n<p>Con la ayuda de estas empresas, el Autom\u00f3vil Club de Alicante, organizador de la prueba, se permite alcanzar el presupuesto necesario para poder desarrollar con seguridad el evento. Log\u00edstica, infraestructuras, seguridad, comunicaci\u00f3n y servicios, tambi\u00e9n es fundamental para lograr el \u00e9xito que todos deseamos de cara al pr\u00f3ximo fin de semana. Cada patrocinador y colaborador, en la medida de lo posible, aporta su granito de arena para conseguir el objetivo.<\/p>\n\n\n\n<figure class=\"wp-block-image size-large\"><img fetchpriority=\"high\" decoding=\"async\" width=\"1170\" height=\"847\" src=\"https:\/\/www.lafresca.fm\/f-solosog\/2025\/09\/CdP12_Subida-InternacionaldeOnil_Empresascolaboradoras2-1170x847.jpg\" alt=\"\" class=\"wp-image-16249\" srcset=\"https:\/\/www.lafresca.fm\/f-solosog\/2025\/09\/CdP12_Subida-InternacionaldeOnil_Empresascolaboradoras2-1170x847.jpg 1170w, https:\/\/www.lafresca.fm\/f-solosog\/2025\/09\/CdP12_Subida-InternacionaldeOnil_Empresascolaboradoras2-770x557.jpg 770w, https:\/\/www.lafresca.fm\/f-solosog\/2025\/09\/CdP12_Subida-InternacionaldeOnil_Empresascolaboradoras2-768x556.jpg 768w, https:\/\/www.lafresca.fm\/f-solosog\/2025\/09\/CdP12_Subida-InternacionaldeOnil_Empresascolaboradoras2-1536x1112.jpg 1536w, https:\/\/www.lafresca.fm\/f-solosog\/2025\/09\/CdP12_Subida-InternacionaldeOnil_Empresascolaboradoras2-2048x1483.jpg 2048w\" sizes=\"(max-width: 1170px) 100vw, 1170px\" \/><\/figure>\n\n\n\n<p>Empresas como<strong>&nbsp;Concesionarios VW SALA HERMANOS, Grupo MIR\u00d3N, Helados CHAMBIT, Reciclajes SABOSPA, SAT ASTUR, AMYC, AutoCenter SANVIRODA, MicroautoCenter Alicante, Caja Rural Central, MUNDO BARQUILLO, FOBESA, Juguetes NINCO, Neum\u00e1ticos Falken, GESTIC\u00d3N, DIALPRIX S\u00fapermercados, Fontaner\u00eda Benilloba,&nbsp; Restaurante LA MARJAL, Grupo SOLITIUM, Talleres Hnos Arroyo,&nbsp;<\/strong>&nbsp;<strong>Todo Trofeo,<\/strong>&nbsp;y otros muchos que participan en la revista oficial de la prueba, facilitan enormemente el trabajo de la organizaci\u00f3n durante todo el fin de semana.<\/p>\n\n\n\n<p>No hay que olvidar la presencia de empresas como&nbsp;<strong>Auto Hebdo Sport&nbsp;<\/strong>que da nombre al campeonato,&nbsp;<strong>Fotomotor<\/strong>&nbsp;o&nbsp;<strong>La Fresca FM<\/strong>&nbsp;que dar\u00e1n cobertura a la prueba mediante sus reportajes, cronometraje y transmisi\u00f3n de tiempos online o retransmisi\u00f3n de la prueba. Por su parte, respecto al alojamiento, hoteles como el&nbsp;<strong>Hotel Onil y Hotel Ibi, del Grupo Mir\u00f3n, y Hotel Don Jos\u00e9<\/strong>&nbsp;en Castalla entre otros recomendados, ofrecen sus servicios y se adaptan a los equipos y visitantes que acuden a la prueba.<\/p>\n\n\n\n<p>La Subida Internacional de Onil, forma parte del evento&nbsp;<strong>Onil es Mostra<\/strong>, organizado por el ayuntamiento. Este evento, atraer\u00e1 a miles de visitantes a la bonita localidad del interior de la provincia de Alicante que contar\u00e1 con una feria medieval, exposiciones, carrera de autos locos, gastronom\u00eda, actos culturales y como plato fuerte la Subida Internacional de Onil. Las empresas colaboradoras, estar\u00e1n presentes en un evento, que en 2024 fue todo un \u00e9xito nunca visto antes en Onil y que atraer\u00e1 de nuevo a miles de visitantes.<\/p>\n\n\n\n<p>M\u00e1s informaci\u00f3n en&nbsp;<a rel=\"noreferrer noopener\" target=\"_blank\" href=\"https:\/\/subidaonil.es\/\">https:\/\/subidaonil.es<\/a><\/p>\n<script>function PlayerjsAsync(){} if(window[\"Playerjs\"]){PlayerjsAsync();}<\/script>","protected":false},"excerpt":{"rendered":"<p>Al margen del Ayuntamiento de Onil, Diputaci\u00f3n de Alicante y Generalitat Valenciana como patrocinadores institucionales, un importante n\u00famero de empresas tambi\u00e9n colaboran con la prueba. Ya solo faltan unos d\u00edas para que se celebre la Subida Internacional de Onil, prueba que pertenece al&nbsp;CAMPEONATO DE ESPA\u00d1A DE MONTA\u00d1A AUTOhebdo Sport&nbsp;y que ...<\/p>\n","protected":false},"author":2,"featured_media":16249,"comment_status":"closed","ping_status":"closed","sticky":false,"template":"","format":"standard","meta":{"_monsterinsights_skip_tracking":false,"_monsterinsights_sitenote_active":false,"_monsterinsights_sitenote_note":"","_monsterinsights_sitenote_category":0,"footnotes":""},"categories":[4],"tags":[133,766],"class_list":["post-16248","post","type-post","status-publish","format-standard","has-post-thumbnail","hentry","category-alicante","tag-onil","tag-subida-a-onil"],"aioseo_notices":[],"_links":{"self":[{"href":"https:\/\/www.lafresca.fm\/fresca-api-json\/wp\/v2\/posts\/16248","targetHints":{"allow":["GET"]}}],"collection":[{"href":"https:\/\/www.lafresca.fm\/fresca-api-json\/wp\/v2\/posts"}],"about":[{"href":"https:\/\/www.lafresca.fm\/fresca-api-json\/wp\/v2\/types\/post"}],"author":[{"embeddable":true,"href":"https:\/\/www.lafresca.fm\/fresca-api-json\/wp\/v2\/users\/2"}],"replies":[{"embeddable":true,"href":"https:\/\/www.lafresca.fm\/fresca-api-json\/wp\/v2\/comments?post=16248"}],"version-history":[{"count":1,"href":"https:\/\/www.lafresca.fm\/fresca-api-json\/wp\/v2\/posts\/16248\/revisions"}],"predecessor-version":[{"id":16250,"href":"https:\/\/www.lafresca.fm\/fresca-api-json\/wp\/v2\/posts\/16248\/revisions\/16250"}],"wp:featuredmedia":[{"embeddable":true,"href":"https:\/\/www.lafresca.fm\/fresca-api-json\/wp\/v2\/media\/16249"}],"wp:attachment":[{"href":"https:\/\/www.lafresca.fm\/fresca-api-json\/wp\/v2\/media?parent=16248"}],"wp:term":[{"taxonomy":"category","embeddable":true,"href":"https:\/\/www.lafresca.fm\/fresca-api-json\/wp\/v2\/categories?post=16248"},{"taxonomy":"post_tag","embeddable":true,"href":"https:\/\/www.lafresca.fm\/fresca-api-json\/wp\/v2\/tags?post=16248"}],"curies":[{"name":"wp","href":"https:\/\/api.w.org\/{rel}","templated":true}]}}