{"id":16254,"date":"2025-09-23T08:29:12","date_gmt":"2025-09-23T06:29:12","guid":{"rendered":"https:\/\/www.lafresca.fm\/?p=16254"},"modified":"2025-09-23T12:19:09","modified_gmt":"2025-09-23T10:19:09","slug":"castalla-presenta-la-programacion-para-celebrar-el-9-de-octubre","status":"publish","type":"post","link":"https:\/\/www.lafresca.fm\/castalla-presenta-la-programacion-para-celebrar-el-9-de-octubre\/","title":{"rendered":"Castalla presenta la programaci\u00f3n para celebrar el 9 de octubre"},"content":{"rendered":"\n<ul class=\"wp-block-list\">\n<li><strong>La propuesta mantiene la paella gigante para m\u00e1s de 1000 personas, m\u00fasica y tradiciones.<\/strong><\/li>\n<\/ul>\n\n\n\n<p>El Ayuntamiento de Castalla ha presentado la programaci\u00f3n para conmemorar la festividad del 9 de octubre, Dia de la Comunitat Valenciana.<\/p>\n\n\n\n<p><br>Durante la ma\u00f1ana, los vecinos y vecinas del municipio podr\u00e1n participar en actividades variadas como la Ruleta Valenciana, un divertido espect\u00e1culo de animaci\u00f3n que consiste en llevar a cabo un gran concurso por equipos sobre cultura de nuestra tierra, as\u00ed como un pasacalles y un concierto a cargo de El Sogall, danzas y canciones populares y la paella gigante, para m\u00e1s de 1000 personas.<\/p>\n\n\n\n<p>Hay que destacar que, a parte de la Ruleta Valenciana, que se celebrar\u00e1 en la Casa de Cultura, el resto de actividades se llevar\u00e1n a cabo en el Parque Municipal. Adem\u00e1s, las raciones de la paella gigante tienen un precio de 5 euros de donativo, cuyo beneficio se destinar\u00e1 \u00edntegramente a la Asociaci\u00f3n de Fibromi\u00e0lgia. Los tickets se podr\u00e1n adquirir de manera anticipada en la Casa de Cultura.<\/p>\n\n\n\n<p>En cuanto a la programaci\u00f3n concreta, las actividades empezar\u00e1n a las 11:00h, cuando comience el juego de la Ruleta Valenciana. En torno al mediod\u00eda, se celebrar\u00e1 el pasacalles y el concierto de El Sogall. Seguidamente, los asistentes podr\u00e1n disfrutar de las danzas y canciones populares y, como colof\u00f3n, las personas interesadas podr\u00e1n comer en convivencia el arroz de la paella gigante que se cocinar\u00e1, directamente, en el parque municipal.<\/p>\n\n\n\n<p>Jes\u00fas L\u00f3pez, alcalde castellut, ha destacado \u201cla interesante propuesta que hemos organizado para celebrar el d\u00eda de todos los valencianos y valencianas, ya que durante la jornada podremos ver una muestra representativa de nuestras tradiciones, cultura e historia, lo cual nos llena de orgullo\u201d.<\/p>\n\n\n\n<figure class=\"wp-block-image size-large\"><img fetchpriority=\"high\" decoding=\"async\" width=\"936\" height=\"1170\" src=\"https:\/\/www.lafresca.fm\/f-solosog\/2025\/09\/PROGRAMACIO-9-OCTUBRE-2025-CASTALLA-OK-936x1170.jpg\" alt=\"\" class=\"wp-image-16264\" srcset=\"https:\/\/www.lafresca.fm\/f-solosog\/2025\/09\/PROGRAMACIO-9-OCTUBRE-2025-CASTALLA-OK-936x1170.jpg 936w, https:\/\/www.lafresca.fm\/f-solosog\/2025\/09\/PROGRAMACIO-9-OCTUBRE-2025-CASTALLA-OK-616x770.jpg 616w, https:\/\/www.lafresca.fm\/f-solosog\/2025\/09\/PROGRAMACIO-9-OCTUBRE-2025-CASTALLA-OK-768x960.jpg 768w, https:\/\/www.lafresca.fm\/f-solosog\/2025\/09\/PROGRAMACIO-9-OCTUBRE-2025-CASTALLA-OK-1229x1536.jpg 1229w, https:\/\/www.lafresca.fm\/f-solosog\/2025\/09\/PROGRAMACIO-9-OCTUBRE-2025-CASTALLA-OK-1638x2048.jpg 1638w, https:\/\/www.lafresca.fm\/f-solosog\/2025\/09\/PROGRAMACIO-9-OCTUBRE-2025-CASTALLA-OK-scaled.jpg 2048w\" sizes=\"(max-width: 936px) 100vw, 936px\" \/><\/figure>\n<script>function PlayerjsAsync(){} if(window[\"Playerjs\"]){PlayerjsAsync();}<\/script>","protected":false},"excerpt":{"rendered":"<p>El Ayuntamiento de Castalla ha presentado la programaci\u00f3n para conmemorar la festividad del 9 de octubre, Dia de la Comunitat Valenciana. Durante la ma\u00f1ana, los vecinos y vecinas del municipio podr\u00e1n participar en actividades variadas como la Ruleta Valenciana, un divertido espect\u00e1culo de animaci\u00f3n que consiste en llevar a cabo ...<\/p>\n","protected":false},"author":2,"featured_media":16264,"comment_status":"closed","ping_status":"closed","sticky":false,"template":"","format":"standard","meta":{"_monsterinsights_skip_tracking":false,"_monsterinsights_sitenote_active":false,"_monsterinsights_sitenote_note":"","_monsterinsights_sitenote_category":0,"footnotes":""},"categories":[4],"tags":[144],"class_list":["post-16254","post","type-post","status-publish","format-standard","has-post-thumbnail","hentry","category-alicante","tag-castalla"],"aioseo_notices":[],"_links":{"self":[{"href":"https:\/\/www.lafresca.fm\/fresca-api-json\/wp\/v2\/posts\/16254","targetHints":{"allow":["GET"]}}],"collection":[{"href":"https:\/\/www.lafresca.fm\/fresca-api-json\/wp\/v2\/posts"}],"about":[{"href":"https:\/\/www.lafresca.fm\/fresca-api-json\/wp\/v2\/types\/post"}],"author":[{"embeddable":true,"href":"https:\/\/www.lafresca.fm\/fresca-api-json\/wp\/v2\/users\/2"}],"replies":[{"embeddable":true,"href":"https:\/\/www.lafresca.fm\/fresca-api-json\/wp\/v2\/comments?post=16254"}],"version-history":[{"count":4,"href":"https:\/\/www.lafresca.fm\/fresca-api-json\/wp\/v2\/posts\/16254\/revisions"}],"predecessor-version":[{"id":16271,"href":"https:\/\/www.lafresca.fm\/fresca-api-json\/wp\/v2\/posts\/16254\/revisions\/16271"}],"wp:featuredmedia":[{"embeddable":true,"href":"https:\/\/www.lafresca.fm\/fresca-api-json\/wp\/v2\/media\/16264"}],"wp:attachment":[{"href":"https:\/\/www.lafresca.fm\/fresca-api-json\/wp\/v2\/media?parent=16254"}],"wp:term":[{"taxonomy":"category","embeddable":true,"href":"https:\/\/www.lafresca.fm\/fresca-api-json\/wp\/v2\/categories?post=16254"},{"taxonomy":"post_tag","embeddable":true,"href":"https:\/\/www.lafresca.fm\/fresca-api-json\/wp\/v2\/tags?post=16254"}],"curies":[{"name":"wp","href":"https:\/\/api.w.org\/{rel}","templated":true}]}}