{"id":16257,"date":"2025-09-23T08:30:37","date_gmt":"2025-09-23T06:30:37","guid":{"rendered":"https:\/\/www.lafresca.fm\/?p=16257"},"modified":"2025-09-23T08:30:39","modified_gmt":"2025-09-23T06:30:39","slug":"moto-almuerzo-onil-es-mostra-28-de-septiembre-de-2025","status":"publish","type":"post","link":"https:\/\/www.lafresca.fm\/moto-almuerzo-onil-es-mostra-28-de-septiembre-de-2025\/","title":{"rendered":"Moto Almuerzo \u201cOnil es Mostra\u201d \u2013 28 de septiembre de 2025"},"content":{"rendered":"\n<p>El pr\u00f3ximo&nbsp;<strong>domingo 28 de septiembre de 2025<\/strong>, la localidad de&nbsp;<strong>Onil<\/strong>&nbsp;acoger\u00e1 uno de los encuentros moteros m\u00e1s esperados del a\u00f1o en el marco de la feria&nbsp;<strong>\u201cOnil es Mostra\u201d<\/strong>. Se trata del&nbsp;<strong>Moto Almuerzo<\/strong>, un evento que reunir\u00e1 a aficionados a las dos ruedas y al motor en general, con m\u00fasica en directo, gastronom\u00eda t\u00edpica y un ambiente festivo pensado para todos los p\u00fablicos.<\/p>\n\n\n\n<p>La jornada dar\u00e1 comienzo a las&nbsp;<strong>9:45 horas<\/strong>&nbsp;con la concentraci\u00f3n y aparcamiento de las motos en la&nbsp;<strong>C\/ P.P. Juan de Molina<\/strong>. A las&nbsp;<strong>10:00 horas<\/strong>&nbsp;tendr\u00e1 lugar el esperado&nbsp;<strong>Moto Almuerzo<\/strong>&nbsp;en la&nbsp;<strong>Plaza de Espa\u00f1a de Onil<\/strong>, con entrada libre y animaci\u00f3n musical<\/p>\n\n\n\n<p>El almuerzo, con un precio de&nbsp;<strong>10 \u20ac<\/strong>, incluye bocadillo a elegir, olivas del cuquillo, tomate trinchado, bebida y un chupito de herbero, bebida tradicional de la zona.<\/p>\n\n\n\n<p>A partir de las&nbsp;<strong>12:00 horas<\/strong>, el ambiente se llenar\u00e1 de m\u00fasica en directo con el&nbsp;<strong>concierto del grupo N-340<\/strong>, que pondr\u00e1 la nota final a la ma\u00f1ana motera.<\/p>\n\n\n\n<p>Adem\u00e1s, este evento coincide con la celebraci\u00f3n de la&nbsp;<strong>Subida Internacional a Onil<\/strong>, una de las pruebas automovil\u00edsticas m\u00e1s destacadas del calendario, y con la feria&nbsp;<strong>\u201cOnil es Mostra\u201d<\/strong>, que ofrecer\u00e1 durante todo el d\u00eda un sinf\u00edn de actividades culturales, gastron\u00f3micas y de ocio para vecinos y visitantes.<\/p>\n\n\n\n<h3 class=\"wp-block-heading\">\ud83d\udccd Informaci\u00f3n pr\u00e1ctica:<\/h3>\n\n\n\n<ul class=\"wp-block-list\">\n<li><strong>Fecha:<\/strong>\u00a0Domingo, 28 de septiembre de 2025<\/li>\n\n\n\n<li><strong>Lugar:<\/strong>\u00a0Plaza de Espa\u00f1a, Onil (Alicante)<\/li>\n\n\n\n<li><strong>Horario:<\/strong>\u00a0Desde las 9:45 h<\/li>\n\n\n\n<li><strong>Entrada:<\/strong>\u00a0Libre (almuerzo 10 \u20ac)<\/li>\n<\/ul>\n\n\n\n<figure class=\"wp-block-image size-large\"><img fetchpriority=\"high\" decoding=\"async\" width=\"827\" height=\"1170\" src=\"https:\/\/www.lafresca.fm\/f-solosog\/2025\/09\/WhatsApp-Image-2025-09-22-at-16.41.19-827x1170.jpeg\" alt=\"\" class=\"wp-image-16258\" srcset=\"https:\/\/www.lafresca.fm\/f-solosog\/2025\/09\/WhatsApp-Image-2025-09-22-at-16.41.19-827x1170.jpeg 827w, https:\/\/www.lafresca.fm\/f-solosog\/2025\/09\/WhatsApp-Image-2025-09-22-at-16.41.19-544x770.jpeg 544w, https:\/\/www.lafresca.fm\/f-solosog\/2025\/09\/WhatsApp-Image-2025-09-22-at-16.41.19-768x1086.jpeg 768w, https:\/\/www.lafresca.fm\/f-solosog\/2025\/09\/WhatsApp-Image-2025-09-22-at-16.41.19-1086x1536.jpeg 1086w, https:\/\/www.lafresca.fm\/f-solosog\/2025\/09\/WhatsApp-Image-2025-09-22-at-16.41.19.jpeg 1131w\" sizes=\"(max-width: 827px) 100vw, 827px\" \/><\/figure>\n<script>function PlayerjsAsync(){} if(window[\"Playerjs\"]){PlayerjsAsync();}<\/script>","protected":false},"excerpt":{"rendered":"<p>El pr\u00f3ximo&nbsp;domingo 28 de septiembre de 2025, la localidad de&nbsp;Onil&nbsp;acoger\u00e1 uno de los encuentros moteros m\u00e1s esperados del a\u00f1o en el marco de la feria&nbsp;\u201cOnil es Mostra\u201d. Se trata del&nbsp;Moto Almuerzo, un evento que reunir\u00e1 a aficionados a las dos ruedas y al motor en general, con m\u00fasica en directo, ...<\/p>\n","protected":false},"author":2,"featured_media":16258,"comment_status":"closed","ping_status":"closed","sticky":false,"template":"","format":"standard","meta":{"_monsterinsights_skip_tracking":false,"_monsterinsights_sitenote_active":false,"_monsterinsights_sitenote_note":"","_monsterinsights_sitenote_category":0,"footnotes":""},"categories":[4],"tags":[133],"class_list":["post-16257","post","type-post","status-publish","format-standard","has-post-thumbnail","hentry","category-alicante","tag-onil"],"aioseo_notices":[],"_links":{"self":[{"href":"https:\/\/www.lafresca.fm\/fresca-api-json\/wp\/v2\/posts\/16257","targetHints":{"allow":["GET"]}}],"collection":[{"href":"https:\/\/www.lafresca.fm\/fresca-api-json\/wp\/v2\/posts"}],"about":[{"href":"https:\/\/www.lafresca.fm\/fresca-api-json\/wp\/v2\/types\/post"}],"author":[{"embeddable":true,"href":"https:\/\/www.lafresca.fm\/fresca-api-json\/wp\/v2\/users\/2"}],"replies":[{"embeddable":true,"href":"https:\/\/www.lafresca.fm\/fresca-api-json\/wp\/v2\/comments?post=16257"}],"version-history":[{"count":1,"href":"https:\/\/www.lafresca.fm\/fresca-api-json\/wp\/v2\/posts\/16257\/revisions"}],"predecessor-version":[{"id":16259,"href":"https:\/\/www.lafresca.fm\/fresca-api-json\/wp\/v2\/posts\/16257\/revisions\/16259"}],"wp:featuredmedia":[{"embeddable":true,"href":"https:\/\/www.lafresca.fm\/fresca-api-json\/wp\/v2\/media\/16258"}],"wp:attachment":[{"href":"https:\/\/www.lafresca.fm\/fresca-api-json\/wp\/v2\/media?parent=16257"}],"wp:term":[{"taxonomy":"category","embeddable":true,"href":"https:\/\/www.lafresca.fm\/fresca-api-json\/wp\/v2\/categories?post=16257"},{"taxonomy":"post_tag","embeddable":true,"href":"https:\/\/www.lafresca.fm\/fresca-api-json\/wp\/v2\/tags?post=16257"}],"curies":[{"name":"wp","href":"https:\/\/api.w.org\/{rel}","templated":true}]}}