{"id":16260,"date":"2025-09-23T08:35:57","date_gmt":"2025-09-23T06:35:57","guid":{"rendered":"https:\/\/www.lafresca.fm\/?p=16260"},"modified":"2025-09-23T08:35:58","modified_gmt":"2025-09-23T06:35:58","slug":"el-ayuntamiento-de-ibi-organiza-para-el-3-de-octubre-la-nit-oberta-del-comercio-local","status":"publish","type":"post","link":"https:\/\/www.lafresca.fm\/el-ayuntamiento-de-ibi-organiza-para-el-3-de-octubre-la-nit-oberta-del-comercio-local\/","title":{"rendered":"El Ayuntamiento de Ibi organiza para el 3 de octubre la \u2018Nit Oberta\u2019 del comercio local"},"content":{"rendered":"\n<ul class=\"wp-block-list\">\n<li>El 3 de octubre, el comercio de la localidad ofrecer\u00e1 descuentos y diversi\u00f3n hasta las 00:00 h de la noche con diferentes promociones y actividades para toda la ciudadan\u00eda.<\/li>\n<\/ul>\n\n\n\n<p>Desde la concejal\u00eda de Comercio del Ayuntamiento de Ibi, con la colaboraci\u00f3n del comercio local y el apoyo de la Conselleria de Innovaci\u00f3n, Industria, Comercio y Turismo de la Generalitat Valenciana, se ha organizado para el viernes, 3 de octubre, la Nit Oberta d\u2019Ibi, desde las 17:30 h hasta las 00:00 h de la noche. Durante la tarde y parte de la noche, la ciudadan\u00eda ibense podr\u00e1 disfrutar de todo aquello que ofrece el comercio de la localidad, con descuentos, promociones especiales y actividades de dinamizaci\u00f3n comercial en la calle.<\/p>\n\n\n\n<p>Comercios de todo tipos se dar\u00e1n cita el 3 de octubre ofreciendo diferentes promociones y oportunidades. Plumier, con un 5% en todas las compras; CheeseManiacs!, con porciones de cheesecakes a 3,5 \u20ac; Bea Latorre Beauty Esthetic, con un 15% en tratamientos reservados ese d\u00eda, masaje expr\u00e9s por 20 \u20ac, higiene facial por 29 \u20ac y un 10% en cosm\u00e9tica; en Duende Moda habr\u00e1 el 20% en toda la tienda m\u00e1s promociones sorpresa; Guijarro Tot Sport ofrecer\u00e1 descuentos del 30% y el 50% m\u00e1s poder probar bicis el\u00e9ctricas; en la tienda de moda masculina Manchester habr\u00e1 un 15% en nueva colecci\u00f3n; Crhomo tendr\u00e1 10% en todas las compras; Regalos Molina ofrecer\u00e1 el 20% en todos los productos; en Petit Caramel habr\u00e1 photocall y sorteo de productos; en Trend Moda y Complementos har\u00e1n dos sorteos, hombre y mujer; en Florister\u00eda P\u00e9talos se encontrar\u00e1 un 25% en todos los productos; Fernando Ram\u00edrez Joyeros ofrecer\u00e1 un 20% en todos los productos; la tienda de moda de mujer Lola Aracil realizar\u00e1 un sorteo de un vale de 100 euros y adem\u00e1s habr\u00e1 m\u00fasica y aperitivo; Ibiviajes ofrece un 10% en compras superiores a 500 \u20ac, Ishtar, descuentos en pijamas y sujetadores y tambi\u00e9n sorteo; Jugueter\u00eda Marcais har\u00e1 un 10% en compras del d\u00eda, m\u00e1s un cheque regalo para la Navidad y el regalo de un juego de mesa; la tienda de moda femenina Di Blu tendr\u00e1 grandes descuentos en productos de temporada; en la tienda de moda infantil, lencer\u00eda,&#8230; Mayba habr\u00e1 20% en temporada y promo de vestidos de ceremonia a 49\u201999 \u20ac; la tienda de complementos Onix tendr\u00e1 descuentos en productos seleccionados; Ferreter\u00eda La Bisagra, 10\u20ac en compras superiores a 20\u20ac; \u00d3ptica Cardona, un 15% en ojeras deportivas; Consuel\u00edn Complementos y Moda, ofrece un 10% en todos los productos y Pashmina Moda te hace un regalo con las compras.<\/p>\n\n\n\n<figure class=\"wp-block-image size-large\"><img fetchpriority=\"high\" decoding=\"async\" width=\"831\" height=\"1170\" src=\"https:\/\/www.lafresca.fm\/f-solosog\/2025\/09\/CARTEL-NIT-OBERTA-GEN-VAL-1-831x1170.png\" alt=\"\" class=\"wp-image-16262\" srcset=\"https:\/\/www.lafresca.fm\/f-solosog\/2025\/09\/CARTEL-NIT-OBERTA-GEN-VAL-1-831x1170.png 831w, https:\/\/www.lafresca.fm\/f-solosog\/2025\/09\/CARTEL-NIT-OBERTA-GEN-VAL-1-547x770.png 547w, https:\/\/www.lafresca.fm\/f-solosog\/2025\/09\/CARTEL-NIT-OBERTA-GEN-VAL-1-768x1082.png 768w, https:\/\/www.lafresca.fm\/f-solosog\/2025\/09\/CARTEL-NIT-OBERTA-GEN-VAL-1-1091x1536.png 1091w, https:\/\/www.lafresca.fm\/f-solosog\/2025\/09\/CARTEL-NIT-OBERTA-GEN-VAL-1-1454x2048.png 1454w, https:\/\/www.lafresca.fm\/f-solosog\/2025\/09\/CARTEL-NIT-OBERTA-GEN-VAL-1-scaled.png 1818w\" sizes=\"(max-width: 831px) 100vw, 831px\" \/><\/figure>\n\n\n\n<p>En cuanto a las actividades en la calle, Mi Bastidor tendr\u00e1 un taller de tejer en la calle; Ishtar realizar\u00e1 maquillaje infantil y beauty expr\u00e9s; El Atelier Estrella Sola har\u00e1 una exposici\u00f3n de tejidos y confecci\u00f3n (novia, ceremonia, moros y cristianos); a las 17:30 h, a las 19:00 h y a las 20:00 h, Bea Latorre Beatuy Esthetic har\u00e1 un taller de autocuidado facial; de 18:00 h a 20:00 h, tendr\u00e1 lugar el taller infantil de Globoflexia, en av de la Pau y en calle Constituci\u00f3n; a las 18:00 h y a las 20:00 h, en Jugueter\u00eda Marcais se har\u00e1n torneos de juegos de mesa; de 19:00 h a 21:00 h, Batucole har\u00e1 una batucada por la zona de los comercios participantes; a las 20:00h, Pashmina Moda organiza un taller de maquillaje de diario; a las 20:00 h, habr\u00e1 un concierto de Bene Ripoll en librer\u00eda Plumier; el Museo del Juguete de Ibi organiza a las 20:00 h, \u201cAfinidades Afectivas\u201d &#8211; encuentro entre dos autores, con la colaboraci\u00f3n de Plumier; la Carnicer\u00eda Blanc i Negre, har\u00e1 a las 20:00 h una degustaci\u00f3n de pericana, embutido de C\u00fallar y bebidas nutrac\u00e9uticas; de 20:00 h a 22:00 h, habr\u00e1 un pasacalle THEA\u201d Diosa de la luz\u201d; Petit Caramel realizar\u00e1 alas 20:00 h, globoflexia para ni\u00f1os y ni\u00f1as; de 20:00 h a 23:30 h, en \u00d3ptica Cardona habr\u00e1 prueba de visi\u00f3n con diferentes lentes; a las 20:30 h, Fernando Ram\u00edrez Joyeros ofrecer\u00e1 aperitivos y bebidas; a las 21:00, habr\u00e1 un Cuarteto Musical en la calle Manuel Soler con Constituci\u00f3n; de 21:00 h a 23:30 h, amenizaci\u00f3n musical en avda de la Paz y a las 22:00 h, Jugueter\u00eda Marcais organiza un juego popular.<\/p>\n\n\n\n<p>Sin duda, un gran d\u00eda para promocionar el comercio local y el comercio de proximidad, \u201clos de nuestros vecinos y vecinas\u201d, en palabras de la concejala de Comercio del Ayuntamiento de Ibi, Paula Peidr\u00f3. \u201cUn d\u00eda de promoci\u00f3n del comercio local, el que nutre parte de la econom\u00eda local y el que nos ofrece calidad, variedad y trato personal, cosa que garantiza una buena experiencia en la hora de hacer nuestras compras\u201d. Se espera una buena acogida por parte de la ciudadan\u00eda y que las calles del centro m\u00e1s comercial de Ibi se llenen de gente y de celebraci\u00f3n por el comercio de Ibi.<\/p>\n<script>function PlayerjsAsync(){} if(window[\"Playerjs\"]){PlayerjsAsync();}<\/script>","protected":false},"excerpt":{"rendered":"<p>Desde la concejal\u00eda de Comercio del Ayuntamiento de Ibi, con la colaboraci\u00f3n del comercio local y el apoyo de la Conselleria de Innovaci\u00f3n, Industria, Comercio y Turismo de la Generalitat Valenciana, se ha organizado para el viernes, 3 de octubre, la Nit Oberta d\u2019Ibi, desde las 17:30 h hasta las ...<\/p>\n","protected":false},"author":2,"featured_media":16262,"comment_status":"closed","ping_status":"closed","sticky":false,"template":"","format":"standard","meta":{"_monsterinsights_skip_tracking":false,"_monsterinsights_sitenote_active":false,"_monsterinsights_sitenote_note":"","_monsterinsights_sitenote_category":0,"footnotes":""},"categories":[4],"tags":[128],"class_list":["post-16260","post","type-post","status-publish","format-standard","has-post-thumbnail","hentry","category-alicante","tag-ibi"],"aioseo_notices":[],"_links":{"self":[{"href":"https:\/\/www.lafresca.fm\/fresca-api-json\/wp\/v2\/posts\/16260","targetHints":{"allow":["GET"]}}],"collection":[{"href":"https:\/\/www.lafresca.fm\/fresca-api-json\/wp\/v2\/posts"}],"about":[{"href":"https:\/\/www.lafresca.fm\/fresca-api-json\/wp\/v2\/types\/post"}],"author":[{"embeddable":true,"href":"https:\/\/www.lafresca.fm\/fresca-api-json\/wp\/v2\/users\/2"}],"replies":[{"embeddable":true,"href":"https:\/\/www.lafresca.fm\/fresca-api-json\/wp\/v2\/comments?post=16260"}],"version-history":[{"count":1,"href":"https:\/\/www.lafresca.fm\/fresca-api-json\/wp\/v2\/posts\/16260\/revisions"}],"predecessor-version":[{"id":16263,"href":"https:\/\/www.lafresca.fm\/fresca-api-json\/wp\/v2\/posts\/16260\/revisions\/16263"}],"wp:featuredmedia":[{"embeddable":true,"href":"https:\/\/www.lafresca.fm\/fresca-api-json\/wp\/v2\/media\/16262"}],"wp:attachment":[{"href":"https:\/\/www.lafresca.fm\/fresca-api-json\/wp\/v2\/media?parent=16260"}],"wp:term":[{"taxonomy":"category","embeddable":true,"href":"https:\/\/www.lafresca.fm\/fresca-api-json\/wp\/v2\/categories?post=16260"},{"taxonomy":"post_tag","embeddable":true,"href":"https:\/\/www.lafresca.fm\/fresca-api-json\/wp\/v2\/tags?post=16260"}],"curies":[{"name":"wp","href":"https:\/\/api.w.org\/{rel}","templated":true}]}}