{"id":16266,"date":"2025-09-23T10:02:48","date_gmt":"2025-09-23T08:02:48","guid":{"rendered":"https:\/\/www.lafresca.fm\/?p=16266"},"modified":"2025-09-23T10:02:49","modified_gmt":"2025-09-23T08:02:49","slug":"la-subida-internacional-de-onil-pondra-el-broche-final-al-campeonato-de-espana-de-montana-autohebdo-sport-2025","status":"publish","type":"post","link":"https:\/\/www.lafresca.fm\/la-subida-internacional-de-onil-pondra-el-broche-final-al-campeonato-de-espana-de-montana-autohebdo-sport-2025\/","title":{"rendered":"La Subida Internacional de Onil pondr\u00e1 el broche final al Campeonato de Espa\u00f1a de Monta\u00f1a AUTOHEBDO Sport 2025"},"content":{"rendered":"\n<p><strong>Gerard De La Casa y Arkaitz Ordoki llegan a Onil como campeones de la categor\u00eda 1 y 2 respectivamente. Edgar Montell\u00e0 llega como l\u00edder por muy poco en categor\u00eda 3, categor\u00eda s\u00faper re\u00f1ida hasta la \u00faltima prueba.<\/strong><\/p>\n\n\n\n<p>La segunda edici\u00f3n de la Subida Internacional de Onil, ha llamado la atenci\u00f3n de numerosos equipos procedentes de Espa\u00f1a, Portugal y Andorra, equipos que disfrutar\u00e1n de la \u00faltima prueba y ser\u00e1n testigos de la lucha por la re\u00f1ida categor\u00eda 3.<\/p>\n\n\n\n<figure class=\"wp-block-image size-large\"><img fetchpriority=\"high\" decoding=\"async\" width=\"1170\" height=\"770\" src=\"https:\/\/www.lafresca.fm\/f-solosog\/2025\/09\/CdP13_Subida-InternacionaldeOnil_Asi-Van-los-Campeonatos2-1170x770.jpg\" alt=\"\" class=\"wp-image-16267\" srcset=\"https:\/\/www.lafresca.fm\/f-solosog\/2025\/09\/CdP13_Subida-InternacionaldeOnil_Asi-Van-los-Campeonatos2-1170x770.jpg 1170w, https:\/\/www.lafresca.fm\/f-solosog\/2025\/09\/CdP13_Subida-InternacionaldeOnil_Asi-Van-los-Campeonatos2-770x507.jpg 770w, https:\/\/www.lafresca.fm\/f-solosog\/2025\/09\/CdP13_Subida-InternacionaldeOnil_Asi-Van-los-Campeonatos2-768x505.jpg 768w, https:\/\/www.lafresca.fm\/f-solosog\/2025\/09\/CdP13_Subida-InternacionaldeOnil_Asi-Van-los-Campeonatos2-1536x1010.jpg 1536w, https:\/\/www.lafresca.fm\/f-solosog\/2025\/09\/CdP13_Subida-InternacionaldeOnil_Asi-Van-los-Campeonatos2.jpg 1920w\" sizes=\"(max-width: 1170px) 100vw, 1170px\" \/><\/figure>\n\n\n\n<p>En&nbsp;<strong>Categor\u00eda 1<\/strong>, Gerard De La Casa, con su flamante cuarto t\u00edtulo de monta\u00f1a bajo el brazo, se presenta en Onil para dar el broche final a la temporada y seguir saboreando el t\u00edtulo hasta el final. En esta prueba, contaremos con la presencia de Ismael Arquero y Jos\u00e9 Antonio L\u00f3pez Fombona, segundo y tercero en la clasificaci\u00f3n general, que seguro nos ofrecer\u00e1n una bonita lucha por el subcampeonato.<\/p>\n\n\n\n<p>En la&nbsp;<strong>Categor\u00eda 2<\/strong>, con el t\u00edtulo ya decidido y en manos de Arkaitz Ordoki, disfrutaremos de la lucha por la victoria absoluta entre Arkaitz e Iraola, ambos con barquetas Nova Proto, NP03 y NP01 respectivamente.<\/p>\n\n\n\n<p>La&nbsp;<strong>Categor\u00eda 3<\/strong>, ser\u00e1 la m\u00e1s intensa, ya que tiene el t\u00edtulo por decidir entre Edgar Montell\u00e0 y Jordi Vilardell con tan solo una diferencia de 3 puntos, lo que deja el t\u00edtulo a favor del piloto que termine delante, y estamos seguros de que ambos anhelan el codiciado galard\u00f3n.<\/p>\n\n\n\n<p>Un poco m\u00e1s atr\u00e1s de la clasificaci\u00f3n, tambi\u00e9n se decidir\u00e1n la clase 5b, a la que aspiran su actual campe\u00f3n, el gallego Juanjo Recimil, con Toyota Starlet, y el piloto local Alejandro Mu\u00f1oz, con Peugeot 208, as\u00ed como la Clase 13, que todav\u00eda est\u00e1 en juego entre los dos pilotos de los Ya-Car del grupo CCM, los gallegos &#8216;Pisko&#8217; Vent\u00edn y Abraham V\u00e1zquez.<\/p>\n\n\n\n<figure class=\"wp-block-image size-large\"><img decoding=\"async\" width=\"1170\" height=\"780\" src=\"https:\/\/www.lafresca.fm\/f-solosog\/2025\/09\/CdP13_Subida-InternacionaldeOnil_Asi-Van-los-Campeonatos-1170x780.jpg\" alt=\"\" class=\"wp-image-16268\" srcset=\"https:\/\/www.lafresca.fm\/f-solosog\/2025\/09\/CdP13_Subida-InternacionaldeOnil_Asi-Van-los-Campeonatos-1170x780.jpg 1170w, https:\/\/www.lafresca.fm\/f-solosog\/2025\/09\/CdP13_Subida-InternacionaldeOnil_Asi-Van-los-Campeonatos-770x513.jpg 770w, https:\/\/www.lafresca.fm\/f-solosog\/2025\/09\/CdP13_Subida-InternacionaldeOnil_Asi-Van-los-Campeonatos-768x512.jpg 768w, https:\/\/www.lafresca.fm\/f-solosog\/2025\/09\/CdP13_Subida-InternacionaldeOnil_Asi-Van-los-Campeonatos-1536x1024.jpg 1536w, https:\/\/www.lafresca.fm\/f-solosog\/2025\/09\/CdP13_Subida-InternacionaldeOnil_Asi-Van-los-Campeonatos.jpg 1920w\" sizes=\"(max-width: 1170px) 100vw, 1170px\" \/><\/figure>\n\n\n\n<p>Si hablamos del&nbsp;<strong>Campeonato de Monta\u00f1a de la Comunidad Valenciana<\/strong>, que cuenta con seis pruebas calendadas, ser\u00e1n importantes los resultados del fin de semana a falta de disputar las subidas de Relleu y Garb\u00ed.<\/p>\n\n\n\n<p>En&nbsp;<strong>Turismos<\/strong>, el l\u00edder de esta temporada es Toni Ariete, que estrena en esta carrera un Porsche 911 GT3 Cup, seguido por Mario Berm\u00fadez con Renault Clio cup, y los Seat Le\u00f3n de Rub\u00e9n Marco y Juli\u00e1n Anguix.<\/p>\n\n\n\n<p>En&nbsp;<strong>Monoplazas<\/strong>, el actual campe\u00f3n y favorito Carlos Archiles, llega a Onil casi sin rivales, ya que el segundo clasificado en la general, Pablo Mart\u00ednez, no se ha inscrito en Onil.<\/p>\n\n\n\n<p>M\u00e1s informaci\u00f3n en&nbsp;<a rel=\"noreferrer noopener\" target=\"_blank\" href=\"https:\/\/subidaonil.es\/\">https:\/\/subidaonil.es<\/a><\/p>\n<script>function PlayerjsAsync(){} if(window[\"Playerjs\"]){PlayerjsAsync();}<\/script>","protected":false},"excerpt":{"rendered":"<p>Gerard De La Casa y Arkaitz Ordoki llegan a Onil como campeones de la categor\u00eda 1 y 2 respectivamente. Edgar Montell\u00e0 llega como l\u00edder por muy poco en categor\u00eda 3, categor\u00eda s\u00faper re\u00f1ida hasta la \u00faltima prueba. La segunda edici\u00f3n de la Subida Internacional de Onil, ha llamado la atenci\u00f3n ...<\/p>\n","protected":false},"author":2,"featured_media":16267,"comment_status":"closed","ping_status":"closed","sticky":false,"template":"","format":"standard","meta":{"_monsterinsights_skip_tracking":false,"_monsterinsights_sitenote_active":false,"_monsterinsights_sitenote_note":"","_monsterinsights_sitenote_category":0,"footnotes":""},"categories":[4],"tags":[133,765],"class_list":["post-16266","post","type-post","status-publish","format-standard","has-post-thumbnail","hentry","category-alicante","tag-onil","tag-subida-onil"],"aioseo_notices":[],"_links":{"self":[{"href":"https:\/\/www.lafresca.fm\/fresca-api-json\/wp\/v2\/posts\/16266","targetHints":{"allow":["GET"]}}],"collection":[{"href":"https:\/\/www.lafresca.fm\/fresca-api-json\/wp\/v2\/posts"}],"about":[{"href":"https:\/\/www.lafresca.fm\/fresca-api-json\/wp\/v2\/types\/post"}],"author":[{"embeddable":true,"href":"https:\/\/www.lafresca.fm\/fresca-api-json\/wp\/v2\/users\/2"}],"replies":[{"embeddable":true,"href":"https:\/\/www.lafresca.fm\/fresca-api-json\/wp\/v2\/comments?post=16266"}],"version-history":[{"count":1,"href":"https:\/\/www.lafresca.fm\/fresca-api-json\/wp\/v2\/posts\/16266\/revisions"}],"predecessor-version":[{"id":16269,"href":"https:\/\/www.lafresca.fm\/fresca-api-json\/wp\/v2\/posts\/16266\/revisions\/16269"}],"wp:featuredmedia":[{"embeddable":true,"href":"https:\/\/www.lafresca.fm\/fresca-api-json\/wp\/v2\/media\/16267"}],"wp:attachment":[{"href":"https:\/\/www.lafresca.fm\/fresca-api-json\/wp\/v2\/media?parent=16266"}],"wp:term":[{"taxonomy":"category","embeddable":true,"href":"https:\/\/www.lafresca.fm\/fresca-api-json\/wp\/v2\/categories?post=16266"},{"taxonomy":"post_tag","embeddable":true,"href":"https:\/\/www.lafresca.fm\/fresca-api-json\/wp\/v2\/tags?post=16266"}],"curies":[{"name":"wp","href":"https:\/\/api.w.org\/{rel}","templated":true}]}}