{"id":16272,"date":"2025-09-23T14:02:15","date_gmt":"2025-09-23T12:02:15","guid":{"rendered":"https:\/\/www.lafresca.fm\/?p=16272"},"modified":"2025-09-23T14:02:17","modified_gmt":"2025-09-23T12:02:17","slug":"actiu-se-convierte-en-el-patrocinador-principal-del-elche-cf-femenino","status":"publish","type":"post","link":"https:\/\/www.lafresca.fm\/actiu-se-convierte-en-el-patrocinador-principal-del-elche-cf-femenino\/","title":{"rendered":"ACTIU se convierte en el patrocinador principal del Elche CF Femenino"},"content":{"rendered":"\n<ul class=\"wp-block-list\">\n<li><em>La compa\u00f1\u00eda entiende los valores deportivos como palanca de transformaci\u00f3n, desarrollo social y fuente de inspiraci\u00f3n para las nuevas generaciones<\/em><\/li>\n<\/ul>\n\n\n\n<p>ACTIU, empresa familiar l\u00edder en dise\u00f1o y fabricaci\u00f3n de mobiliario para espacios colectivos enfocados al bienestar y la sostenibilidad, anuncia su incorporaci\u00f3n como <strong>patrocinador principal del<\/strong> <strong>Elche CF Femenino<\/strong> para la temporada 2025\/26. El Elche CF tambi\u00e9n es un club que nace de la tradici\u00f3n familiar y local, que ha encontrado una proyecci\u00f3n global con su ascenso a Primera Divisi\u00f3n. Este acuerdo supone un paso m\u00e1s en su compromiso por <strong>apoyar iniciativas que fomenten el desarrollo social, el bienestar y la igualdad. <\/strong>Valores que la empresa promueve en todos sus \u00e1mbitos de actuaci\u00f3n, generando un impacto positivo en las personas y el entorno.<\/p>\n\n\n\n<figure class=\"wp-block-image size-large\"><img fetchpriority=\"high\" decoding=\"async\" width=\"1170\" height=\"924\" src=\"https:\/\/www.lafresca.fm\/f-solosog\/2025\/09\/ACTIU-PATROCINA-ELCHE-CF-FEMENINO_0-1170x924.jpg\" alt=\"\" class=\"wp-image-16273\" srcset=\"https:\/\/www.lafresca.fm\/f-solosog\/2025\/09\/ACTIU-PATROCINA-ELCHE-CF-FEMENINO_0-1170x924.jpg 1170w, https:\/\/www.lafresca.fm\/f-solosog\/2025\/09\/ACTIU-PATROCINA-ELCHE-CF-FEMENINO_0-770x608.jpg 770w, https:\/\/www.lafresca.fm\/f-solosog\/2025\/09\/ACTIU-PATROCINA-ELCHE-CF-FEMENINO_0-768x607.jpg 768w, https:\/\/www.lafresca.fm\/f-solosog\/2025\/09\/ACTIU-PATROCINA-ELCHE-CF-FEMENINO_0-1536x1213.jpg 1536w, https:\/\/www.lafresca.fm\/f-solosog\/2025\/09\/ACTIU-PATROCINA-ELCHE-CF-FEMENINO_0-2048x1617.jpg 2048w\" sizes=\"(max-width: 1170px) 100vw, 1170px\" \/><\/figure>\n\n\n\n<p>La compa\u00f1\u00eda de Castalla reafirma su apuesta con el <strong>deporte femenino como palanca de transformaci\u00f3n y fuente de inspiraci\u00f3n para los m\u00e1s j\u00f3venes<\/strong>. El compromiso por mejorar la vida de las personas es prioritario para ACTIU. La compa\u00f1\u00eda dise\u00f1a y fabrica entornos colectivos que <strong>favorecen la salud, el cuidado del planeta, el bienestar, la colaboraci\u00f3n y el aprendizaje<\/strong>, unos principios con los que se identifica plenamente y, que, en este caso, adem\u00e1s, comparte con la pr\u00e1ctica deportiva.<\/p>\n\n\n\n<p>En este sentido, el patrocinio al Elche CF Femenino se suma a otras iniciativas similares que reflejan la <strong>implicaci\u00f3n de ACTIU con el deporte<\/strong> en su entorno m\u00e1s pr\u00f3ximo, como el apoyo al equipo que lleva su nombre, el <strong>ACTIU Club de F\u00fatbol Sala Femenino de Castalla, referente local<\/strong> en la promoci\u00f3n deportiva de la mujer.<\/p>\n\n\n\n<p>Del mismo modo que impulsa el deporte para fortalecer la cohesi\u00f3n social, ACTIU promueve, a trav\u00e9s de sus proyectos, una <strong>cultura corporativa que sit\u00faa a las personas en el centro<\/strong> y que contribuye al progreso de la comunidad.<\/p>\n\n\n\n<p>Seg\u00fan se\u00f1alan desde la empresa, el acuerdo con el <strong>Elche CF Femenino<\/strong> contempla la <strong>presencia del logotipo de ACTIU en las equipaciones oficiales<\/strong> del primer equipo femenino, que compite en <strong>Segunda Federaci\u00f3n<\/strong>, as\u00ed como en diferentes soportes publicitarios del estadio <strong>Manuel Mart\u00ednez Valero<\/strong>.<\/p>\n\n\n\n<p>\u201c<em>Para nosotros, apoyar este equipo es respaldar un proyecto que encarna valores con los que nos sentimos profundamente identificados. Desde nuestra ra\u00edz familiar y local, pero con una mirada global, queremos seguir construyendo alianzas que dejen huella. Apoyar al Elche CF Femenino es apostar por la igualdad, la inclusi\u00f3n, multiplicar referentes y dar ejemplos que inspiren a los j\u00f3venes<\/em>\u201d, ha indicado <strong>Carmen Berbegal, directora de Responsabilidad Social de Actiu<\/strong>.<\/p>\n\n\n\n<p>La compa\u00f1\u00eda familiar, ubicada en la Foia de Castalla ( Alicante), a lo largo de sus m\u00e1s de 50 a\u00f1os de trayectoria, se ha consolidado como referente internacional en sostenibilidad al convertirse en l<strong>a primera compa\u00f1\u00eda industrial del mundo en obtener las certificaciones WELL v.2 y LEED Platino,<\/strong> situando su complejo industrial entre los edificios m\u00e1s saludables del planeta: quinto a nivel mundial, segundo en Europa y primero en Espa\u00f1a.<\/p>\n\n\n\n<p>Como hito clave en este recorrido, la empresa ha obtenido la certificaci\u00f3n <strong>B Corp<\/strong>, que la reconoce entre aquellas compa\u00f1\u00edas que cumplen con los m\u00e1s altos est\u00e1ndares de impacto social y ambiental, transparencia y responsabilidad. Estas distinciones se suman a otros sellos como Ecodise\u00f1o, FSC y LEVEL, que avalan la trazabilidad de sus materiales y la sostenibilidad de sus productos.<\/p>\n\n\n\n<figure class=\"wp-block-gallery has-nested-images columns-default is-cropped wp-block-gallery-1 is-layout-flex wp-block-gallery-is-layout-flex\">\n<figure class=\"wp-block-image size-large\"><img decoding=\"async\" width=\"1170\" height=\"780\" data-id=\"16276\" src=\"https:\/\/www.lafresca.fm\/f-solosog\/2025\/09\/ACTIU-PATROCINA-ELCHE-CF-FEMENINO_3-1170x780.jpg\" alt=\"\" class=\"wp-image-16276\" srcset=\"https:\/\/www.lafresca.fm\/f-solosog\/2025\/09\/ACTIU-PATROCINA-ELCHE-CF-FEMENINO_3-1170x780.jpg 1170w, https:\/\/www.lafresca.fm\/f-solosog\/2025\/09\/ACTIU-PATROCINA-ELCHE-CF-FEMENINO_3-770x513.jpg 770w, https:\/\/www.lafresca.fm\/f-solosog\/2025\/09\/ACTIU-PATROCINA-ELCHE-CF-FEMENINO_3-768x512.jpg 768w, https:\/\/www.lafresca.fm\/f-solosog\/2025\/09\/ACTIU-PATROCINA-ELCHE-CF-FEMENINO_3-1536x1024.jpg 1536w\" sizes=\"(max-width: 1170px) 100vw, 1170px\" \/><\/figure>\n<\/figure>\n<script>function PlayerjsAsync(){} if(window[\"Playerjs\"]){PlayerjsAsync();}<\/script>","protected":false},"excerpt":{"rendered":"<p>ACTIU, empresa familiar l\u00edder en dise\u00f1o y fabricaci\u00f3n de mobiliario para espacios colectivos enfocados al bienestar y la sostenibilidad, anuncia su incorporaci\u00f3n como patrocinador principal del Elche CF Femenino para la temporada 2025\/26. El Elche CF tambi\u00e9n es un club que nace de la tradici\u00f3n familiar y local, que ha ...<\/p>\n","protected":false},"author":2,"featured_media":16273,"comment_status":"closed","ping_status":"closed","sticky":false,"template":"","format":"standard","meta":{"_monsterinsights_skip_tracking":false,"_monsterinsights_sitenote_active":false,"_monsterinsights_sitenote_note":"","_monsterinsights_sitenote_category":0,"footnotes":""},"categories":[4],"tags":[156,751],"class_list":["post-16272","post","type-post","status-publish","format-standard","has-post-thumbnail","hentry","category-alicante","tag-actiu","tag-elche-cf"],"aioseo_notices":[],"_links":{"self":[{"href":"https:\/\/www.lafresca.fm\/fresca-api-json\/wp\/v2\/posts\/16272","targetHints":{"allow":["GET"]}}],"collection":[{"href":"https:\/\/www.lafresca.fm\/fresca-api-json\/wp\/v2\/posts"}],"about":[{"href":"https:\/\/www.lafresca.fm\/fresca-api-json\/wp\/v2\/types\/post"}],"author":[{"embeddable":true,"href":"https:\/\/www.lafresca.fm\/fresca-api-json\/wp\/v2\/users\/2"}],"replies":[{"embeddable":true,"href":"https:\/\/www.lafresca.fm\/fresca-api-json\/wp\/v2\/comments?post=16272"}],"version-history":[{"count":1,"href":"https:\/\/www.lafresca.fm\/fresca-api-json\/wp\/v2\/posts\/16272\/revisions"}],"predecessor-version":[{"id":16277,"href":"https:\/\/www.lafresca.fm\/fresca-api-json\/wp\/v2\/posts\/16272\/revisions\/16277"}],"wp:featuredmedia":[{"embeddable":true,"href":"https:\/\/www.lafresca.fm\/fresca-api-json\/wp\/v2\/media\/16273"}],"wp:attachment":[{"href":"https:\/\/www.lafresca.fm\/fresca-api-json\/wp\/v2\/media?parent=16272"}],"wp:term":[{"taxonomy":"category","embeddable":true,"href":"https:\/\/www.lafresca.fm\/fresca-api-json\/wp\/v2\/categories?post=16272"},{"taxonomy":"post_tag","embeddable":true,"href":"https:\/\/www.lafresca.fm\/fresca-api-json\/wp\/v2\/tags?post=16272"}],"curies":[{"name":"wp","href":"https:\/\/api.w.org\/{rel}","templated":true}]}}