{"id":16278,"date":"2025-09-24T08:43:56","date_gmt":"2025-09-24T06:43:56","guid":{"rendered":"https:\/\/www.lafresca.fm\/?p=16278"},"modified":"2025-09-24T12:12:40","modified_gmt":"2025-09-24T10:12:40","slug":"el-ibense-quique-montesinos-parra-dirigira-la-musica-en-directo-de-la-esperada-gala-eleccio26-en-el-roig-arena","status":"publish","type":"post","link":"https:\/\/www.lafresca.fm\/el-ibense-quique-montesinos-parra-dirigira-la-musica-en-directo-de-la-esperada-gala-eleccio26-en-el-roig-arena\/","title":{"rendered":"El ibense Quique Montesinos Parra dirigir\u00e1 la m\u00fasica en directo de la esperada gala Elecci\u00f326 en el Roig Arena"},"content":{"rendered":"\n<p>El <a><\/a>director de orquesta Quique Montesinos, natural de Ibi, ser\u00e1 el encargado de poner la banda sonora en directo el pr\u00f3ximo s\u00e1bado 27 de septiembre a la Elecci\u00f326, la gran gala donde se dar\u00e1n a conocer las 26 candidatas a Falleras Mayores de Val\u00e8ncia 2026. El evento, que tendr\u00e1 lugar en el impresionante Roig Arena, se presenta este a\u00f1o bajo el t\u00edtulo &#8220;LLUM&#8221;, un homenaje esc\u00e9nico a la ciudad de Val\u00e8ncia inspirado en la luz del pintor Joaqu\u00edn Sorolla.<\/p>\n\n\n\n<figure class=\"wp-block-image size-full\"><img fetchpriority=\"high\" decoding=\"async\" width=\"1105\" height=\"737\" src=\"https:\/\/www.lafresca.fm\/f-solosog\/2025\/09\/552347798_1099015319111074_2745723101002352071_n.jpg\" alt=\"\" class=\"wp-image-16279\" srcset=\"https:\/\/www.lafresca.fm\/f-solosog\/2025\/09\/552347798_1099015319111074_2745723101002352071_n.jpg 1105w, https:\/\/www.lafresca.fm\/f-solosog\/2025\/09\/552347798_1099015319111074_2745723101002352071_n-770x514.jpg 770w, https:\/\/www.lafresca.fm\/f-solosog\/2025\/09\/552347798_1099015319111074_2745723101002352071_n-768x512.jpg 768w\" sizes=\"(max-width: 1105px) 100vw, 1105px\" \/><\/figure>\n\n\n\n<p>Por primera vez en la historia de este acto, toda la m\u00fasica ser\u00e1 interpretada en directo gracias a una banda sinf\u00f3nica creada especialmente para la ocasi\u00f3n, dirigida por Montesinos, quien aporta su sensibilidad musical y su sello personal a esta propuesta que busca unir tradici\u00f3n y modernidad.<\/p>\n\n\n\n<p>La gala tambi\u00e9n contar\u00e1 con coreograf\u00edas de \u00c1lvaro Cuenca, la voz del actor Dani Tatay, y la periodista Paloma Insa como presentadora. El espacio esc\u00e9nico ha sido dise\u00f1ado por Nacho Fern\u00e1ndez y construido por El Taller David S\u00e1nchez LLongo, completando as\u00ed una propuesta art\u00edstica que promete ser inolvidable.<\/p>\n\n\n\n<p>El acto fue presentado oficialmente en el Ayuntamiento de Val\u00e8ncia, donde se revelaron todos los detalles de esta edici\u00f3n tan especial. \u201cLLUM\u201d no solo ser\u00e1 una gala, sino un espect\u00e1culo esc\u00e9nico que rinde tributo a la identidad valenciana desde una mirada contempor\u00e1nea.<\/p>\n\n\n\n<figure class=\"wp-block-gallery has-nested-images columns-default is-cropped wp-block-gallery-1 is-layout-flex wp-block-gallery-is-layout-flex\">\n<figure class=\"wp-block-image size-large\"><img decoding=\"async\" width=\"1105\" height=\"737\" data-id=\"16280\" src=\"https:\/\/www.lafresca.fm\/f-solosog\/2025\/09\/550452463_1099015262444413_792723138499091666_n.jpg\" alt=\"\" class=\"wp-image-16280\" srcset=\"https:\/\/www.lafresca.fm\/f-solosog\/2025\/09\/550452463_1099015262444413_792723138499091666_n.jpg 1105w, https:\/\/www.lafresca.fm\/f-solosog\/2025\/09\/550452463_1099015262444413_792723138499091666_n-770x514.jpg 770w, https:\/\/www.lafresca.fm\/f-solosog\/2025\/09\/550452463_1099015262444413_792723138499091666_n-768x512.jpg 768w\" sizes=\"(max-width: 1105px) 100vw, 1105px\" \/><\/figure>\n\n\n\n<figure class=\"wp-block-image size-large\"><img decoding=\"async\" width=\"1104\" height=\"736\" data-id=\"16281\" src=\"https:\/\/www.lafresca.fm\/f-solosog\/2025\/09\/550979312_1099015399111066_8509812509707770016_n.jpg\" alt=\"\" class=\"wp-image-16281\" srcset=\"https:\/\/www.lafresca.fm\/f-solosog\/2025\/09\/550979312_1099015399111066_8509812509707770016_n.jpg 1104w, https:\/\/www.lafresca.fm\/f-solosog\/2025\/09\/550979312_1099015399111066_8509812509707770016_n-770x513.jpg 770w, https:\/\/www.lafresca.fm\/f-solosog\/2025\/09\/550979312_1099015399111066_8509812509707770016_n-768x512.jpg 768w\" sizes=\"(max-width: 1104px) 100vw, 1104px\" \/><\/figure>\n<\/figure>\n<script>function PlayerjsAsync(){} if(window[\"Playerjs\"]){PlayerjsAsync();}<\/script>","protected":false},"excerpt":{"rendered":"<p>El director de orquesta Quique Montesinos, natural de Ibi, ser\u00e1 el encargado de poner la banda sonora en directo el pr\u00f3ximo s\u00e1bado 27 de septiembre a la Elecci\u00f326, la gran gala donde se dar\u00e1n a conocer las 26 candidatas a Falleras Mayores de Val\u00e8ncia 2026. El evento, que tendr\u00e1 lugar ...<\/p>\n","protected":false},"author":2,"featured_media":16279,"comment_status":"closed","ping_status":"closed","sticky":false,"template":"","format":"standard","meta":{"_monsterinsights_skip_tracking":false,"_monsterinsights_sitenote_active":false,"_monsterinsights_sitenote_note":"","_monsterinsights_sitenote_category":0,"footnotes":""},"categories":[4],"tags":[128,773],"class_list":["post-16278","post","type-post","status-publish","format-standard","has-post-thumbnail","hentry","category-alicante","tag-ibi","tag-quique-montesinos"],"aioseo_notices":[],"_links":{"self":[{"href":"https:\/\/www.lafresca.fm\/fresca-api-json\/wp\/v2\/posts\/16278","targetHints":{"allow":["GET"]}}],"collection":[{"href":"https:\/\/www.lafresca.fm\/fresca-api-json\/wp\/v2\/posts"}],"about":[{"href":"https:\/\/www.lafresca.fm\/fresca-api-json\/wp\/v2\/types\/post"}],"author":[{"embeddable":true,"href":"https:\/\/www.lafresca.fm\/fresca-api-json\/wp\/v2\/users\/2"}],"replies":[{"embeddable":true,"href":"https:\/\/www.lafresca.fm\/fresca-api-json\/wp\/v2\/comments?post=16278"}],"version-history":[{"count":2,"href":"https:\/\/www.lafresca.fm\/fresca-api-json\/wp\/v2\/posts\/16278\/revisions"}],"predecessor-version":[{"id":16285,"href":"https:\/\/www.lafresca.fm\/fresca-api-json\/wp\/v2\/posts\/16278\/revisions\/16285"}],"wp:featuredmedia":[{"embeddable":true,"href":"https:\/\/www.lafresca.fm\/fresca-api-json\/wp\/v2\/media\/16279"}],"wp:attachment":[{"href":"https:\/\/www.lafresca.fm\/fresca-api-json\/wp\/v2\/media?parent=16278"}],"wp:term":[{"taxonomy":"category","embeddable":true,"href":"https:\/\/www.lafresca.fm\/fresca-api-json\/wp\/v2\/categories?post=16278"},{"taxonomy":"post_tag","embeddable":true,"href":"https:\/\/www.lafresca.fm\/fresca-api-json\/wp\/v2\/tags?post=16278"}],"curies":[{"name":"wp","href":"https:\/\/api.w.org\/{rel}","templated":true}]}}