{"id":16286,"date":"2025-09-24T12:20:59","date_gmt":"2025-09-24T10:20:59","guid":{"rendered":"https:\/\/www.lafresca.fm\/?p=16286"},"modified":"2025-09-24T12:21:00","modified_gmt":"2025-09-24T10:21:00","slug":"castalla-se-adhiere-al-circuito-cultural-valenciano","status":"publish","type":"post","link":"https:\/\/www.lafresca.fm\/castalla-se-adhiere-al-circuito-cultural-valenciano\/","title":{"rendered":"Castalla se adhiere al Circuito Cultural Valenciano"},"content":{"rendered":"\n<ul class=\"wp-block-list\">\n<li><strong>La programaci\u00f3n presenta cinco actuaciones muy diversas.<\/strong><\/li>\n<\/ul>\n\n\n\n<p>El Ayuntamiento de Castalla, a trav\u00e9s de la Concejal\u00eda de Cultura, ha anunciado la adhesi\u00f3n del municipio al Circuito Cultural Valenciano.<\/p>\n\n\n\n<p>La programaci\u00f3n ya est\u00e1 en marcha y, por el momento, consta de cinco actuaciones: el teatro \u201cDos capacitados\u201d, el 28 de septiembre; el espect\u00e1culo de Danza Espa\u00f1ola \u201cAt\u00e1vicas. Mujeres de Lorca hacia la Libertad\u201d, para el 12 de octubre; el 17 de octubre llegar\u00e1 a Castalla \u201cNautilus. 200 leguas de viaje submarino\u201d, mientras que el 22 de noviembre ser\u00e1 el momento de disfrutar del teatro con \u201cSusurro\u201d. Finalmente, para el 5 de diciembre, est\u00e1 previsto el espect\u00e1culo de Danza Espa\u00f1ola \u201cS\u00f3lo Flamenco\u201d.<\/p>\n\n\n\n<p>Con esta adhesi\u00f3n, seg\u00fan ha remarcado el concejal de Cultura, Jos\u00e9 Rico, \u201creforzamos la cultura de nuestra ciudad, aportamos calidad a los espect\u00e1culos que ofrecemos a nuestra ciudadan\u00eda y confirmamos nuestra fuerte apuesta por la cultura en Castalla\u201d.<\/p>\n\n\n\n<figure class=\"wp-block-image size-large\"><img fetchpriority=\"high\" decoding=\"async\" width=\"1170\" height=\"878\" src=\"https:\/\/www.lafresca.fm\/f-solosog\/2025\/09\/Imagen-de-WhatsApp-2025-09-24-a-las-09.31.34_155f0281-1170x878.jpg\" alt=\"\" class=\"wp-image-16287\" srcset=\"https:\/\/www.lafresca.fm\/f-solosog\/2025\/09\/Imagen-de-WhatsApp-2025-09-24-a-las-09.31.34_155f0281-1170x878.jpg 1170w, https:\/\/www.lafresca.fm\/f-solosog\/2025\/09\/Imagen-de-WhatsApp-2025-09-24-a-las-09.31.34_155f0281-770x578.jpg 770w, https:\/\/www.lafresca.fm\/f-solosog\/2025\/09\/Imagen-de-WhatsApp-2025-09-24-a-las-09.31.34_155f0281-768x576.jpg 768w, https:\/\/www.lafresca.fm\/f-solosog\/2025\/09\/Imagen-de-WhatsApp-2025-09-24-a-las-09.31.34_155f0281-1536x1152.jpg 1536w, https:\/\/www.lafresca.fm\/f-solosog\/2025\/09\/Imagen-de-WhatsApp-2025-09-24-a-las-09.31.34_155f0281.jpg 1600w\" sizes=\"(max-width: 1170px) 100vw, 1170px\" \/><\/figure>\n<script>function PlayerjsAsync(){} if(window[\"Playerjs\"]){PlayerjsAsync();}<\/script>","protected":false},"excerpt":{"rendered":"<p>El Ayuntamiento de Castalla, a trav\u00e9s de la Concejal\u00eda de Cultura, ha anunciado la adhesi\u00f3n del municipio al Circuito Cultural Valenciano. La programaci\u00f3n ya est\u00e1 en marcha y, por el momento, consta de cinco actuaciones: el teatro \u201cDos capacitados\u201d, el 28 de septiembre; el espect\u00e1culo de Danza Espa\u00f1ola \u201cAt\u00e1vicas. Mujeres ...<\/p>\n","protected":false},"author":2,"featured_media":16287,"comment_status":"closed","ping_status":"closed","sticky":false,"template":"","format":"standard","meta":{"_monsterinsights_skip_tracking":false,"_monsterinsights_sitenote_active":false,"_monsterinsights_sitenote_note":"","_monsterinsights_sitenote_category":0,"footnotes":""},"categories":[4],"tags":[144],"class_list":["post-16286","post","type-post","status-publish","format-standard","has-post-thumbnail","hentry","category-alicante","tag-castalla"],"aioseo_notices":[],"_links":{"self":[{"href":"https:\/\/www.lafresca.fm\/fresca-api-json\/wp\/v2\/posts\/16286","targetHints":{"allow":["GET"]}}],"collection":[{"href":"https:\/\/www.lafresca.fm\/fresca-api-json\/wp\/v2\/posts"}],"about":[{"href":"https:\/\/www.lafresca.fm\/fresca-api-json\/wp\/v2\/types\/post"}],"author":[{"embeddable":true,"href":"https:\/\/www.lafresca.fm\/fresca-api-json\/wp\/v2\/users\/2"}],"replies":[{"embeddable":true,"href":"https:\/\/www.lafresca.fm\/fresca-api-json\/wp\/v2\/comments?post=16286"}],"version-history":[{"count":1,"href":"https:\/\/www.lafresca.fm\/fresca-api-json\/wp\/v2\/posts\/16286\/revisions"}],"predecessor-version":[{"id":16288,"href":"https:\/\/www.lafresca.fm\/fresca-api-json\/wp\/v2\/posts\/16286\/revisions\/16288"}],"wp:featuredmedia":[{"embeddable":true,"href":"https:\/\/www.lafresca.fm\/fresca-api-json\/wp\/v2\/media\/16287"}],"wp:attachment":[{"href":"https:\/\/www.lafresca.fm\/fresca-api-json\/wp\/v2\/media?parent=16286"}],"wp:term":[{"taxonomy":"category","embeddable":true,"href":"https:\/\/www.lafresca.fm\/fresca-api-json\/wp\/v2\/categories?post=16286"},{"taxonomy":"post_tag","embeddable":true,"href":"https:\/\/www.lafresca.fm\/fresca-api-json\/wp\/v2\/tags?post=16286"}],"curies":[{"name":"wp","href":"https:\/\/api.w.org\/{rel}","templated":true}]}}