{"id":16289,"date":"2025-09-24T14:45:12","date_gmt":"2025-09-24T12:45:12","guid":{"rendered":"https:\/\/www.lafresca.fm\/?p=16289"},"modified":"2025-09-24T14:45:13","modified_gmt":"2025-09-24T12:45:13","slug":"comienzan-las-obras-en-la-rotonda-de-la-fuente-de-ibi-tras-mas-de-dos-meses-de-espera","status":"publish","type":"post","link":"https:\/\/www.lafresca.fm\/comienzan-las-obras-en-la-rotonda-de-la-fuente-de-ibi-tras-mas-de-dos-meses-de-espera\/","title":{"rendered":"Comienzan las obras en la rotonda de la fuente de Ibi tras m\u00e1s de dos meses de espera"},"content":{"rendered":"\n<p>El Ayuntamiento de Ibi ha informado que este mi\u00e9rcoles, 24 de septiembre, a partir de las 15:30 horas, comenzar\u00e1n las obras de reparaci\u00f3n en la rotonda de la fuente, ubicada en la confluencia de la avenida Juan Carlos I con la avenida de Azor\u00edn. Los trabajos se ponen en marcha <strong>tras m\u00e1s de dos meses de espera<\/strong>, motivados por los desperfectos ocasionados en la calzada y la acera a ra\u00edz de las intensas lluvias registradas el pasado <strong>11 de julio<\/strong>.<\/p>\n\n\n\n<figure class=\"wp-block-image size-large\"><img fetchpriority=\"high\" decoding=\"async\" width=\"1170\" height=\"1170\" src=\"https:\/\/www.lafresca.fm\/f-solosog\/2025\/09\/obras-ibi-1170x1170.jpg\" alt=\"\" class=\"wp-image-16290\" srcset=\"https:\/\/www.lafresca.fm\/f-solosog\/2025\/09\/obras-ibi-1170x1170.jpg 1170w, https:\/\/www.lafresca.fm\/f-solosog\/2025\/09\/obras-ibi-770x770.jpg 770w, https:\/\/www.lafresca.fm\/f-solosog\/2025\/09\/obras-ibi-150x150.jpg 150w, https:\/\/www.lafresca.fm\/f-solosog\/2025\/09\/obras-ibi-768x768.jpg 768w, https:\/\/www.lafresca.fm\/f-solosog\/2025\/09\/obras-ibi-1536x1536.jpg 1536w, https:\/\/www.lafresca.fm\/f-solosog\/2025\/09\/obras-ibi-100x100.jpg 100w, https:\/\/www.lafresca.fm\/f-solosog\/2025\/09\/obras-ibi-370x370.jpg 370w, https:\/\/www.lafresca.fm\/f-solosog\/2025\/09\/obras-ibi.jpg 2048w\" sizes=\"(max-width: 1170px) 100vw, 1170px\" \/><figcaption class=\"wp-element-caption\">Imagen: RRSS<\/figcaption><\/figure>\n\n\n\n<p>Con motivo de estas actuaciones, se ha previsto el corte de tr\u00e1fico en los carriles de la avenida Juan Carlos I, aproximadamente entre los n\u00fameros 63 y 61, aunque \u00fanicamente en un sentido, ya que el de bajada permanecer\u00e1 abierto. Asimismo, se cerrar\u00e1 el tramo que conecta desde Paqueteros Reales hacia la rotonda de la fuente.<\/p>\n\n\n\n<p>El Ayuntamiento ha explicado que los veh\u00edculos que circulen por la calle Miguel de Cervantes deber\u00e1n realizar un peque\u00f1o desv\u00edo en direcci\u00f3n contraria por la avenida de Azor\u00edn hasta la rotonda de Paqueteros Reales, desde donde podr\u00e1n continuar hacia el resto de direcciones.<\/p>\n\n\n\n<p>La Polic\u00eda Local y la empresa responsable de los trabajos han se\u00f1alizado la zona para garantizar la seguridad. Desde el consistorio se pide <strong>precauci\u00f3n y colaboraci\u00f3n<\/strong> a los conductores y vecinos mientras se desarrollan las obras.<\/p>\n<script>function PlayerjsAsync(){} if(window[\"Playerjs\"]){PlayerjsAsync();}<\/script>","protected":false},"excerpt":{"rendered":"<p>El Ayuntamiento de Ibi ha informado que este mi\u00e9rcoles, 24 de septiembre, a partir de las 15:30 horas, comenzar\u00e1n las obras de reparaci\u00f3n en la rotonda de la fuente, ubicada en la confluencia de la avenida Juan Carlos I con la avenida de Azor\u00edn. Los trabajos se ponen en marcha ...<\/p>\n","protected":false},"author":2,"featured_media":16290,"comment_status":"closed","ping_status":"closed","sticky":false,"template":"","format":"standard","meta":{"_monsterinsights_skip_tracking":false,"_monsterinsights_sitenote_active":false,"_monsterinsights_sitenote_note":"","_monsterinsights_sitenote_category":0,"footnotes":""},"categories":[4],"tags":[128],"class_list":["post-16289","post","type-post","status-publish","format-standard","has-post-thumbnail","hentry","category-alicante","tag-ibi"],"aioseo_notices":[],"_links":{"self":[{"href":"https:\/\/www.lafresca.fm\/fresca-api-json\/wp\/v2\/posts\/16289","targetHints":{"allow":["GET"]}}],"collection":[{"href":"https:\/\/www.lafresca.fm\/fresca-api-json\/wp\/v2\/posts"}],"about":[{"href":"https:\/\/www.lafresca.fm\/fresca-api-json\/wp\/v2\/types\/post"}],"author":[{"embeddable":true,"href":"https:\/\/www.lafresca.fm\/fresca-api-json\/wp\/v2\/users\/2"}],"replies":[{"embeddable":true,"href":"https:\/\/www.lafresca.fm\/fresca-api-json\/wp\/v2\/comments?post=16289"}],"version-history":[{"count":1,"href":"https:\/\/www.lafresca.fm\/fresca-api-json\/wp\/v2\/posts\/16289\/revisions"}],"predecessor-version":[{"id":16291,"href":"https:\/\/www.lafresca.fm\/fresca-api-json\/wp\/v2\/posts\/16289\/revisions\/16291"}],"wp:featuredmedia":[{"embeddable":true,"href":"https:\/\/www.lafresca.fm\/fresca-api-json\/wp\/v2\/media\/16290"}],"wp:attachment":[{"href":"https:\/\/www.lafresca.fm\/fresca-api-json\/wp\/v2\/media?parent=16289"}],"wp:term":[{"taxonomy":"category","embeddable":true,"href":"https:\/\/www.lafresca.fm\/fresca-api-json\/wp\/v2\/categories?post=16289"},{"taxonomy":"post_tag","embeddable":true,"href":"https:\/\/www.lafresca.fm\/fresca-api-json\/wp\/v2\/tags?post=16289"}],"curies":[{"name":"wp","href":"https:\/\/api.w.org\/{rel}","templated":true}]}}