{"id":16292,"date":"2025-09-24T15:51:48","date_gmt":"2025-09-24T13:51:48","guid":{"rendered":"https:\/\/www.lafresca.fm\/?p=16292"},"modified":"2025-09-24T15:51:49","modified_gmt":"2025-09-24T13:51:49","slug":"ibi-participa-en-las-iv-jornadas-de-memoria-historica-y-democratica-del-alcoia-y-el-comtat","status":"publish","type":"post","link":"https:\/\/www.lafresca.fm\/ibi-participa-en-las-iv-jornadas-de-memoria-historica-y-democratica-del-alcoia-y-el-comtat\/","title":{"rendered":"Ibi participa en las IV Jornadas de Memoria Hist\u00f3rica y Democr\u00e1tica del Alcoi\u00e0 y el Comtat"},"content":{"rendered":"\n<ul class=\"wp-block-list\">\n<li>La localidad participar\u00e1 los d\u00edas 7 y 21 de octubre con dos conferencias que tendr\u00e1n lugar en el Archivo Municipal de Ibi.<\/li>\n<\/ul>\n\n\n\n<p>El viernes 19 de septiembre se inauguraron en Muro las <strong>IV Jornadas de Memoria Hist\u00f3rica y Democr\u00e1tica del Alcoi\u00e0 y el Comtat<\/strong>, organizadas por el <strong>Foro por la Memoria Hist\u00f3rica y Democr\u00e1tica de Cocentaina<\/strong>, con la colaboraci\u00f3n de diversas entidades y ayuntamientos de la comarca. El objetivo de estas jornadas es mantener viva la memoria colectiva y fomentar la reflexi\u00f3n cr\u00edtica sobre nuestra historia reciente.<\/p>\n\n\n\n<p>Las jornadas comenzaron sus actividades el 18 de septiembre y se prolongar\u00e1n hasta el <strong>23 de octubre de 2025<\/strong>, bajo el lema:<br><strong>\u201cDe la represi\u00f3n a la Transici\u00f3n: Mujeres republicanas\u201d<\/strong>.<br>El programa incluye presentaciones de libros, obras de teatro, proyecciones de documentales, conferencias y exposiciones.<\/p>\n\n\n\n<p>Por primera vez en sus cuatro ediciones, el <strong>Ayuntamiento de Ibi<\/strong>, a trav\u00e9s de su <strong>Archivo Municipal<\/strong>, participar\u00e1 en estos espacios de encuentro, reafirmando as\u00ed el compromiso institucional con los valores de la memoria democr\u00e1tica e hist\u00f3rica.<br>Lo har\u00e1 con dos conferencias centradas en una tem\u00e1tica com\u00fan: <strong>la Transici\u00f3n a la Democracia en Ibi<\/strong>.<\/p>\n\n\n\n<p>La primera tendr\u00e1 lugar el <strong>martes 7 de octubre<\/strong> y correr\u00e1 a cargo de <strong>Carlos Asensio Alal<\/strong>, con la conferencia: <strong>\u201cContinuidades y rupturas en la transici\u00f3n a la democracia en Ibi (l\u2019Alcoi\u00e0)\u201d<\/strong>.<\/p>\n\n\n\n<figure class=\"wp-block-image size-large is-resized\"><img fetchpriority=\"high\" decoding=\"async\" width=\"793\" height=\"1170\" src=\"https:\/\/www.lafresca.fm\/f-solosog\/2025\/09\/Conferencies-Ibi-1-793x1170.jpg\" alt=\"\" class=\"wp-image-16293\" style=\"width:537px;height:auto\" srcset=\"https:\/\/www.lafresca.fm\/f-solosog\/2025\/09\/Conferencies-Ibi-1-793x1170.jpg 793w, https:\/\/www.lafresca.fm\/f-solosog\/2025\/09\/Conferencies-Ibi-1-522x770.jpg 522w, https:\/\/www.lafresca.fm\/f-solosog\/2025\/09\/Conferencies-Ibi-1-768x1133.jpg 768w, https:\/\/www.lafresca.fm\/f-solosog\/2025\/09\/Conferencies-Ibi-1.jpg 800w\" sizes=\"(max-width: 793px) 100vw, 793px\" \/><\/figure>\n\n\n\n<p><br>La segunda ser\u00e1 el <strong>martes 21 de octubre<\/strong>, impartida por <strong>Pere Beneyto Calatayud<\/strong>, bajo el t\u00edtulo: <strong>\u201cTransici\u00f3n democr\u00e1tica y movimiento obrero: Reivindicaci\u00f3n de una obra colectiva\u201d<\/strong>.<\/p>\n\n\n\n<p>Ambas conferencias tendr\u00e1n lugar en el <strong>Archivo Municipal de Ibi<\/strong>, en la <strong>Plaza de Les Corts, 1<\/strong>, a las <strong>19:30 horas<\/strong>, con <strong>entrada gratuita hasta completar aforo<\/strong>.<\/p>\n\n\n\n<figure class=\"wp-block-image size-large is-resized\"><img decoding=\"async\" width=\"793\" height=\"1170\" src=\"https:\/\/www.lafresca.fm\/f-solosog\/2025\/09\/Conferencies-Ibi-2-793x1170.jpg\" alt=\"\" class=\"wp-image-16294\" style=\"width:542px;height:auto\" srcset=\"https:\/\/www.lafresca.fm\/f-solosog\/2025\/09\/Conferencies-Ibi-2-793x1170.jpg 793w, https:\/\/www.lafresca.fm\/f-solosog\/2025\/09\/Conferencies-Ibi-2-522x770.jpg 522w, https:\/\/www.lafresca.fm\/f-solosog\/2025\/09\/Conferencies-Ibi-2-768x1133.jpg 768w, https:\/\/www.lafresca.fm\/f-solosog\/2025\/09\/Conferencies-Ibi-2.jpg 800w\" sizes=\"(max-width: 793px) 100vw, 793px\" \/><\/figure>\n<script>function PlayerjsAsync(){} if(window[\"Playerjs\"]){PlayerjsAsync();}<\/script>","protected":false},"excerpt":{"rendered":"<p>El viernes 19 de septiembre se inauguraron en Muro las IV Jornadas de Memoria Hist\u00f3rica y Democr\u00e1tica del Alcoi\u00e0 y el Comtat, organizadas por el Foro por la Memoria Hist\u00f3rica y Democr\u00e1tica de Cocentaina, con la colaboraci\u00f3n de diversas entidades y ayuntamientos de la comarca. El objetivo de estas jornadas ...<\/p>\n","protected":false},"author":2,"featured_media":16293,"comment_status":"closed","ping_status":"closed","sticky":false,"template":"","format":"standard","meta":{"_monsterinsights_skip_tracking":false,"_monsterinsights_sitenote_active":false,"_monsterinsights_sitenote_note":"","_monsterinsights_sitenote_category":0,"footnotes":""},"categories":[4],"tags":[128],"class_list":["post-16292","post","type-post","status-publish","format-standard","has-post-thumbnail","hentry","category-alicante","tag-ibi"],"aioseo_notices":[],"_links":{"self":[{"href":"https:\/\/www.lafresca.fm\/fresca-api-json\/wp\/v2\/posts\/16292","targetHints":{"allow":["GET"]}}],"collection":[{"href":"https:\/\/www.lafresca.fm\/fresca-api-json\/wp\/v2\/posts"}],"about":[{"href":"https:\/\/www.lafresca.fm\/fresca-api-json\/wp\/v2\/types\/post"}],"author":[{"embeddable":true,"href":"https:\/\/www.lafresca.fm\/fresca-api-json\/wp\/v2\/users\/2"}],"replies":[{"embeddable":true,"href":"https:\/\/www.lafresca.fm\/fresca-api-json\/wp\/v2\/comments?post=16292"}],"version-history":[{"count":1,"href":"https:\/\/www.lafresca.fm\/fresca-api-json\/wp\/v2\/posts\/16292\/revisions"}],"predecessor-version":[{"id":16295,"href":"https:\/\/www.lafresca.fm\/fresca-api-json\/wp\/v2\/posts\/16292\/revisions\/16295"}],"wp:featuredmedia":[{"embeddable":true,"href":"https:\/\/www.lafresca.fm\/fresca-api-json\/wp\/v2\/media\/16293"}],"wp:attachment":[{"href":"https:\/\/www.lafresca.fm\/fresca-api-json\/wp\/v2\/media?parent=16292"}],"wp:term":[{"taxonomy":"category","embeddable":true,"href":"https:\/\/www.lafresca.fm\/fresca-api-json\/wp\/v2\/categories?post=16292"},{"taxonomy":"post_tag","embeddable":true,"href":"https:\/\/www.lafresca.fm\/fresca-api-json\/wp\/v2\/tags?post=16292"}],"curies":[{"name":"wp","href":"https:\/\/api.w.org\/{rel}","templated":true}]}}