{"id":16296,"date":"2025-09-25T12:12:14","date_gmt":"2025-09-25T10:12:14","guid":{"rendered":"https:\/\/www.lafresca.fm\/?p=16296"},"modified":"2025-09-25T14:19:44","modified_gmt":"2025-09-25T12:19:44","slug":"onil-presenta-la-subida-internacional-que-se-celebrara-los-dias-26-27-y-28-de-septiembre","status":"publish","type":"post","link":"https:\/\/www.lafresca.fm\/onil-presenta-la-subida-internacional-que-se-celebrara-los-dias-26-27-y-28-de-septiembre\/","title":{"rendered":"Onil presenta la Subida Internacional, que se celebrar\u00e1 los d\u00edas 26, 27 y 28 de septiembre"},"content":{"rendered":"\n<p>Esta ma\u00f1ana se ha presentado en el Palacio Marqu\u00e9s de Dos Aguas de Onil, la Subida Internacional de Onil 2025. cuya presentaci\u00f3n, ha corrido a cargo de D. Manuel S\u00e1nchez, director de prueba, que ha agradecido el apoyo incondicional de todas las instituciones como Diputaci\u00f3n de Alicante y Generalitat Valenciana, y en especial del Ayuntamiento de Onil, as\u00ed como a los patrocinadores y empresas que colaboran para el \u00e9xito de la prueba, ya que, sin ellos, ser\u00eda imposible alcanzar el nivel de una prueba Internacional FIA&nbsp;puntuable para el Campeonato de Espa\u00f1a de Monta\u00f1a.<\/p>\n\n\n\n<figure class=\"wp-block-image size-large\"><img fetchpriority=\"high\" decoding=\"async\" width=\"1170\" height=\"877\" src=\"https:\/\/www.lafresca.fm\/f-solosog\/2025\/09\/subida-1-1170x877.jpeg\" alt=\"\" class=\"wp-image-16297\" srcset=\"https:\/\/www.lafresca.fm\/f-solosog\/2025\/09\/subida-1-1170x877.jpeg 1170w, https:\/\/www.lafresca.fm\/f-solosog\/2025\/09\/subida-1-770x577.jpeg 770w, https:\/\/www.lafresca.fm\/f-solosog\/2025\/09\/subida-1-768x576.jpeg 768w, https:\/\/www.lafresca.fm\/f-solosog\/2025\/09\/subida-1-1536x1152.jpeg 1536w, https:\/\/www.lafresca.fm\/f-solosog\/2025\/09\/subida-1.jpeg 1991w\" sizes=\"(max-width: 1170px) 100vw, 1170px\" \/><\/figure>\n\n\n\n<p>En la presentaci\u00f3n, han estado presentes D. Jaume Berenguer, Alcalde de Onil, D. Jos\u00e9 M\u00aa Fortu\u00f1o, Director de Marketing de la RFEDA, D. Oscar Bernab\u00e9u, Concejal de Deportes y Juventud, D. Rub\u00e9n Garrido, Concejal de Turismo de Onil, y D. Enrique Mattes, Presidente delAutom\u00f3vil Club de Alicante.<\/p>\n\n\n\n<p>Asimismo, han estado presentes en el acto los ya Campeones de Espa\u00f1a de Monta\u00f1a 2025, tanto Gerard de la Casa, en la Categor\u00eda 1, como Arkaitz Ordoki en la Categor\u00eda 2, como previsiblemente Jordi Vilardel de la Categor\u00eda 3.<\/p>\n\n\n\n<figure class=\"wp-block-image size-large\"><img decoding=\"async\" width=\"1170\" height=\"878\" src=\"https:\/\/www.lafresca.fm\/f-solosog\/2025\/09\/subida-2-1170x878.jpeg\" alt=\"\" class=\"wp-image-16298\" srcset=\"https:\/\/www.lafresca.fm\/f-solosog\/2025\/09\/subida-2-1170x878.jpeg 1170w, https:\/\/www.lafresca.fm\/f-solosog\/2025\/09\/subida-2-770x578.jpeg 770w, https:\/\/www.lafresca.fm\/f-solosog\/2025\/09\/subida-2-768x576.jpeg 768w, https:\/\/www.lafresca.fm\/f-solosog\/2025\/09\/subida-2-1536x1152.jpeg 1536w, https:\/\/www.lafresca.fm\/f-solosog\/2025\/09\/subida-2.jpeg 2000w\" sizes=\"(max-width: 1170px) 100vw, 1170px\" \/><\/figure>\n\n\n\n<p>Lo primero ha sido presentar la Revista Oficial de la prueba, en la que aparecen adem\u00e1s de los Saludas protocolarios de las autoridades, y los patrocinadores y colaboradores de la prueba, todos los participantes con sus coches y datos, para que los ni\u00f1os que recojan la revista soliciten su aut\u00f3grafo y puedan conseguir rellenar la revista completa y participar en el concurso de Ninco en el que podr\u00e1n optar a diferentes regalos de dicha empresa.<\/p>\n\n\n\n<p>Tambi\u00e9n se present\u00f3 la Gu\u00eda del Espectador donde figura la Lista Oficial de Inscritos, y las recomendaciones a los aficionados que lleguen a disfrutar de la prueba in situ.<\/p>\n\n\n\n<figure class=\"wp-block-image size-large\"><img decoding=\"async\" width=\"1170\" height=\"878\" src=\"https:\/\/www.lafresca.fm\/f-solosog\/2025\/09\/subida-4-1170x878.jpeg\" alt=\"\" class=\"wp-image-16300\" srcset=\"https:\/\/www.lafresca.fm\/f-solosog\/2025\/09\/subida-4-1170x878.jpeg 1170w, https:\/\/www.lafresca.fm\/f-solosog\/2025\/09\/subida-4-770x578.jpeg 770w, https:\/\/www.lafresca.fm\/f-solosog\/2025\/09\/subida-4-768x576.jpeg 768w, https:\/\/www.lafresca.fm\/f-solosog\/2025\/09\/subida-4-1536x1152.jpeg 1536w, https:\/\/www.lafresca.fm\/f-solosog\/2025\/09\/subida-4.jpeg 2000w\" sizes=\"(max-width: 1170px) 100vw, 1170px\" \/><\/figure>\n\n\n\n<p>A partir de este a\u00f1o el Autom\u00f3vil Club de Alicante otorgar\u00e1 en la Subida Internacional de Onil una menci\u00f3n denominada \u201cHomenaje\u201d que se otorgar\u00e1 a un piloto que sus socios hayan decidido cada a\u00f1o por sus m\u00e9ritos deportivos, trayectoria, car\u00e1cter, cercan\u00eda, etc. Este a\u00f1o el \u201cHOMENAJE\u201d es para Gerard De La Casa.<\/p>\n\n\n\n<p>A lo largo de la presentaci\u00f3n, todos han destacado el gran trabajo que lleva realizando durante un a\u00f1o el Autom\u00f3vil Club de Alicante, y el gran \u00e9xito de la edici\u00f3n anterior, para de nuevo conseguir que la prueba organizada en la provincia de Alicante siga siendo una de las mejores pruebas del&nbsp;<strong>Campeonato de Espa\u00f1a de Monta\u00f1a AUTOhebdo Sport, y ya van 5 a\u00f1os seguidos,&nbsp;<\/strong>trabajando a\u00f1o tras a\u00f1o para conseguir pr\u00f3ximamente ser una de las mejores pruebas de Europa.<\/p>\n\n\n\n<p>Se ha destacado por todos, que una prueba como la Subida Internacional de Onil, destaca por la gran repercusi\u00f3n econ\u00f3mica que supone para la comarca, que,&nbsp;adem\u00e1s de convertir a Onil y Alicante en el centro de atenci\u00f3n de miles de visitantes y aficionados a trav\u00e9s de Internet, repercute en numerosos alojamientos, comercios y empresas de la zona, por poner un ejemplo.<\/p>\n\n\n\n<p>En la presentaci\u00f3n se ha destacado la labor de los organizadores y las fuerzas de seguridad, que, con un dispositivo humano de m\u00e1s de 250 personas, velar\u00e1n por los aficionados que se acercar\u00e1n a Onil a disfrutar de la prueba en directo, que adem\u00e1s durante todo el fin de semana, podr\u00e1n disfrutar de los eventos culturales que se celebrar\u00e1n en Onil dentro del evento Onil es Mostra.<\/p>\n\n\n\n<p>Los invitados deportivos a la presentaci\u00f3n, han destacado el importante apoyo, que tanto la Real Federaci\u00f3n Espa\u00f1ola de Automovilismo como la Federaci\u00f3n Valenciana de Automovilismo, ofrecen al club para llevar a cabo la prueba, que consigue atraer la participaci\u00f3n de importantes pilotos del panorama nacional e internacional, contando este a\u00f1o con la participaci\u00f3n de pilotos procedentes de Andorra y Portugal, y destacando tambi\u00e9n un n\u00famero importante de pilotos que nos visitan desde Galicia, Andaluc\u00eda, Extremadura, Catalu\u00f1a o Madrid.<\/p>\n\n\n\n<figure class=\"wp-block-image size-large\"><img loading=\"lazy\" decoding=\"async\" width=\"1170\" height=\"878\" src=\"https:\/\/www.lafresca.fm\/f-solosog\/2025\/09\/subida-3-1170x878.jpeg\" alt=\"\" class=\"wp-image-16299\" srcset=\"https:\/\/www.lafresca.fm\/f-solosog\/2025\/09\/subida-3-1170x878.jpeg 1170w, https:\/\/www.lafresca.fm\/f-solosog\/2025\/09\/subida-3-770x578.jpeg 770w, https:\/\/www.lafresca.fm\/f-solosog\/2025\/09\/subida-3-768x576.jpeg 768w, https:\/\/www.lafresca.fm\/f-solosog\/2025\/09\/subida-3-1536x1152.jpeg 1536w, https:\/\/www.lafresca.fm\/f-solosog\/2025\/09\/subida-3.jpeg 2000w\" sizes=\"(max-width: 1170px) 100vw, 1170px\" \/><\/figure>\n\n\n\n<p>Cabe destacar, que numerosos pilotos locales y los que siguen el campeonato regional, no han dejado pasar la oportunidad de disfrutar de la subida compartiendo pista con los mejores del nacional.<\/p>\n\n\n\n<p>La prueba arrancar\u00e1 ma\u00f1ana viernes con las verificaciones t\u00e9cnicas y administrativas, estando prevista, la Ceremonia de Salida a las 21:00. La competici\u00f3n comenzar\u00e1 el s\u00e1bado a las 10:00, con la manga de Entrenamientos Libres Opcionales, para pasar a la manga de Entrenamientos Oficiales CEM y FACV dando seguidamente continuaci\u00f3n a las mangas de carrera. El domingo, se retomar\u00e1 la actividad deportiva a partir de las 9 de la ma\u00f1ana.<\/p>\n<script>function PlayerjsAsync(){} if(window[\"Playerjs\"]){PlayerjsAsync();}<\/script>","protected":false},"excerpt":{"rendered":"<p>Esta ma\u00f1ana se ha presentado en el Palacio Marqu\u00e9s de Dos Aguas de Onil, la Subida Internacional de Onil 2025. cuya presentaci\u00f3n, ha corrido a cargo de D. Manuel S\u00e1nchez, director de prueba, que ha agradecido el apoyo incondicional de todas las instituciones como Diputaci\u00f3n de Alicante y Generalitat Valenciana, ...<\/p>\n","protected":false},"author":2,"featured_media":16297,"comment_status":"closed","ping_status":"closed","sticky":false,"template":"","format":"standard","meta":{"_monsterinsights_skip_tracking":false,"_monsterinsights_sitenote_active":false,"_monsterinsights_sitenote_note":"","_monsterinsights_sitenote_category":0,"footnotes":""},"categories":[4],"tags":[133,765],"class_list":["post-16296","post","type-post","status-publish","format-standard","has-post-thumbnail","hentry","category-alicante","tag-onil","tag-subida-onil"],"aioseo_notices":[],"_links":{"self":[{"href":"https:\/\/www.lafresca.fm\/fresca-api-json\/wp\/v2\/posts\/16296","targetHints":{"allow":["GET"]}}],"collection":[{"href":"https:\/\/www.lafresca.fm\/fresca-api-json\/wp\/v2\/posts"}],"about":[{"href":"https:\/\/www.lafresca.fm\/fresca-api-json\/wp\/v2\/types\/post"}],"author":[{"embeddable":true,"href":"https:\/\/www.lafresca.fm\/fresca-api-json\/wp\/v2\/users\/2"}],"replies":[{"embeddable":true,"href":"https:\/\/www.lafresca.fm\/fresca-api-json\/wp\/v2\/comments?post=16296"}],"version-history":[{"count":2,"href":"https:\/\/www.lafresca.fm\/fresca-api-json\/wp\/v2\/posts\/16296\/revisions"}],"predecessor-version":[{"id":16303,"href":"https:\/\/www.lafresca.fm\/fresca-api-json\/wp\/v2\/posts\/16296\/revisions\/16303"}],"wp:featuredmedia":[{"embeddable":true,"href":"https:\/\/www.lafresca.fm\/fresca-api-json\/wp\/v2\/media\/16297"}],"wp:attachment":[{"href":"https:\/\/www.lafresca.fm\/fresca-api-json\/wp\/v2\/media?parent=16296"}],"wp:term":[{"taxonomy":"category","embeddable":true,"href":"https:\/\/www.lafresca.fm\/fresca-api-json\/wp\/v2\/categories?post=16296"},{"taxonomy":"post_tag","embeddable":true,"href":"https:\/\/www.lafresca.fm\/fresca-api-json\/wp\/v2\/tags?post=16296"}],"curies":[{"name":"wp","href":"https:\/\/api.w.org\/{rel}","templated":true}]}}