{"id":16306,"date":"2025-09-26T12:44:06","date_gmt":"2025-09-26T10:44:06","guid":{"rendered":"https:\/\/www.lafresca.fm\/?p=16306"},"modified":"2025-09-26T12:44:59","modified_gmt":"2025-09-26T10:44:59","slug":"victoria-sanchez-nos-habla-de-la-xx-edicion-de-onil-es-mostra-que-se-celebra-este-fin-de-semana-musica-comercio-y-el-reino-de-las-munecas","status":"publish","type":"post","link":"https:\/\/www.lafresca.fm\/victoria-sanchez-nos-habla-de-la-xx-edicion-de-onil-es-mostra-que-se-celebra-este-fin-de-semana-musica-comercio-y-el-reino-de-las-munecas\/","title":{"rendered":"\u201cVictoria S\u00e1nchez nos habla de la XX edici\u00f3n de Onil es Mostra, que se celebra este fin de semana: m\u00fasica, comercio y el Reino de las Mu\u00f1ecas\u201d"},"content":{"rendered":"\n<figure class=\"wp-block-audio\"><audio controls src=\"https:\/\/www.lafresca.fm\/f-solosog\/2025\/09\/Entrevista-Onil-es-Mostra-26-9-25.mp3\"><\/audio><\/figure>\n\n\n\n<figure class=\"wp-block-image size-large\"><img fetchpriority=\"high\" decoding=\"async\" width=\"1170\" height=\"878\" src=\"https:\/\/www.lafresca.fm\/f-solosog\/2025\/09\/vito-26-9-25-1170x878.jpeg\" alt=\"\" class=\"wp-image-16308\" srcset=\"https:\/\/www.lafresca.fm\/f-solosog\/2025\/09\/vito-26-9-25-1170x878.jpeg 1170w, https:\/\/www.lafresca.fm\/f-solosog\/2025\/09\/vito-26-9-25-770x578.jpeg 770w, https:\/\/www.lafresca.fm\/f-solosog\/2025\/09\/vito-26-9-25-768x576.jpeg 768w, https:\/\/www.lafresca.fm\/f-solosog\/2025\/09\/vito-26-9-25-1536x1152.jpeg 1536w, https:\/\/www.lafresca.fm\/f-solosog\/2025\/09\/vito-26-9-25.jpeg 2000w\" sizes=\"(max-width: 1170px) 100vw, 1170px\" \/><\/figure>\n\n\n\n<p>Este fin de semana, del 26 al 28 de septiembre, Onil celebra la 10\u00aa edici\u00f3n de su feria m\u00e1s emblem\u00e1tica: <em>Onil es Mostra<\/em>. La concejala de Comercio, Hosteler\u00eda y Feria, Mar\u00eda Victoria S\u00e1nchez, nos ha adelantado las principales novedades de esta cita que combina tradici\u00f3n, cultura, comercio y ocio para toda la familia.<\/p>\n\n\n\n<figure class=\"wp-block-image size-large\"><img decoding=\"async\" width=\"936\" height=\"1170\" src=\"https:\/\/www.lafresca.fm\/f-solosog\/2025\/09\/544785218_1196927352470530_6389129921482898267_n-936x1170.jpg\" alt=\"\" class=\"wp-image-16174\" srcset=\"https:\/\/www.lafresca.fm\/f-solosog\/2025\/09\/544785218_1196927352470530_6389129921482898267_n-936x1170.jpg 936w, https:\/\/www.lafresca.fm\/f-solosog\/2025\/09\/544785218_1196927352470530_6389129921482898267_n-616x770.jpg 616w, https:\/\/www.lafresca.fm\/f-solosog\/2025\/09\/544785218_1196927352470530_6389129921482898267_n-768x960.jpg 768w, https:\/\/www.lafresca.fm\/f-solosog\/2025\/09\/544785218_1196927352470530_6389129921482898267_n.jpg 1080w\" sizes=\"(max-width: 936px) 100vw, 936px\" \/><\/figure>\n\n\n\n<hr class=\"wp-block-separator has-alpha-channel-opacity\"\/>\n\n\n\n<h3 class=\"wp-block-heading\">M\u00fasica en directo y ambiente festivo<\/h3>\n\n\n\n<p>La Plaza de Espa\u00f1a ser\u00e1 el epicentro de la feria, donde se ofrecer\u00e1n actuaciones musicales en vivo, creando un ambiente festivo que invitar\u00e1 a todos a disfrutar de la m\u00fasica y la compa\u00f1\u00eda. Adem\u00e1s, se celebrar\u00e1 la divertida prueba de los Autos Locos el s\u00e1bado por la tarde, una actividad que promete risas y emoci\u00f3n para grandes y peque\u00f1os.<\/p>\n\n\n\n<hr class=\"wp-block-separator has-alpha-channel-opacity\"\/>\n\n\n\n<h3 class=\"wp-block-heading\">Comercio local y gastronom\u00eda<\/h3>\n\n\n\n<p>La feria contar\u00e1 con una Zona de Comercio Local, donde los comercios de Onil podr\u00e1n mostrar sus productos y servicios, fomentando el consumo local y la econom\u00eda del municipio. Adem\u00e1s, se ofrecer\u00e1n degustaciones gastron\u00f3micas y muestras de artesan\u00eda, permitiendo a los visitantes conocer y saborear lo mejor de la tradici\u00f3n culinaria y artesanal de Onil.<\/p>\n\n\n\n<hr class=\"wp-block-separator has-alpha-channel-opacity\"\/>\n\n\n\n<h3 class=\"wp-block-heading\">El Reino de las Mu\u00f1ecas<\/h3>\n\n\n\n<p>Uno de los grandes atractivos de esta edici\u00f3n ser\u00e1 <em>El Reino de las Mu\u00f1ecas<\/em>, un espacio tem\u00e1tico dedicado a la industria mu\u00f1equera de Onil. Este espacio permitir\u00e1 a los visitantes conocer la historia y evoluci\u00f3n de la famosa industria de la mu\u00f1eca, que ha sido un s\u00edmbolo de Onil a nivel nacional e internacional.<\/p>\n\n\n\n<hr class=\"wp-block-separator has-alpha-channel-opacity\"\/>\n\n\n\n<h3 class=\"wp-block-heading\">La Subida Internacional a Onil<\/h3>\n\n\n\n<p>En paralelo a la feria, se celebrar\u00e1 la 2\u00aa Subida Internacional a Onil, una prueba automovil\u00edstica que atraer\u00e1 a pilotos y aficionados del motor. Esta prueba refuerza el car\u00e1cter din\u00e1mico y diverso de la feria, ofreciendo una experiencia \u00fanica para quienes buscan adrenalina y espect\u00e1culo.<\/p>\n\n\n\n<figure class=\"wp-block-image size-large\"><img decoding=\"async\" width=\"827\" height=\"1170\" src=\"https:\/\/www.lafresca.fm\/f-solosog\/2025\/09\/546300457_122240174126242166_3176798096591270138_n-827x1170.jpg\" alt=\"\" class=\"wp-image-16175\" srcset=\"https:\/\/www.lafresca.fm\/f-solosog\/2025\/09\/546300457_122240174126242166_3176798096591270138_n-827x1170.jpg 827w, https:\/\/www.lafresca.fm\/f-solosog\/2025\/09\/546300457_122240174126242166_3176798096591270138_n-544x770.jpg 544w, https:\/\/www.lafresca.fm\/f-solosog\/2025\/09\/546300457_122240174126242166_3176798096591270138_n-768x1086.jpg 768w, https:\/\/www.lafresca.fm\/f-solosog\/2025\/09\/546300457_122240174126242166_3176798096591270138_n-1086x1536.jpg 1086w, https:\/\/www.lafresca.fm\/f-solosog\/2025\/09\/546300457_122240174126242166_3176798096591270138_n.jpg 1414w\" sizes=\"(max-width: 827px) 100vw, 827px\" \/><\/figure>\n<script>function PlayerjsAsync(){} if(window[\"Playerjs\"]){PlayerjsAsync();}<\/script>","protected":false},"excerpt":{"rendered":"<p>Este fin de semana, del 26 al 28 de septiembre, Onil celebra la 10\u00aa edici\u00f3n de su feria m\u00e1s emblem\u00e1tica: Onil es Mostra. La concejala de Comercio, Hosteler\u00eda y Feria, Mar\u00eda Victoria S\u00e1nchez, nos ha adelantado las principales novedades de esta cita que combina tradici\u00f3n, cultura, comercio y ocio para ...<\/p>\n","protected":false},"author":2,"featured_media":16308,"comment_status":"closed","ping_status":"closed","sticky":false,"template":"","format":"standard","meta":{"_monsterinsights_skip_tracking":false,"_monsterinsights_sitenote_active":false,"_monsterinsights_sitenote_note":"","_monsterinsights_sitenote_category":0,"footnotes":""},"categories":[4],"tags":[133,215],"class_list":["post-16306","post","type-post","status-publish","format-standard","has-post-thumbnail","hentry","category-alicante","tag-onil","tag-onil-es-mostra"],"aioseo_notices":[],"_links":{"self":[{"href":"https:\/\/www.lafresca.fm\/fresca-api-json\/wp\/v2\/posts\/16306","targetHints":{"allow":["GET"]}}],"collection":[{"href":"https:\/\/www.lafresca.fm\/fresca-api-json\/wp\/v2\/posts"}],"about":[{"href":"https:\/\/www.lafresca.fm\/fresca-api-json\/wp\/v2\/types\/post"}],"author":[{"embeddable":true,"href":"https:\/\/www.lafresca.fm\/fresca-api-json\/wp\/v2\/users\/2"}],"replies":[{"embeddable":true,"href":"https:\/\/www.lafresca.fm\/fresca-api-json\/wp\/v2\/comments?post=16306"}],"version-history":[{"count":2,"href":"https:\/\/www.lafresca.fm\/fresca-api-json\/wp\/v2\/posts\/16306\/revisions"}],"predecessor-version":[{"id":16310,"href":"https:\/\/www.lafresca.fm\/fresca-api-json\/wp\/v2\/posts\/16306\/revisions\/16310"}],"wp:featuredmedia":[{"embeddable":true,"href":"https:\/\/www.lafresca.fm\/fresca-api-json\/wp\/v2\/media\/16308"}],"wp:attachment":[{"href":"https:\/\/www.lafresca.fm\/fresca-api-json\/wp\/v2\/media?parent=16306"}],"wp:term":[{"taxonomy":"category","embeddable":true,"href":"https:\/\/www.lafresca.fm\/fresca-api-json\/wp\/v2\/categories?post=16306"},{"taxonomy":"post_tag","embeddable":true,"href":"https:\/\/www.lafresca.fm\/fresca-api-json\/wp\/v2\/tags?post=16306"}],"curies":[{"name":"wp","href":"https:\/\/api.w.org\/{rel}","templated":true}]}}