{"id":16311,"date":"2025-09-27T09:59:31","date_gmt":"2025-09-27T07:59:31","guid":{"rendered":"https:\/\/www.lafresca.fm\/?p=16311"},"modified":"2025-09-27T09:59:32","modified_gmt":"2025-09-27T07:59:32","slug":"onil-da-el-banderazo-a-la-subida-internacional-con-60-pilotos-en-la-gran-final-del-campeonato-de-espana-de-montana-2025","status":"publish","type":"post","link":"https:\/\/www.lafresca.fm\/onil-da-el-banderazo-a-la-subida-internacional-con-60-pilotos-en-la-gran-final-del-campeonato-de-espana-de-montana-2025\/","title":{"rendered":"\u201cOnil da el banderazo a la Subida Internacional con 60 pilotos en la gran final del Campeonato de Espa\u00f1a de Monta\u00f1a 2025\u201d"},"content":{"rendered":"\n<p>60 participantes autorizados tomaron ayer viernes la salida. Hoy s\u00e1bado se disputar\u00e1 la quinta prueba del Campeonato de Espa\u00f1a de Monta\u00f1a AUTOHEBDO Sport 2025.<\/p>\n\n\n\n<p>Una <a><\/a>espectacular Ceremonia de Salida da el pistoletazo de salida a una prueba muy esperada que vuelve a ser todo un espect\u00e1culo en Onil.<\/p>\n\n\n\n<p>En la tarde de este viernes, con las verificaciones administrativas y t\u00e9cnicas, se pon\u00eda en marcha La Subida Internacional de Onil, que pondr\u00e1 el broche final al Campeonato de Espa\u00f1a de Monta\u00f1a AUTOHEBDO Sport 2025 con una inscripci\u00f3n de lujo. Tras el tr\u00e1mite obligatorio, 60 participantes fueron autorizados a tomar la salida este s\u00e1bado 27 de septiembre. <\/p>\n\n\n\n<figure class=\"wp-block-image size-large\"><img fetchpriority=\"high\" decoding=\"async\" width=\"1170\" height=\"780\" src=\"https:\/\/www.lafresca.fm\/f-solosog\/2025\/09\/556506145_1101959905483282_6132617589949370858_n-1170x780.jpg\" alt=\"\" class=\"wp-image-16312\" srcset=\"https:\/\/www.lafresca.fm\/f-solosog\/2025\/09\/556506145_1101959905483282_6132617589949370858_n-1170x780.jpg 1170w, https:\/\/www.lafresca.fm\/f-solosog\/2025\/09\/556506145_1101959905483282_6132617589949370858_n-770x513.jpg 770w, https:\/\/www.lafresca.fm\/f-solosog\/2025\/09\/556506145_1101959905483282_6132617589949370858_n-768x512.jpg 768w, https:\/\/www.lafresca.fm\/f-solosog\/2025\/09\/556506145_1101959905483282_6132617589949370858_n-1536x1024.jpg 1536w, https:\/\/www.lafresca.fm\/f-solosog\/2025\/09\/556506145_1101959905483282_6132617589949370858_n.jpg 2048w\" sizes=\"(max-width: 1170px) 100vw, 1170px\" \/><\/figure>\n\n\n\n<p>Tras las mismas, y ante una abarrotada localidad que ha acogido con gran ilusi\u00f3n esta prueba, coincidiendo con Onil es Mostra, cientos de personas han disfrutado de la ceremonia presentada por Manolo S\u00e1nchez, director de la prueba.<\/p>\n\n\n\n<p>Numeroso p\u00fablico y un gran ambiente, que desde primera hora de la tarde ha disfrutado de todo lo que conlleva la prueba, se agolp\u00f3 en los alrededores del parque cerrado para disfrutar de la presentaci\u00f3n de los pilotos procedentes de numerosos puntos de la geograf\u00eda espa\u00f1ola.<\/p>\n\n\n\n<p>Los encargados de dar el banderazo de salida fueron Don Jaume Berenguer, Alcalde de Onil, y Don Oscar Bernab\u00e9u, Concejal de Deportes y como representantes de la Diputaci\u00f3n de Alicante, Do\u00f1a Mar\u00eda Magdalena Mart\u00ednez, Diputada Provincial y D. Jos\u00e9 Antonio Bermejo, Diputado Delegado.<\/p>\n\n\n\n<p>La ceremonia, estuvo cargada de momentos emotivos, uno de ellos el homenaje al campe\u00f3n nacional Gerard De La Casa, por su gran trayectoria en el campeonato de monta\u00f1a, reconocimientos a Cristo Mir\u00f3n, due\u00f1o del Grupo Mir\u00f3n, uno de los principales patrocinadores de la Subida y a Juanjo Gonz\u00e1lez, Director Comercial de Sala Hermanos.<\/p>\n\n\n\n<p>Fuera del aspecto deportivo de la prueba, todos los asistentes fueron testigos de una pedida de mano, de Pablo y Ana, unos fervientes seguidores de la monta\u00f1a que adem\u00e1s fueron apadrinados por el campe\u00f3n europeo Joseba Iraola.<\/p>\n\n\n\n<p>Ma\u00f1ana s\u00e1bado, a las 10, ser\u00e1 la primera manga de Entrenamientos Libres Opcionales. A las 12:30, est\u00e1 prevista la manga de Entrenamientos oficiales del CEM y FACV, para dar paso a continuaci\u00f3n a las mangas de carrera del Campeonato de Espa\u00f1a y 2 del Campeonato Valenciano. Sobre las 20:00, si no hay incidencias, est\u00e1 previsto el fin de la jornada.<\/p>\n\n\n\n<p>M\u00e1s informaci\u00f3n en <a href=\"https:\/\/l.facebook.com\/l.php?u=https%3A%2F%2Fsubidaonil.es%2F%3Ffbclid%3DIwZXh0bgNhZW0CMTAAYnJpZBEwdWp4SHhKUVVvRk9SRUkwRgEeGsrMv91hTykKCQkpe0OONawortqqksaffglniBsnwrnFjUupsFNaajKhFPE_aem_GHkdL3R112J-d-WlJies6Q&amp;h=AT03C0F0vaHqdzqGEKQbMW5IzM3nsx5BWOIR8kx3y99vQqPpa-4exJJ6HaGyyn2tI6woKPJGWqt8z3mnBzeEL9byogEYmrBsCdQ2e99B9Sw-0B6OnW_6IdnBRMAd9BOs8VRRsnf4V2en9g&amp;__tn__=-UK-R&amp;c[0]=AT2ffkQ-H_MW6fS-hMD-X9JBAjRHdOawZS42AsbsnRLsHu1JeWpcWzaG0I91L6jPlwt97ZSxAHBtAB_VTD14lClRuQv9mJX7kL1ZFHGwSE_uEIQP-cA5oIvyY3eQ5E3TxWsD7kZddmHAgPNCN2G8sA_RVBm0e95Iker5Cux2V9zpU_bgPzIQ6Idi-vS2z-wvB8r3JymM2Nzu8StWoRfvrbQPxA\" rel=\"noreferrer noopener\" target=\"_blank\">https:\/\/subidaonil.es<\/a><\/p>\n\n\n\n<figure class=\"wp-block-image size-large\"><img decoding=\"async\" width=\"827\" height=\"1170\" src=\"https:\/\/www.lafresca.fm\/f-solosog\/2025\/09\/546300457_122240174126242166_3176798096591270138_n-827x1170.jpg\" alt=\"\" class=\"wp-image-16175\" srcset=\"https:\/\/www.lafresca.fm\/f-solosog\/2025\/09\/546300457_122240174126242166_3176798096591270138_n-827x1170.jpg 827w, https:\/\/www.lafresca.fm\/f-solosog\/2025\/09\/546300457_122240174126242166_3176798096591270138_n-544x770.jpg 544w, https:\/\/www.lafresca.fm\/f-solosog\/2025\/09\/546300457_122240174126242166_3176798096591270138_n-768x1086.jpg 768w, https:\/\/www.lafresca.fm\/f-solosog\/2025\/09\/546300457_122240174126242166_3176798096591270138_n-1086x1536.jpg 1086w, https:\/\/www.lafresca.fm\/f-solosog\/2025\/09\/546300457_122240174126242166_3176798096591270138_n.jpg 1414w\" sizes=\"(max-width: 827px) 100vw, 827px\" \/><\/figure>\n<script>function PlayerjsAsync(){} if(window[\"Playerjs\"]){PlayerjsAsync();}<\/script>","protected":false},"excerpt":{"rendered":"<p>60 participantes autorizados tomaron ayer viernes la salida. Hoy s\u00e1bado se disputar\u00e1 la quinta prueba del Campeonato de Espa\u00f1a de Monta\u00f1a AUTOHEBDO Sport 2025. Una espectacular Ceremonia de Salida da el pistoletazo de salida a una prueba muy esperada que vuelve a ser todo un espect\u00e1culo en Onil. En la ...<\/p>\n","protected":false},"author":2,"featured_media":16312,"comment_status":"closed","ping_status":"closed","sticky":false,"template":"","format":"standard","meta":{"_monsterinsights_skip_tracking":false,"_monsterinsights_sitenote_active":false,"_monsterinsights_sitenote_note":"","_monsterinsights_sitenote_category":0,"footnotes":""},"categories":[4],"tags":[133,766],"class_list":["post-16311","post","type-post","status-publish","format-standard","has-post-thumbnail","hentry","category-alicante","tag-onil","tag-subida-a-onil"],"aioseo_notices":[],"_links":{"self":[{"href":"https:\/\/www.lafresca.fm\/fresca-api-json\/wp\/v2\/posts\/16311","targetHints":{"allow":["GET"]}}],"collection":[{"href":"https:\/\/www.lafresca.fm\/fresca-api-json\/wp\/v2\/posts"}],"about":[{"href":"https:\/\/www.lafresca.fm\/fresca-api-json\/wp\/v2\/types\/post"}],"author":[{"embeddable":true,"href":"https:\/\/www.lafresca.fm\/fresca-api-json\/wp\/v2\/users\/2"}],"replies":[{"embeddable":true,"href":"https:\/\/www.lafresca.fm\/fresca-api-json\/wp\/v2\/comments?post=16311"}],"version-history":[{"count":1,"href":"https:\/\/www.lafresca.fm\/fresca-api-json\/wp\/v2\/posts\/16311\/revisions"}],"predecessor-version":[{"id":16313,"href":"https:\/\/www.lafresca.fm\/fresca-api-json\/wp\/v2\/posts\/16311\/revisions\/16313"}],"wp:featuredmedia":[{"embeddable":true,"href":"https:\/\/www.lafresca.fm\/fresca-api-json\/wp\/v2\/media\/16312"}],"wp:attachment":[{"href":"https:\/\/www.lafresca.fm\/fresca-api-json\/wp\/v2\/media?parent=16311"}],"wp:term":[{"taxonomy":"category","embeddable":true,"href":"https:\/\/www.lafresca.fm\/fresca-api-json\/wp\/v2\/categories?post=16311"},{"taxonomy":"post_tag","embeddable":true,"href":"https:\/\/www.lafresca.fm\/fresca-api-json\/wp\/v2\/tags?post=16311"}],"curies":[{"name":"wp","href":"https:\/\/api.w.org\/{rel}","templated":true}]}}