{"id":16314,"date":"2025-09-28T12:33:54","date_gmt":"2025-09-28T10:33:54","guid":{"rendered":"https:\/\/www.lafresca.fm\/?p=16314"},"modified":"2025-09-28T12:33:55","modified_gmt":"2025-09-28T10:33:55","slug":"joseba-iraola-jordi-vilardel-y-fombona-lideres-de-la-primera-jornada-de-la-subida-internacional-de-onil","status":"publish","type":"post","link":"https:\/\/www.lafresca.fm\/joseba-iraola-jordi-vilardel-y-fombona-lideres-de-la-primera-jornada-de-la-subida-internacional-de-onil\/","title":{"rendered":"Joseba Iraola, Jordi Vilardel y Fombona, l\u00edderes de la primera jornada de la Subida Internacional de Onil"},"content":{"rendered":"\n<p><a><\/a>Onil vuelve a ser todo un \u00e9xito y el p\u00fablico se ha volcado de lleno con la prueba, ya que miles de aficionados han llenado las cunetas y las calles de la localidad durante toda la jornada.<\/p>\n\n\n\n<p>A las 10:00 horas del s\u00e1bado 27 de septiembre daba comienzo la manga de Entrenamientos Opcionales de la Subida a Internacional de Onil, que dar\u00eda paso a los entrenamientos oficiales y despu\u00e9s las mangas de carrera que se alargaron hasta las 18:00 h, de la tarde.<\/p>\n\n\n\n<p>Si hablamos del Campeonato de Espa\u00f1a de Monta\u00f1a AUTOHebdo Sport, solo la \u00faltima manga del d\u00eda ser\u00eda v\u00e1lida para la clasificaci\u00f3n final de la carrera. No obstante, ya en las mangas de entrenamientos, el vasco Joseba Iraola dominaba ampliamente estas mangas de entrenamientos rebajando el tiempo en la manga de carrera consiguiendo el mejor tiempo de la jornada y de la categor\u00eda 2. La Segunda posici\u00f3n esta categor\u00eda ser\u00eda para Arkaitz Ordoki y la tercera para el piloto local Cristo Mir\u00f3n.<\/p>\n\n\n\n<figure class=\"wp-block-image size-large\"><img fetchpriority=\"high\" decoding=\"async\" width=\"1170\" height=\"789\" src=\"https:\/\/www.lafresca.fm\/f-solosog\/2025\/09\/556523249_1102366552109284_5774894871520370019_n-1170x789.jpg\" alt=\"\" class=\"wp-image-16315\" srcset=\"https:\/\/www.lafresca.fm\/f-solosog\/2025\/09\/556523249_1102366552109284_5774894871520370019_n-1170x789.jpg 1170w, https:\/\/www.lafresca.fm\/f-solosog\/2025\/09\/556523249_1102366552109284_5774894871520370019_n-770x519.jpg 770w, https:\/\/www.lafresca.fm\/f-solosog\/2025\/09\/556523249_1102366552109284_5774894871520370019_n-768x518.jpg 768w, https:\/\/www.lafresca.fm\/f-solosog\/2025\/09\/556523249_1102366552109284_5774894871520370019_n.jpg 1352w\" sizes=\"(max-width: 1170px) 100vw, 1170px\" \/><\/figure>\n\n\n\n<p>En turismos Jos\u00e9 Antonio L\u00f3pez Fombona, con Audi RS5 DTM, no daba opciones a sus rivales y dominaba todas las mangas. Le siguen en la clasificaci\u00f3n Manuel Rueda con Porsche y Gerard De La Casa que estuvo m\u00e1s conservador durante toda la jornada.<\/p>\n\n\n\n<p>En categor\u00eda 3, el joven piloto Jordi Vilardell se hac\u00eda con el mejor tiempo, acerc\u00e1ndose m\u00e1s al ansiado t\u00edtulo. Su rival m\u00e1s directo, Edgar Montell\u00e0, averiaba en las mangas de entrenamientos y se le pone cuesta arriba luchar por el t\u00edtulo de la categor\u00eda. En el p\u00f3dium de la primera carrera, lo acompa\u00f1ar\u00e1n Joan Gil y David C\u00e1novas.<\/p>\n\n\n\n<p>Respecto al Auton\u00f3mico, perteneciente al Campeonato de Monta\u00f1a de la Comunidad Valenciana, la prueba de Onil, cuenta con dos fases de carrera, A y B. La Fase A, en la modalidad de turismos disputada hoy, ha tenido como vencedor al Porsche del gallego Jorge P\u00e9rez, que acab\u00f3 delante del BMW de otro gallego, Jhonatan \u00c1lvarez. El tercero ha sido el piloto valenciano Toni Ariete. Las dos carreras de la Fase A, ha contado con el mismo podium.<\/p>\n\n\n\n<p>En monoplazas, Carlos Archiles ha tenido un digno rival en Sa\u00fal Arnau, ya que han peleado con u\u00f1as y dientes las dos carreras, venciendo la primera, Carlos y la segunda Sa\u00fal, terminando ambos en el mismo segundo. Tercero ha sido el veterano Antonio Llamusi. Tras la finalizaci\u00f3n de la Fase B de ma\u00f1ana, sabremos los ganadores auton\u00f3micos en Onil.<\/p>\n<script>function PlayerjsAsync(){} if(window[\"Playerjs\"]){PlayerjsAsync();}<\/script>","protected":false},"excerpt":{"rendered":"<p>Onil vuelve a ser todo un \u00e9xito y el p\u00fablico se ha volcado de lleno con la prueba, ya que miles de aficionados han llenado las cunetas y las calles de la localidad durante toda la jornada. A las 10:00 horas del s\u00e1bado 27 de septiembre daba comienzo la manga ...<\/p>\n","protected":false},"author":2,"featured_media":16315,"comment_status":"closed","ping_status":"closed","sticky":false,"template":"","format":"standard","meta":{"_monsterinsights_skip_tracking":false,"_monsterinsights_sitenote_active":false,"_monsterinsights_sitenote_note":"","_monsterinsights_sitenote_category":0,"footnotes":""},"categories":[4],"tags":[766],"class_list":["post-16314","post","type-post","status-publish","format-standard","has-post-thumbnail","hentry","category-alicante","tag-subida-a-onil"],"aioseo_notices":[],"_links":{"self":[{"href":"https:\/\/www.lafresca.fm\/fresca-api-json\/wp\/v2\/posts\/16314","targetHints":{"allow":["GET"]}}],"collection":[{"href":"https:\/\/www.lafresca.fm\/fresca-api-json\/wp\/v2\/posts"}],"about":[{"href":"https:\/\/www.lafresca.fm\/fresca-api-json\/wp\/v2\/types\/post"}],"author":[{"embeddable":true,"href":"https:\/\/www.lafresca.fm\/fresca-api-json\/wp\/v2\/users\/2"}],"replies":[{"embeddable":true,"href":"https:\/\/www.lafresca.fm\/fresca-api-json\/wp\/v2\/comments?post=16314"}],"version-history":[{"count":1,"href":"https:\/\/www.lafresca.fm\/fresca-api-json\/wp\/v2\/posts\/16314\/revisions"}],"predecessor-version":[{"id":16316,"href":"https:\/\/www.lafresca.fm\/fresca-api-json\/wp\/v2\/posts\/16314\/revisions\/16316"}],"wp:featuredmedia":[{"embeddable":true,"href":"https:\/\/www.lafresca.fm\/fresca-api-json\/wp\/v2\/media\/16315"}],"wp:attachment":[{"href":"https:\/\/www.lafresca.fm\/fresca-api-json\/wp\/v2\/media?parent=16314"}],"wp:term":[{"taxonomy":"category","embeddable":true,"href":"https:\/\/www.lafresca.fm\/fresca-api-json\/wp\/v2\/categories?post=16314"},{"taxonomy":"post_tag","embeddable":true,"href":"https:\/\/www.lafresca.fm\/fresca-api-json\/wp\/v2\/tags?post=16314"}],"curies":[{"name":"wp","href":"https:\/\/api.w.org\/{rel}","templated":true}]}}