{"id":16317,"date":"2025-09-29T08:45:50","date_gmt":"2025-09-29T06:45:50","guid":{"rendered":"https:\/\/www.lafresca.fm\/?p=16317"},"modified":"2025-09-29T08:45:53","modified_gmt":"2025-09-29T06:45:53","slug":"joseba-iraola-se-impone-por-segundo-ano-consecutivo-en-la-subida-internacional-de-onil-que-ha-puesto-el-broche-final-al-cem-autohebdo-sport-2025","status":"publish","type":"post","link":"https:\/\/www.lafresca.fm\/joseba-iraola-se-impone-por-segundo-ano-consecutivo-en-la-subida-internacional-de-onil-que-ha-puesto-el-broche-final-al-cem-autohebdo-sport-2025\/","title":{"rendered":"Joseba Iraola, se impone por segundo a\u00f1o consecutivo en la Subida Internacional de Onil que ha puesto el broche final al CEM AUTOhebdo Sport 2025"},"content":{"rendered":"\n<p>Jos\u00e9 Antonio L\u00f3pez Fombona, apunta en su palmar\u00e9s la victoria en turismos de la Subida Internacional de Onil, mientras que triunfo y t\u00edtulo de Campe\u00f3n de Espa\u00f1a para el joven Jordi Vilardell en la categor\u00eda 3, entrando en el p\u00f3dium final de la prueba en la tercera posici\u00f3n.<\/p>\n\n\n\n<p>M\u00e1s de 15.000 personas vivieron una prueba \u00fanica, con un tiempo inmejorable, sin incidentes y con un ambiente incre\u00edble. Los pilotos sintieron de primera mano la espectacular acogida de Onil, una localidad que se volc\u00f3 por completo con el evento durante todo el fin de semana.<\/p>\n\n\n\n<figure class=\"wp-block-image size-large\"><img fetchpriority=\"high\" decoding=\"async\" width=\"1170\" height=\"658\" src=\"https:\/\/www.lafresca.fm\/f-solosog\/2025\/09\/556039540_1103199618692644_8521126701920461076_n-1170x658.jpg\" alt=\"\" class=\"wp-image-16318\" srcset=\"https:\/\/www.lafresca.fm\/f-solosog\/2025\/09\/556039540_1103199618692644_8521126701920461076_n-1170x658.jpg 1170w, https:\/\/www.lafresca.fm\/f-solosog\/2025\/09\/556039540_1103199618692644_8521126701920461076_n-770x433.jpg 770w, https:\/\/www.lafresca.fm\/f-solosog\/2025\/09\/556039540_1103199618692644_8521126701920461076_n-768x432.jpg 768w, https:\/\/www.lafresca.fm\/f-solosog\/2025\/09\/556039540_1103199618692644_8521126701920461076_n.jpg 1280w\" sizes=\"(max-width: 1170px) 100vw, 1170px\" \/><\/figure>\n\n\n\n<p>Fin de semana con calor moderado y con un ambiente \u00fanico el vivido en la localidad alicantina de Onil, coincidiendo con Onil es Mostra. Este evento ha acogido durante todo el fin de semana a miles de visitantes, que han disfrutado de la subida, eventos culturales y de la gastronom\u00eda de la zona. Lo que fue una apuesta importante del Ayuntamiento de Onil con su alcalde Don Jaume Berenguer al frente, ha vuelto a ser todo un \u00e9xito en todos los aspectos, ya que, tras una organizaci\u00f3n sobresaliente del Autom\u00f3vil Club de Alicante junto al trabajo del propio ayuntamiento, fuerzas de seguridad y organizaci\u00f3n de los distintos eventos, Onil ha demostrado ser una de las pruebas m\u00e1s atractivas para los pilotos del Campeonato de Espa\u00f1a de Monta\u00f1a AUTOhebdo Sport 2025.<\/p>\n\n\n\n<p>En Categor\u00eda 1, Fombona, marcaba el mejor tiempo en todas las mangas, tom\u00e1ndose la carrera de forma conservadora y parando el crono de las tres mangas en el mismo segundo. La segunda posici\u00f3n, ser\u00eda para el rapid\u00edsimo piloto de M\u00e1laga Manuel Rueda con un Porsche 911 GT3, dejando la tercera posici\u00f3n y con una diferencia de poco m\u00e1s de un segundo al flamante campe\u00f3n 2025 Gerard De La Casa, que disfrut\u00f3 de forma conservadora el fin de semana y acabando la temporada de la mejor forma, con el t\u00edtulo y un puesto en el p\u00f3dium.<\/p>\n\n\n\n<p>En Categor\u00eda 2, el vasco Joseba Iraola, due\u00f1o y se\u00f1or de la categor\u00eda y de la prueba, se impon\u00eda c\u00f3modamente dejando a Arkaitz Ordoki en la segunda posici\u00f3n del caj\u00f3n en todas las carreras. La tercera posici\u00f3n fue para el piloto local Cristo Mir\u00f3n, que adem\u00e1s de ser un gran aficionado al motor, es uno de los empresarios que m\u00e1s apoyan la prueba desde el Grupo Mir\u00f3n. Arkaitz disfrut\u00f3 en la prueba y celebr\u00f3 su t\u00edtulo de Campe\u00f3n de Monta\u00f1a de la Categor\u00eda 2.<\/p>\n\n\n\n<p>En Categor\u00eda 3, fin de semana complicado para Edgar Montell\u00e0, que se jugaba todo este fin de semana y depend\u00eda de Vilardell para lograr el t\u00edtulo que no pudo llegar este a\u00f1o. Tras romper motor el s\u00e1bado, y realizar la haza\u00f1a de viajar a Barcelona durante la noche para traer otro motor, tomaba la salida el domingo, pero ya sin opciones, detalle que agradeci\u00f3 la afici\u00f3n. Jordi, con tan solo 19 a\u00f1os, celebr\u00f3 su t\u00edtulo de campe\u00f3n abonado al tercer puesto del caj\u00f3n de la general y primero en la categor\u00eda. Edgar volv\u00eda a carrera el domingo, pero sin suerte al no poder terminar la \u00faltima manga. Finalmente, el p\u00f3dium de esta categor\u00eda, lo completaban el andorrano Joan Gil con Silver Car y el piloto de Totana David C\u00e1novas con un Talex M3.<\/p>\n\n\n\n<p>Respecto al auton\u00f3mico, en monoplazas, Carlos Archiles, no se dej\u00f3 amedrentar por los tiempos de Sa\u00fal el s\u00e1bado, y durante el domingo, lo dej\u00f3 sin opciones, no sin antes tener que darlo todo para alzarse con el triunfo y llevarse la victoria con una diferencia de 2 segundos en el mejor tiempo, conform\u00e1ndose Sa\u00fal con una merecida segunda plaza. La tercera posici\u00f3n fue para Antonio Llamusi con su Nova Proto, digno testigo del duelo de cabeza durante todo el fin de semana.<\/p>\n\n\n\n<p>En turismos, Jorge P\u00e9rez a los mandos del espectacular Porsche GT3, repet\u00eda victoria sobre el gallego Jhonatan \u00c1lvarez con BMW M3, seguido del piloto valenciano Mario Berm\u00fadez y su Clio Cup que sigue cogiendo puntos de cara al campeonato valenciano de turismos.<\/p>\n\n\n\n<p>Para finalizar el evento, junto a un parque cerrado abarrotado por un gran n\u00famero de seguidores y la gran mayor\u00eda de los pilotos, se hizo la entrega de trofeos, por parte de D. Jaume Berenguer, Alcalde de Onil, D. Oscar Bernabeu, Concejal de Deportes de Onil, Do\u00f1a Mar\u00eda Magdalena Mart\u00ednez, Diputada Provincial y representantes de la Federaci\u00f3n Valenciana de Automovilismo entre los que destacaba su Presidente D. Nacho Avi\u00f1\u00f3.<\/p>\n<script>function PlayerjsAsync(){} if(window[\"Playerjs\"]){PlayerjsAsync();}<\/script>","protected":false},"excerpt":{"rendered":"<p>Jos\u00e9 Antonio L\u00f3pez Fombona, apunta en su palmar\u00e9s la victoria en turismos de la Subida Internacional de Onil, mientras que triunfo y t\u00edtulo de Campe\u00f3n de Espa\u00f1a para el joven Jordi Vilardell en la categor\u00eda 3, entrando en el p\u00f3dium final de la prueba en la tercera posici\u00f3n. M\u00e1s de ...<\/p>\n","protected":false},"author":2,"featured_media":16318,"comment_status":"closed","ping_status":"closed","sticky":false,"template":"","format":"standard","meta":{"_monsterinsights_skip_tracking":false,"_monsterinsights_sitenote_active":false,"_monsterinsights_sitenote_note":"","_monsterinsights_sitenote_category":0,"footnotes":""},"categories":[4],"tags":[133,765],"class_list":["post-16317","post","type-post","status-publish","format-standard","has-post-thumbnail","hentry","category-alicante","tag-onil","tag-subida-onil"],"aioseo_notices":[],"_links":{"self":[{"href":"https:\/\/www.lafresca.fm\/fresca-api-json\/wp\/v2\/posts\/16317","targetHints":{"allow":["GET"]}}],"collection":[{"href":"https:\/\/www.lafresca.fm\/fresca-api-json\/wp\/v2\/posts"}],"about":[{"href":"https:\/\/www.lafresca.fm\/fresca-api-json\/wp\/v2\/types\/post"}],"author":[{"embeddable":true,"href":"https:\/\/www.lafresca.fm\/fresca-api-json\/wp\/v2\/users\/2"}],"replies":[{"embeddable":true,"href":"https:\/\/www.lafresca.fm\/fresca-api-json\/wp\/v2\/comments?post=16317"}],"version-history":[{"count":1,"href":"https:\/\/www.lafresca.fm\/fresca-api-json\/wp\/v2\/posts\/16317\/revisions"}],"predecessor-version":[{"id":16319,"href":"https:\/\/www.lafresca.fm\/fresca-api-json\/wp\/v2\/posts\/16317\/revisions\/16319"}],"wp:featuredmedia":[{"embeddable":true,"href":"https:\/\/www.lafresca.fm\/fresca-api-json\/wp\/v2\/media\/16318"}],"wp:attachment":[{"href":"https:\/\/www.lafresca.fm\/fresca-api-json\/wp\/v2\/media?parent=16317"}],"wp:term":[{"taxonomy":"category","embeddable":true,"href":"https:\/\/www.lafresca.fm\/fresca-api-json\/wp\/v2\/categories?post=16317"},{"taxonomy":"post_tag","embeddable":true,"href":"https:\/\/www.lafresca.fm\/fresca-api-json\/wp\/v2\/tags?post=16317"}],"curies":[{"name":"wp","href":"https:\/\/api.w.org\/{rel}","templated":true}]}}