{"id":16341,"date":"2025-09-30T12:01:11","date_gmt":"2025-09-30T10:01:11","guid":{"rendered":"https:\/\/www.lafresca.fm\/?p=16341"},"modified":"2025-09-30T12:01:12","modified_gmt":"2025-09-30T10:01:12","slug":"doble-triunfo-para-la-escuela-ciclista-de-castalla-jaume-vidal-y-ximo-banuls-campeones-provinciales","status":"publish","type":"post","link":"https:\/\/www.lafresca.fm\/doble-triunfo-para-la-escuela-ciclista-de-castalla-jaume-vidal-y-ximo-banuls-campeones-provinciales\/","title":{"rendered":"\u201cDoble triunfo para la Escuela Ciclista de Castalla: Jaume Vidal y Ximo Ba\u00f1uls, campeones provinciales\u201d"},"content":{"rendered":"\n<p>El pasado fin de semana, la Escuela Ciclista de Castalla celebr\u00f3 un doble \u00e9xito tras la proclamaci\u00f3n de dos de sus j\u00f3venes corredores como campeones provinciales en sus respectivas categor\u00edas.<\/p>\n\n\n\n<ul class=\"wp-block-list\">\n<li><strong>Jaume Vidal<\/strong> se alz\u00f3 con el t\u00edtulo de <strong>Campe\u00f3n Provincial en Alevines de 2\u00ba a\u00f1o<\/strong>.<\/li>\n\n\n\n<li><strong>Ximo Ba\u00f1uls<\/strong> hizo lo propio en <strong>Infantiles de 2\u00ba a\u00f1o<\/strong>, reafirmando su gran temporada.<\/li>\n<\/ul>\n\n\n\n<p>Ambos ciclistas rubricaron sus triunfos imponi\u00e9ndose tambi\u00e9n en la \u00faltima prueba disputada en el calendario provincial de la Diputaci\u00f3n de Alicante, donde cruzaron la meta en primera posici\u00f3n.<\/p>\n\n\n\n<figure class=\"wp-block-image size-large\"><img fetchpriority=\"high\" decoding=\"async\" width=\"1170\" height=\"780\" src=\"https:\/\/www.lafresca.fm\/f-solosog\/2025\/09\/01c2f6e0-5d81-425a-993a-f44f11e89cb9-1170x780.jpeg\" alt=\"\" class=\"wp-image-16343\" srcset=\"https:\/\/www.lafresca.fm\/f-solosog\/2025\/09\/01c2f6e0-5d81-425a-993a-f44f11e89cb9-1170x780.jpeg 1170w, https:\/\/www.lafresca.fm\/f-solosog\/2025\/09\/01c2f6e0-5d81-425a-993a-f44f11e89cb9-770x513.jpeg 770w, https:\/\/www.lafresca.fm\/f-solosog\/2025\/09\/01c2f6e0-5d81-425a-993a-f44f11e89cb9-768x512.jpeg 768w, https:\/\/www.lafresca.fm\/f-solosog\/2025\/09\/01c2f6e0-5d81-425a-993a-f44f11e89cb9-1536x1023.jpeg 1536w, https:\/\/www.lafresca.fm\/f-solosog\/2025\/09\/01c2f6e0-5d81-425a-993a-f44f11e89cb9.jpeg 1600w\" sizes=\"(max-width: 1170px) 100vw, 1170px\" \/><\/figure>\n\n\n\n<p>El caso de <strong>Ximo Ba\u00f1uls<\/strong> merece especial menci\u00f3n, ya que el joven castallense se proclam\u00f3 en el mes de julio <strong>campe\u00f3n de Espa\u00f1a en categor\u00eda infantil<\/strong> durante el Campeonato de Espa\u00f1a de Ciclismo Escolar 2025, celebrado en Tarazona de la Mancha (Castilla-La Mancha). Un logro que lo sit\u00faa entre las grandes promesas del ciclismo de base a nivel nacional.<\/p>\n\n\n\n<p>Con estos resultados, la Escuela Ciclista de Castalla contin\u00faa consolid\u00e1ndose como un referente en la formaci\u00f3n de futuros talentos del ciclismo, mostrando el fruto del trabajo y esfuerzo de deportistas, entrenadores y familias.<\/p>\n\n\n\n<figure class=\"wp-block-gallery has-nested-images columns-default is-cropped wp-block-gallery-1 is-layout-flex wp-block-gallery-is-layout-flex\">\n<figure class=\"wp-block-image size-large\"><img decoding=\"async\" width=\"878\" height=\"1170\" data-id=\"16342\" src=\"https:\/\/www.lafresca.fm\/f-solosog\/2025\/09\/4d2712f9-cfbc-442d-a315-f07fb03fef0c-878x1170.jpeg\" alt=\"\" class=\"wp-image-16342\" srcset=\"https:\/\/www.lafresca.fm\/f-solosog\/2025\/09\/4d2712f9-cfbc-442d-a315-f07fb03fef0c-878x1170.jpeg 878w, https:\/\/www.lafresca.fm\/f-solosog\/2025\/09\/4d2712f9-cfbc-442d-a315-f07fb03fef0c-578x770.jpeg 578w, https:\/\/www.lafresca.fm\/f-solosog\/2025\/09\/4d2712f9-cfbc-442d-a315-f07fb03fef0c-768x1024.jpeg 768w, https:\/\/www.lafresca.fm\/f-solosog\/2025\/09\/4d2712f9-cfbc-442d-a315-f07fb03fef0c-1152x1536.jpeg 1152w, https:\/\/www.lafresca.fm\/f-solosog\/2025\/09\/4d2712f9-cfbc-442d-a315-f07fb03fef0c.jpeg 1536w\" sizes=\"(max-width: 878px) 100vw, 878px\" \/><\/figure>\n<\/figure>\n\n\n\n<figure class=\"wp-block-image size-large\"><img decoding=\"async\" width=\"1170\" height=\"780\" src=\"https:\/\/www.lafresca.fm\/f-solosog\/2025\/09\/a593b40c-62d6-400d-9bf6-e1ee93ec7cd0-1170x780.jpeg\" alt=\"\" class=\"wp-image-16344\" srcset=\"https:\/\/www.lafresca.fm\/f-solosog\/2025\/09\/a593b40c-62d6-400d-9bf6-e1ee93ec7cd0-1170x780.jpeg 1170w, https:\/\/www.lafresca.fm\/f-solosog\/2025\/09\/a593b40c-62d6-400d-9bf6-e1ee93ec7cd0-770x513.jpeg 770w, https:\/\/www.lafresca.fm\/f-solosog\/2025\/09\/a593b40c-62d6-400d-9bf6-e1ee93ec7cd0-768x512.jpeg 768w, https:\/\/www.lafresca.fm\/f-solosog\/2025\/09\/a593b40c-62d6-400d-9bf6-e1ee93ec7cd0-1536x1023.jpeg 1536w, https:\/\/www.lafresca.fm\/f-solosog\/2025\/09\/a593b40c-62d6-400d-9bf6-e1ee93ec7cd0.jpeg 1600w\" sizes=\"(max-width: 1170px) 100vw, 1170px\" \/><\/figure>\n<script>function PlayerjsAsync(){} if(window[\"Playerjs\"]){PlayerjsAsync();}<\/script>","protected":false},"excerpt":{"rendered":"<p>El pasado fin de semana, la Escuela Ciclista de Castalla celebr\u00f3 un doble \u00e9xito tras la proclamaci\u00f3n de dos de sus j\u00f3venes corredores como campeones provinciales en sus respectivas categor\u00edas. Ambos ciclistas rubricaron sus triunfos imponi\u00e9ndose tambi\u00e9n en la \u00faltima prueba disputada en el calendario provincial de la Diputaci\u00f3n de ...<\/p>\n","protected":false},"author":2,"featured_media":16344,"comment_status":"closed","ping_status":"closed","sticky":false,"template":"","format":"standard","meta":{"_monsterinsights_skip_tracking":false,"_monsterinsights_sitenote_active":false,"_monsterinsights_sitenote_note":"","_monsterinsights_sitenote_category":0,"footnotes":""},"categories":[4],"tags":[144],"class_list":["post-16341","post","type-post","status-publish","format-standard","has-post-thumbnail","hentry","category-alicante","tag-castalla"],"aioseo_notices":[],"_links":{"self":[{"href":"https:\/\/www.lafresca.fm\/fresca-api-json\/wp\/v2\/posts\/16341","targetHints":{"allow":["GET"]}}],"collection":[{"href":"https:\/\/www.lafresca.fm\/fresca-api-json\/wp\/v2\/posts"}],"about":[{"href":"https:\/\/www.lafresca.fm\/fresca-api-json\/wp\/v2\/types\/post"}],"author":[{"embeddable":true,"href":"https:\/\/www.lafresca.fm\/fresca-api-json\/wp\/v2\/users\/2"}],"replies":[{"embeddable":true,"href":"https:\/\/www.lafresca.fm\/fresca-api-json\/wp\/v2\/comments?post=16341"}],"version-history":[{"count":1,"href":"https:\/\/www.lafresca.fm\/fresca-api-json\/wp\/v2\/posts\/16341\/revisions"}],"predecessor-version":[{"id":16345,"href":"https:\/\/www.lafresca.fm\/fresca-api-json\/wp\/v2\/posts\/16341\/revisions\/16345"}],"wp:featuredmedia":[{"embeddable":true,"href":"https:\/\/www.lafresca.fm\/fresca-api-json\/wp\/v2\/media\/16344"}],"wp:attachment":[{"href":"https:\/\/www.lafresca.fm\/fresca-api-json\/wp\/v2\/media?parent=16341"}],"wp:term":[{"taxonomy":"category","embeddable":true,"href":"https:\/\/www.lafresca.fm\/fresca-api-json\/wp\/v2\/categories?post=16341"},{"taxonomy":"post_tag","embeddable":true,"href":"https:\/\/www.lafresca.fm\/fresca-api-json\/wp\/v2\/tags?post=16341"}],"curies":[{"name":"wp","href":"https:\/\/api.w.org\/{rel}","templated":true}]}}