{"id":16361,"date":"2025-10-02T17:22:47","date_gmt":"2025-10-02T15:22:47","guid":{"rendered":"https:\/\/www.lafresca.fm\/?p=16361"},"modified":"2025-10-02T17:25:47","modified_gmt":"2025-10-02T15:25:47","slug":"condenado-a-4-meses-de-carcel-el-agresor-de-sergio-y-jose-luis-colivencs-agredidos-en-valencia-en-2021","status":"publish","type":"post","link":"https:\/\/www.lafresca.fm\/condenado-a-4-meses-de-carcel-el-agresor-de-sergio-y-jose-luis-colivencs-agredidos-en-valencia-en-2021\/","title":{"rendered":"Condenado a 4 meses de c\u00e1rcel el agresor de Sergio y Jos\u00e9 Luis, colivencs agredidos en Valencia en 2021"},"content":{"rendered":"\n<figure class=\"wp-block-audio\"><audio controls src=\"https:\/\/www.lafresca.fm\/f-solosog\/2025\/10\/Declaraciones-jose-luis-y-sergio-agresion-21025.mp3\"><\/audio><figcaption class=\"wp-element-caption\"><strong>Declaraciones a laFresca de Sergio y Jos\u00e9 Luis<\/strong><\/figcaption><\/figure>\n\n\n\n<ul class=\"wp-block-list\">\n<li><strong>Cuatro a\u00f1os despu\u00e9s de la agresi\u00f3n sufrida por los artistas falleros colivencs Sergio Garc\u00eda y Jos\u00e9 Luis Sanch\u00eds, ya hay sentencia.<\/strong> <\/li>\n<\/ul>\n\n\n\n<p>El pasado martes 30 de septiembre, la Ciudad de la Justicia de Valencia <strong>declar\u00f3 culpable al agresor, un hombre de 33 a\u00f1os, e impuso una pena de cuatro meses de prisi\u00f3n por un delito de lesiones.<\/strong><\/p>\n\n\n\n<p>El condenado ya se encontraba en prisi\u00f3n por otras causas, por lo que esta nueva pena <strong>se suma a las anteriores y continuar\u00e1 cumpliendo condena.<\/strong><\/p>\n\n\n\n<figure class=\"wp-block-image size-large\"><img fetchpriority=\"high\" decoding=\"async\" width=\"1170\" height=\"878\" src=\"https:\/\/www.lafresca.fm\/f-solosog\/2025\/10\/jose-y-sergio-art-de-foc-1170x878.jpg\" alt=\"\" class=\"wp-image-16362\" srcset=\"https:\/\/www.lafresca.fm\/f-solosog\/2025\/10\/jose-y-sergio-art-de-foc-1170x878.jpg 1170w, https:\/\/www.lafresca.fm\/f-solosog\/2025\/10\/jose-y-sergio-art-de-foc-770x578.jpg 770w, https:\/\/www.lafresca.fm\/f-solosog\/2025\/10\/jose-y-sergio-art-de-foc-768x576.jpg 768w, https:\/\/www.lafresca.fm\/f-solosog\/2025\/10\/jose-y-sergio-art-de-foc-1536x1152.jpg 1536w, https:\/\/www.lafresca.fm\/f-solosog\/2025\/10\/jose-y-sergio-art-de-foc.jpg 2048w\" sizes=\"(max-width: 1170px) 100vw, 1170px\" \/><figcaption class=\"wp-element-caption\"><strong>Izq. a der.: Sergio Garc\u00eda, Diego Morente y Jos\u00e9 Luis Sanch\u00eds.<\/strong><\/figcaption><\/figure>\n\n\n\n<h3 class=\"wp-block-heading\">Una agresi\u00f3n motivada por el odio<\/h3>\n\n\n\n<p>Los hechos ocurrieron en la ma\u00f1ana del domingo 14 de noviembre de 2021, en el barrio de Ciutat Vella, en Valencia. Sergio Garc\u00eda y Jos\u00e9 Luis Sanch\u00eds paseaban tranquilamente por la zona cuando fueron interceptados por un hombre que entonces ten\u00eda 29 a\u00f1os y comenz\u00f3 a <strong>insultarlos con comentarios hom\u00f3fobos. Acto seguido, escupi\u00f3 a Jos\u00e9 Luis y golpe\u00f3 con patadas a Sergio.<\/strong><\/p>\n\n\n\n<p>Aunque intentaron alejarse del lugar, el agresor los persigui\u00f3 y volvi\u00f3 a agredir, provocando que uno de ellos cayera al suelo. A consecuencia de la paliza, <strong>Sergio sufri\u00f3 la rotura del pie a la altura del quinto metatarso y tuvo que ser trasladado a un hospital.<\/strong><\/p>\n\n\n\n<p>Minutos antes de la agresi\u00f3n, el mismo individuo ya hab\u00eda sido identificado por la Polic\u00eda Local tras empujar un contenedor para cortar una calle del centro de la ciudad. Las investigaciones posteriores confirmaron que se trataba del mismo sujeto, quien fue detenido por la Polic\u00eda Nacional como presunto autor de un <strong>delito de odio y lesiones.<\/strong><\/p>\n\n\n\n<h3 class=\"wp-block-heading\">Valoraci\u00f3n de la sentencia<\/h3>\n\n\n\n<p>Sergio y Jos\u00e9 Luis han expresado una <strong>satisfacci\u00f3n moderada con la sentencia<\/strong>, aunque reconocen que esperaban una pena m\u00e1s contundente. Actualmente est\u00e1n a la espera de la posible <strong>resoluci\u00f3n econ\u00f3mica, que esperan sirva para cubrir los gastos m\u00e9dicos y la baja laboral<\/strong> derivada de la agresi\u00f3n.<\/p>\n\n\n\n<p>Adem\u00e1s, han querido agradecer p\u00fablicamente el apoyo recibido durante todos estos a\u00f1os. En especial, han destacado la labor de <strong>Diego Morente, Polic\u00eda Local y presidente de la Plataforma LGTBI Comunidad Valenciana; de Dami\u00e1n L\u00f3pez, activista por los derechos LGTBI+; y del servicio Orienta de Alicante.<\/strong> Asimismo, han expresado su profundo agradecimiento al <strong>pueblo de Onil y a sus vecinos<\/strong> por el constante apoyo y solidaridad mostrados durante todo este tiempo.<\/p>\n\n\n\n<p>Tambi\u00e9n han tenido palabras de agradecimiento hacia <strong>los medios de comunicaci\u00f3n<\/strong>, por haberse hecho eco de su caso y por contribuir a visibilizar que, lamentablemente, <strong>las agresiones hom\u00f3fobas siguen ocurriendo<\/strong><\/p>\n<script>function PlayerjsAsync(){} if(window[\"Playerjs\"]){PlayerjsAsync();}<\/script>","protected":false},"excerpt":{"rendered":"<p>El pasado martes 30 de septiembre, la Ciudad de la Justicia de Valencia declar\u00f3 culpable al agresor, un hombre de 33 a\u00f1os, e impuso una pena de cuatro meses de prisi\u00f3n por un delito de lesiones. El condenado ya se encontraba en prisi\u00f3n por otras causas, por lo que esta ...<\/p>\n","protected":false},"author":2,"featured_media":16362,"comment_status":"closed","ping_status":"closed","sticky":false,"template":"","format":"standard","meta":{"_monsterinsights_skip_tracking":false,"_monsterinsights_sitenote_active":false,"_monsterinsights_sitenote_note":"","_monsterinsights_sitenote_category":0,"footnotes":""},"categories":[4],"tags":[133],"class_list":["post-16361","post","type-post","status-publish","format-standard","has-post-thumbnail","hentry","category-alicante","tag-onil"],"aioseo_notices":[],"_links":{"self":[{"href":"https:\/\/www.lafresca.fm\/fresca-api-json\/wp\/v2\/posts\/16361","targetHints":{"allow":["GET"]}}],"collection":[{"href":"https:\/\/www.lafresca.fm\/fresca-api-json\/wp\/v2\/posts"}],"about":[{"href":"https:\/\/www.lafresca.fm\/fresca-api-json\/wp\/v2\/types\/post"}],"author":[{"embeddable":true,"href":"https:\/\/www.lafresca.fm\/fresca-api-json\/wp\/v2\/users\/2"}],"replies":[{"embeddable":true,"href":"https:\/\/www.lafresca.fm\/fresca-api-json\/wp\/v2\/comments?post=16361"}],"version-history":[{"count":4,"href":"https:\/\/www.lafresca.fm\/fresca-api-json\/wp\/v2\/posts\/16361\/revisions"}],"predecessor-version":[{"id":16370,"href":"https:\/\/www.lafresca.fm\/fresca-api-json\/wp\/v2\/posts\/16361\/revisions\/16370"}],"wp:featuredmedia":[{"embeddable":true,"href":"https:\/\/www.lafresca.fm\/fresca-api-json\/wp\/v2\/media\/16362"}],"wp:attachment":[{"href":"https:\/\/www.lafresca.fm\/fresca-api-json\/wp\/v2\/media?parent=16361"}],"wp:term":[{"taxonomy":"category","embeddable":true,"href":"https:\/\/www.lafresca.fm\/fresca-api-json\/wp\/v2\/categories?post=16361"},{"taxonomy":"post_tag","embeddable":true,"href":"https:\/\/www.lafresca.fm\/fresca-api-json\/wp\/v2\/tags?post=16361"}],"curies":[{"name":"wp","href":"https:\/\/api.w.org\/{rel}","templated":true}]}}