{"id":16374,"date":"2025-10-03T08:41:24","date_gmt":"2025-10-03T06:41:24","guid":{"rendered":"https:\/\/www.lafresca.fm\/?p=16374"},"modified":"2025-10-03T10:59:39","modified_gmt":"2025-10-03T08:59:39","slug":"el-ayuntamiento-de-onil-estima-en-15-000-las-personas-que-han-visitado-la-10a-edicion-de-onil-es-mostra","status":"publish","type":"post","link":"https:\/\/www.lafresca.fm\/el-ayuntamiento-de-onil-estima-en-15-000-las-personas-que-han-visitado-la-10a-edicion-de-onil-es-mostra\/","title":{"rendered":"La feria Onil es Mostra combina tradici\u00f3n, cultura y motor con 15.000 asistentes en la Subida Internacional"},"content":{"rendered":"\n<p>El pasado fin de semana, la localidad de Onil celebr\u00f3 la 10\u00aa edici\u00f3n de la feria <strong>Onil es Mostra<\/strong>, con una programaci\u00f3n que abarc\u00f3 cultura, tradici\u00f3n, gastronom\u00eda y deporte.<\/p>\n\n\n\n<p>Durante tres d\u00edas, el municipio acogi\u00f3 actividades variadas, entre las que destacaron la feria medieval, espect\u00e1culos musicales y de danza, talleres, actividades familiares y degustaciones gastron\u00f3micas. Asimismo, la exposici\u00f3n <em>El Reino de la Mu\u00f1eca<\/em>, en el Claustro del Palacio Fortaleza del Marqu\u00e9s de Dos Aguas, puso en valor la tradici\u00f3n industrial vinculada a la mu\u00f1eca, se\u00f1a de identidad de Onil.<\/p>\n\n\n\n<p>En el \u00e1mbito deportivo, la <strong>Subida Internacional a Onil<\/strong> volvi\u00f3 a ser uno de los grandes atractivos. El tramo del Canal\u00eds congreg\u00f3 a unas <strong>15.000 personas<\/strong>, seg\u00fan estimaciones del Ayuntamiento, entre aficionados y participantes, consolid\u00e1ndose como una cita importante en el calendario automovil\u00edstico.<\/p>\n\n\n\n<p>Desde el Ayuntamiento se ha hecho un balance positivo de esta edici\u00f3n, agradeciendo la implicaci\u00f3n de asociaciones, empresas, hosteler\u00eda, comercios y vecinos, as\u00ed como la respuesta del p\u00fablico durante todas las actividades.<\/p>\n\n\n\n<figure class=\"wp-block-gallery has-nested-images columns-default is-cropped wp-block-gallery-1 is-layout-flex wp-block-gallery-is-layout-flex\">\n<figure class=\"wp-block-image size-large\"><img fetchpriority=\"high\" decoding=\"async\" width=\"1170\" height=\"526\" data-id=\"16375\" src=\"https:\/\/www.lafresca.fm\/f-solosog\/2025\/10\/WhatsApp-Image-2025-10-02-at-19.21.39-2-1170x526.jpeg\" alt=\"\" class=\"wp-image-16375\" srcset=\"https:\/\/www.lafresca.fm\/f-solosog\/2025\/10\/WhatsApp-Image-2025-10-02-at-19.21.39-2-1170x526.jpeg 1170w, https:\/\/www.lafresca.fm\/f-solosog\/2025\/10\/WhatsApp-Image-2025-10-02-at-19.21.39-2-770x346.jpeg 770w, https:\/\/www.lafresca.fm\/f-solosog\/2025\/10\/WhatsApp-Image-2025-10-02-at-19.21.39-2-768x345.jpeg 768w, https:\/\/www.lafresca.fm\/f-solosog\/2025\/10\/WhatsApp-Image-2025-10-02-at-19.21.39-2-1536x691.jpeg 1536w, https:\/\/www.lafresca.fm\/f-solosog\/2025\/10\/WhatsApp-Image-2025-10-02-at-19.21.39-2.jpeg 1599w\" sizes=\"(max-width: 1170px) 100vw, 1170px\" \/><\/figure>\n\n\n\n<figure class=\"wp-block-image size-large\"><img decoding=\"async\" width=\"1170\" height=\"878\" data-id=\"16376\" src=\"https:\/\/www.lafresca.fm\/f-solosog\/2025\/10\/WhatsApp-Image-2025-10-02-at-14.49.09-1170x878.jpeg\" alt=\"\" class=\"wp-image-16376\" srcset=\"https:\/\/www.lafresca.fm\/f-solosog\/2025\/10\/WhatsApp-Image-2025-10-02-at-14.49.09-1170x878.jpeg 1170w, https:\/\/www.lafresca.fm\/f-solosog\/2025\/10\/WhatsApp-Image-2025-10-02-at-14.49.09-770x578.jpeg 770w, https:\/\/www.lafresca.fm\/f-solosog\/2025\/10\/WhatsApp-Image-2025-10-02-at-14.49.09-768x576.jpeg 768w, https:\/\/www.lafresca.fm\/f-solosog\/2025\/10\/WhatsApp-Image-2025-10-02-at-14.49.09-1536x1152.jpeg 1536w, https:\/\/www.lafresca.fm\/f-solosog\/2025\/10\/WhatsApp-Image-2025-10-02-at-14.49.09.jpeg 2000w\" sizes=\"(max-width: 1170px) 100vw, 1170px\" \/><\/figure>\n\n\n\n<figure class=\"wp-block-image size-large\"><img decoding=\"async\" width=\"1170\" height=\"878\" data-id=\"16378\" src=\"https:\/\/www.lafresca.fm\/f-solosog\/2025\/10\/WhatsApp-Image-2025-10-02-at-14.49.10-2-1170x878.jpeg\" alt=\"\" class=\"wp-image-16378\" srcset=\"https:\/\/www.lafresca.fm\/f-solosog\/2025\/10\/WhatsApp-Image-2025-10-02-at-14.49.10-2-1170x878.jpeg 1170w, https:\/\/www.lafresca.fm\/f-solosog\/2025\/10\/WhatsApp-Image-2025-10-02-at-14.49.10-2-770x578.jpeg 770w, https:\/\/www.lafresca.fm\/f-solosog\/2025\/10\/WhatsApp-Image-2025-10-02-at-14.49.10-2-768x576.jpeg 768w, https:\/\/www.lafresca.fm\/f-solosog\/2025\/10\/WhatsApp-Image-2025-10-02-at-14.49.10-2-1536x1152.jpeg 1536w, https:\/\/www.lafresca.fm\/f-solosog\/2025\/10\/WhatsApp-Image-2025-10-02-at-14.49.10-2.jpeg 1600w\" sizes=\"(max-width: 1170px) 100vw, 1170px\" \/><\/figure>\n\n\n\n<figure class=\"wp-block-image size-large is-style-default\"><img loading=\"lazy\" decoding=\"async\" width=\"1170\" height=\"878\" data-id=\"16377\" src=\"https:\/\/www.lafresca.fm\/f-solosog\/2025\/10\/WhatsApp-Image-2025-10-02-at-14.49.10-4-1170x878.jpeg\" alt=\"\" class=\"wp-image-16377\" srcset=\"https:\/\/www.lafresca.fm\/f-solosog\/2025\/10\/WhatsApp-Image-2025-10-02-at-14.49.10-4-1170x878.jpeg 1170w, https:\/\/www.lafresca.fm\/f-solosog\/2025\/10\/WhatsApp-Image-2025-10-02-at-14.49.10-4-770x578.jpeg 770w, https:\/\/www.lafresca.fm\/f-solosog\/2025\/10\/WhatsApp-Image-2025-10-02-at-14.49.10-4-768x576.jpeg 768w, https:\/\/www.lafresca.fm\/f-solosog\/2025\/10\/WhatsApp-Image-2025-10-02-at-14.49.10-4-1536x1152.jpeg 1536w, https:\/\/www.lafresca.fm\/f-solosog\/2025\/10\/WhatsApp-Image-2025-10-02-at-14.49.10-4.jpeg 1600w\" sizes=\"(max-width: 1170px) 100vw, 1170px\" \/><\/figure>\n<\/figure>\n<script>function PlayerjsAsync(){} if(window[\"Playerjs\"]){PlayerjsAsync();}<\/script>","protected":false},"excerpt":{"rendered":"<p>El pasado fin de semana, la localidad de Onil celebr\u00f3 la 10\u00aa edici\u00f3n de la feria Onil es Mostra, con una programaci\u00f3n que abarc\u00f3 cultura, tradici\u00f3n, gastronom\u00eda y deporte. Durante tres d\u00edas, el municipio acogi\u00f3 actividades variadas, entre las que destacaron la feria medieval, espect\u00e1culos musicales y de danza, talleres, ...<\/p>\n","protected":false},"author":2,"featured_media":16377,"comment_status":"closed","ping_status":"closed","sticky":false,"template":"","format":"standard","meta":{"_monsterinsights_skip_tracking":false,"_monsterinsights_sitenote_active":false,"_monsterinsights_sitenote_note":"","_monsterinsights_sitenote_category":0,"footnotes":""},"categories":[4],"tags":[133],"class_list":["post-16374","post","type-post","status-publish","format-standard","has-post-thumbnail","hentry","category-alicante","tag-onil"],"aioseo_notices":[],"_links":{"self":[{"href":"https:\/\/www.lafresca.fm\/fresca-api-json\/wp\/v2\/posts\/16374","targetHints":{"allow":["GET"]}}],"collection":[{"href":"https:\/\/www.lafresca.fm\/fresca-api-json\/wp\/v2\/posts"}],"about":[{"href":"https:\/\/www.lafresca.fm\/fresca-api-json\/wp\/v2\/types\/post"}],"author":[{"embeddable":true,"href":"https:\/\/www.lafresca.fm\/fresca-api-json\/wp\/v2\/users\/2"}],"replies":[{"embeddable":true,"href":"https:\/\/www.lafresca.fm\/fresca-api-json\/wp\/v2\/comments?post=16374"}],"version-history":[{"count":4,"href":"https:\/\/www.lafresca.fm\/fresca-api-json\/wp\/v2\/posts\/16374\/revisions"}],"predecessor-version":[{"id":16387,"href":"https:\/\/www.lafresca.fm\/fresca-api-json\/wp\/v2\/posts\/16374\/revisions\/16387"}],"wp:featuredmedia":[{"embeddable":true,"href":"https:\/\/www.lafresca.fm\/fresca-api-json\/wp\/v2\/media\/16377"}],"wp:attachment":[{"href":"https:\/\/www.lafresca.fm\/fresca-api-json\/wp\/v2\/media?parent=16374"}],"wp:term":[{"taxonomy":"category","embeddable":true,"href":"https:\/\/www.lafresca.fm\/fresca-api-json\/wp\/v2\/categories?post=16374"},{"taxonomy":"post_tag","embeddable":true,"href":"https:\/\/www.lafresca.fm\/fresca-api-json\/wp\/v2\/tags?post=16374"}],"curies":[{"name":"wp","href":"https:\/\/api.w.org\/{rel}","templated":true}]}}