{"id":16469,"date":"2025-10-15T13:11:15","date_gmt":"2025-10-15T11:11:15","guid":{"rendered":"https:\/\/www.lafresca.fm\/?p=16469"},"modified":"2025-10-15T13:11:16","modified_gmt":"2025-10-15T11:11:16","slug":"agora-y-afa-castalla-onil-celebran-25-anos-con-una-cena-subasta-solidaria-de-arte-y-cultura","status":"publish","type":"post","link":"https:\/\/www.lafresca.fm\/agora-y-afa-castalla-onil-celebran-25-anos-con-una-cena-subasta-solidaria-de-arte-y-cultura\/","title":{"rendered":"\u00c1gora y AFA Castalla-Onil celebran 25 a\u00f1os con una cena subasta solidaria de arte y cultura"},"content":{"rendered":"\n<figure class=\"wp-block-audio\"><audio controls src=\"https:\/\/www.lafresca.fm\/f-solosog\/2025\/10\/Entrevista-Agora-y-Afa-Castalla-1510-25.mp3\"><\/audio><\/figure>\n\n\n\n<p>Este a\u00f1o, dos asociaciones fundamentales en el apoyo a pacientes y familiares celebran un <strong>aniversario muy especial<\/strong>: <strong>25 a\u00f1os de labor, solidaridad y compromiso<\/strong>. Se trata de <strong>AFA Castalla-Onil<\/strong>, la Asociaci\u00f3n de Familiares de personas con Alzheimer, y <strong>\u00c1gora<\/strong> <strong>Castalla<\/strong>, Asociaci\u00f3n de Asesoramiento, Ayuda y Apoyo a pacientes oncol\u00f3gicos y sus familiares.<\/p>\n\n\n\n<p>Para conmemorar este hito, ambas entidades han organizado un <strong>sopar subhasta solidari d\u2019obres d\u2019art<\/strong> que tendr\u00e1 lugar el <strong>s\u00e1bado 8 de noviembre de 2025<\/strong>. El evento reunir\u00e1 a vecinos, benefactores y amantes del arte y cultura en una velada que combina cultura y solidaridad.<\/p>\n\n\n\n<p>\u201cHemos querido que esta cita sea algo m\u00e1s que un evento ben\u00e9fico; es una forma de <strong>reunir a la comunidad y mostrar el trabajo de tantos a\u00f1os<\/strong>\u201d, afirma <strong>Eva Ram\u00f3n<\/strong>, presidenta de AFA Castalla-Onil. Por su parte, <strong>Emilia Sempere<\/strong>, presidenta de \u00c1gora, destaca que ambas asociaciones han compartido una trayectoria de <strong>esfuerzo, cooperaci\u00f3n y empat\u00eda<\/strong> hacia quienes m\u00e1s lo necesitan.<\/p>\n\n\n\n<figure class=\"wp-block-image size-large\"><img fetchpriority=\"high\" decoding=\"async\" width=\"1170\" height=\"878\" src=\"https:\/\/www.lafresca.fm\/f-solosog\/2025\/10\/agora-afa-151025-1170x878.jpeg\" alt=\"\" class=\"wp-image-16471\" srcset=\"https:\/\/www.lafresca.fm\/f-solosog\/2025\/10\/agora-afa-151025-1170x878.jpeg 1170w, https:\/\/www.lafresca.fm\/f-solosog\/2025\/10\/agora-afa-151025-770x578.jpeg 770w, https:\/\/www.lafresca.fm\/f-solosog\/2025\/10\/agora-afa-151025-768x576.jpeg 768w, https:\/\/www.lafresca.fm\/f-solosog\/2025\/10\/agora-afa-151025-1536x1152.jpeg 1536w, https:\/\/www.lafresca.fm\/f-solosog\/2025\/10\/agora-afa-151025.jpeg 2000w\" sizes=\"(max-width: 1170px) 100vw, 1170px\" \/><figcaption class=\"wp-element-caption\"><strong>De izq. a dcha.: Emilia Sempere, Paco Linares y Eva Ram\u00f3n.<\/strong><\/figcaption><\/figure>\n\n\n\n<p>Durante la cena se subastar\u00e1n diversas piezas art\u00edsticas cuidadosamente seleccionadas. Seg\u00fan <strong>Paco Linares, gestor cultural<\/strong>, \u201clas obras reflejan la creatividad de artistas locales y nacionales, y cada adquisici\u00f3n contribuir\u00e1 directamente a los programas de apoyo y acompa\u00f1amiento de pacientes y familias\u201d.<\/p>\n\n\n\n<p>Desde \u00c1gora y AFA aseguran sentirse <strong>orgullosos de celebrar un acto tan significativo<\/strong>, que combina <strong>solidaridad, cultura y compromiso social<\/strong>. La subasta no solo permitir\u00e1 recaudar fondos, sino tambi\u00e9n <strong>visibilizar la labor de estas asociaciones y fomentar la implicaci\u00f3n de la ciudadan\u00eda<\/strong>.<\/p>\n\n\n\n<p>Ambas presidentas hacen un llamamiento a la participaci\u00f3n: \u201cEste evento es un homenaje a todos los que han formado parte de estos 25 a\u00f1os y una oportunidad para seguir apoyando a quienes enfrentan enfermedades dif\u00edciles con dignidad y cercan\u00eda\u201d.<\/p>\n\n\n\n<p>El <strong>sopar subhasta<\/strong> se celebrar\u00e1 en la comparsa de Maseros de Castalla, el <strong>s\u00e1bado 8 de noviembre de 2025<\/strong>, y promete ser una noche especial, cargada de arte, emoci\u00f3n y solidaridad.<\/p>\n\n\n\n<figure class=\"wp-block-image size-large\"><img decoding=\"async\" width=\"878\" height=\"1170\" src=\"https:\/\/www.lafresca.fm\/f-solosog\/2025\/10\/557423412_18070137236223550_8000524375289767005_n-878x1170.jpeg\" alt=\"\" class=\"wp-image-16472\" srcset=\"https:\/\/www.lafresca.fm\/f-solosog\/2025\/10\/557423412_18070137236223550_8000524375289767005_n-878x1170.jpeg 878w, https:\/\/www.lafresca.fm\/f-solosog\/2025\/10\/557423412_18070137236223550_8000524375289767005_n-578x770.jpeg 578w, https:\/\/www.lafresca.fm\/f-solosog\/2025\/10\/557423412_18070137236223550_8000524375289767005_n-768x1024.jpeg 768w, https:\/\/www.lafresca.fm\/f-solosog\/2025\/10\/557423412_18070137236223550_8000524375289767005_n.jpeg 1080w\" sizes=\"(max-width: 878px) 100vw, 878px\" \/><\/figure>\n<script>function PlayerjsAsync(){} if(window[\"Playerjs\"]){PlayerjsAsync();}<\/script>","protected":false},"excerpt":{"rendered":"<p>Este a\u00f1o, dos asociaciones fundamentales en el apoyo a pacientes y familiares celebran un aniversario muy especial: 25 a\u00f1os de labor, solidaridad y compromiso. Se trata de AFA Castalla-Onil, la Asociaci\u00f3n de Familiares de personas con Alzheimer, y \u00c1gora Castalla, Asociaci\u00f3n de Asesoramiento, Ayuda y Apoyo a pacientes oncol\u00f3gicos y ...<\/p>\n","protected":false},"author":2,"featured_media":16471,"comment_status":"closed","ping_status":"closed","sticky":false,"template":"","format":"standard","meta":{"_monsterinsights_skip_tracking":false,"_monsterinsights_sitenote_active":false,"_monsterinsights_sitenote_note":"","_monsterinsights_sitenote_category":0,"footnotes":""},"categories":[4],"tags":[],"class_list":["post-16469","post","type-post","status-publish","format-standard","has-post-thumbnail","hentry","category-alicante"],"aioseo_notices":[],"_links":{"self":[{"href":"https:\/\/www.lafresca.fm\/fresca-api-json\/wp\/v2\/posts\/16469","targetHints":{"allow":["GET"]}}],"collection":[{"href":"https:\/\/www.lafresca.fm\/fresca-api-json\/wp\/v2\/posts"}],"about":[{"href":"https:\/\/www.lafresca.fm\/fresca-api-json\/wp\/v2\/types\/post"}],"author":[{"embeddable":true,"href":"https:\/\/www.lafresca.fm\/fresca-api-json\/wp\/v2\/users\/2"}],"replies":[{"embeddable":true,"href":"https:\/\/www.lafresca.fm\/fresca-api-json\/wp\/v2\/comments?post=16469"}],"version-history":[{"count":1,"href":"https:\/\/www.lafresca.fm\/fresca-api-json\/wp\/v2\/posts\/16469\/revisions"}],"predecessor-version":[{"id":16473,"href":"https:\/\/www.lafresca.fm\/fresca-api-json\/wp\/v2\/posts\/16469\/revisions\/16473"}],"wp:featuredmedia":[{"embeddable":true,"href":"https:\/\/www.lafresca.fm\/fresca-api-json\/wp\/v2\/media\/16471"}],"wp:attachment":[{"href":"https:\/\/www.lafresca.fm\/fresca-api-json\/wp\/v2\/media?parent=16469"}],"wp:term":[{"taxonomy":"category","embeddable":true,"href":"https:\/\/www.lafresca.fm\/fresca-api-json\/wp\/v2\/categories?post=16469"},{"taxonomy":"post_tag","embeddable":true,"href":"https:\/\/www.lafresca.fm\/fresca-api-json\/wp\/v2\/tags?post=16469"}],"curies":[{"name":"wp","href":"https:\/\/api.w.org\/{rel}","templated":true}]}}