{"id":16475,"date":"2025-10-15T18:13:01","date_gmt":"2025-10-15T16:13:01","guid":{"rendered":"https:\/\/www.lafresca.fm\/?p=16475"},"modified":"2025-10-15T18:13:03","modified_gmt":"2025-10-15T16:13:03","slug":"onil-viaja-a-cataluna-para-impulsar-el-turismo-industrial-y-poner-en-valor-su-patrimonio-juguetero","status":"publish","type":"post","link":"https:\/\/www.lafresca.fm\/onil-viaja-a-cataluna-para-impulsar-el-turismo-industrial-y-poner-en-valor-su-patrimonio-juguetero\/","title":{"rendered":"Onil viaja a Catalu\u00f1a para impulsar el turismo industrial y poner en valor su patrimonio juguetero"},"content":{"rendered":"\n<ul class=\"wp-block-list\">\n<li><strong>El Ayuntamiento y el Museo de la Mu\u00f1eca representan a la \u201ccuna de la mu\u00f1eca\u201d como referente del turismo industrial alicantino en el marco del proyecto \u201cMade in Costa Blanca\u201d<\/strong><\/li>\n<\/ul>\n\n\n\n<p><br>Onil consolida su posici\u00f3n como referente del turismo industrial en la provincia de Alicante tras haber sido elegido por la <strong>C\u00e1mara de Comercio de Alicante<\/strong> y el <strong>Patronato Provincial de Turismo Costa Blanca<\/strong> para participar en un viaje de prospecci\u00f3n en Catalu\u00f1a, dentro del proyecto <strong>\u201cMade in Costa Blanca\u201d<\/strong>. Esta iniciativa busca potenciar y poner en valor el patrimonio industrial y cultural de la provincia como atractivo tur\u00edstico.<\/p>\n\n\n\n<p>En representaci\u00f3n del municipio han participado el <strong>Ayuntamiento de Onil<\/strong>, el <strong>Museo de la Mu\u00f1eca<\/strong> y la empresa <strong>Mu\u00f1ecas Berjuan<\/strong>, una de las pocas firmas jugueteras que mantiene visitas tur\u00edsticas activas en la localidad y que forma parte destacada de la marca \u201cMade in Costa Blanca\u201d.<\/p>\n\n\n\n<figure class=\"wp-block-image size-large\"><img fetchpriority=\"high\" decoding=\"async\" width=\"1170\" height=\"878\" src=\"https:\/\/www.lafresca.fm\/f-solosog\/2025\/10\/4240f2d9-bb82-4eeb-9a45-33bc6e36ec16-1170x878.jpeg\" alt=\"\" class=\"wp-image-16479\" srcset=\"https:\/\/www.lafresca.fm\/f-solosog\/2025\/10\/4240f2d9-bb82-4eeb-9a45-33bc6e36ec16-1170x878.jpeg 1170w, https:\/\/www.lafresca.fm\/f-solosog\/2025\/10\/4240f2d9-bb82-4eeb-9a45-33bc6e36ec16-770x578.jpeg 770w, https:\/\/www.lafresca.fm\/f-solosog\/2025\/10\/4240f2d9-bb82-4eeb-9a45-33bc6e36ec16-768x576.jpeg 768w, https:\/\/www.lafresca.fm\/f-solosog\/2025\/10\/4240f2d9-bb82-4eeb-9a45-33bc6e36ec16-1536x1152.jpeg 1536w, https:\/\/www.lafresca.fm\/f-solosog\/2025\/10\/4240f2d9-bb82-4eeb-9a45-33bc6e36ec16.jpeg 2000w\" sizes=\"(max-width: 1170px) 100vw, 1170px\" \/><\/figure>\n\n\n\n<h3 class=\"wp-block-heading\"><strong>Aprendiendo de los referentes catalanes<\/strong><\/h3>\n\n\n\n<p>El viaje, organizado por <strong>MESCO (Asociaci\u00f3n de Museos y Espacios Corporativos y su puesta en valor)<\/strong> en colaboraci\u00f3n con la <strong>red XATIC (Xarxa de Turisme Industrial de Catalunya)<\/strong>, ha tenido como objetivo conocer de primera mano experiencias de \u00e9xito en turismo industrial en Catalu\u00f1a, con el fin de trasladar y aplicar modelos inspiradores en la provincia de Alicante.<\/p>\n\n\n\n<p>Durante tres d\u00edas, la delegaci\u00f3n alicantina visit\u00f3 espacios emblem\u00e1ticos como <strong>Espai Xocolata Sim\u00f3n Coll<\/strong>, <strong>Visitas Codorn\u00edu<\/strong>, <strong>La Fageda<\/strong>, <strong>ElBulli1846<\/strong>, <strong>Casa Borges<\/strong>, <strong>Mosaics Marti<\/strong> o <strong>Vichy Catalan<\/strong>, todos ellos reconocidos por su gesti\u00f3n innovadora y su capacidad de comunicar la identidad de marca a trav\u00e9s de la experiencia tur\u00edstica.<\/p>\n\n\n\n<figure class=\"wp-block-image size-large\"><img decoding=\"async\" width=\"1170\" height=\"878\" src=\"https:\/\/www.lafresca.fm\/f-solosog\/2025\/10\/5373fb8b-5dd7-4cb3-b9a5-7ee36df4937b-1170x878.jpeg\" alt=\"\" class=\"wp-image-16481\" srcset=\"https:\/\/www.lafresca.fm\/f-solosog\/2025\/10\/5373fb8b-5dd7-4cb3-b9a5-7ee36df4937b-1170x878.jpeg 1170w, https:\/\/www.lafresca.fm\/f-solosog\/2025\/10\/5373fb8b-5dd7-4cb3-b9a5-7ee36df4937b-770x578.jpeg 770w, https:\/\/www.lafresca.fm\/f-solosog\/2025\/10\/5373fb8b-5dd7-4cb3-b9a5-7ee36df4937b-768x576.jpeg 768w, https:\/\/www.lafresca.fm\/f-solosog\/2025\/10\/5373fb8b-5dd7-4cb3-b9a5-7ee36df4937b-1536x1152.jpeg 1536w, https:\/\/www.lafresca.fm\/f-solosog\/2025\/10\/5373fb8b-5dd7-4cb3-b9a5-7ee36df4937b.jpeg 2000w\" sizes=\"(max-width: 1170px) 100vw, 1170px\" \/><\/figure>\n\n\n\n<h3 class=\"wp-block-heading\"><strong>Onil, referente en identidad y turismo industrial<\/strong><\/h3>\n\n\n\n<p>El concejal de Turismo del Ayuntamiento de Onil, <strong>Rub\u00e9n Garrido P\u00e9rez<\/strong>, destac\u00f3 el papel protagonista del municipio en esta iniciativa:<\/p>\n\n\n\n<blockquote class=\"wp-block-quote is-layout-flow wp-block-quote-is-layout-flow\">\n<p>\u201cOnil es la cuna de la mu\u00f1eca y un claro referente en turismo industrial y cultural. Desde el Ayuntamiento apostamos por este tipo de iniciativas que nos permiten aprender de modelos consolidados y seguir potenciando el atractivo tur\u00edstico de nuestro municipio a trav\u00e9s de nuestra identidad y patrimonio industrial\u201d.<\/p>\n<\/blockquote>\n\n\n\n<p>Garrido subray\u00f3 que la participaci\u00f3n en este viaje refuerza el compromiso del municipio con un modelo de <strong>turismo sostenible, cultural y de proximidad<\/strong>, que combina tradici\u00f3n, innovaci\u00f3n y experiencia de marca.<\/p>\n\n\n\n<figure class=\"wp-block-image size-large\"><img decoding=\"async\" width=\"1170\" height=\"658\" src=\"https:\/\/www.lafresca.fm\/f-solosog\/2025\/10\/bc8e7e5e-2caf-4b6b-9893-15a1a6966c8a-1170x658.jpeg\" alt=\"\" class=\"wp-image-16478\" srcset=\"https:\/\/www.lafresca.fm\/f-solosog\/2025\/10\/bc8e7e5e-2caf-4b6b-9893-15a1a6966c8a-1170x658.jpeg 1170w, https:\/\/www.lafresca.fm\/f-solosog\/2025\/10\/bc8e7e5e-2caf-4b6b-9893-15a1a6966c8a-770x433.jpeg 770w, https:\/\/www.lafresca.fm\/f-solosog\/2025\/10\/bc8e7e5e-2caf-4b6b-9893-15a1a6966c8a-768x432.jpeg 768w, https:\/\/www.lafresca.fm\/f-solosog\/2025\/10\/bc8e7e5e-2caf-4b6b-9893-15a1a6966c8a-1536x864.jpeg 1536w, https:\/\/www.lafresca.fm\/f-solosog\/2025\/10\/bc8e7e5e-2caf-4b6b-9893-15a1a6966c8a.jpeg 1920w\" sizes=\"(max-width: 1170px) 100vw, 1170px\" \/><\/figure>\n\n\n\n<h3 class=\"wp-block-heading\"><strong>Intercambio de experiencias y cooperaci\u00f3n territorial<\/strong><\/h3>\n\n\n\n<p>El programa incluy\u00f3 reuniones con empresarios y gestores del turismo industrial catal\u00e1n, que compartieron estrategias de \u00e9xito en la promoci\u00f3n de sus productos. Durante las jornadas, la delegaci\u00f3n alicantina \u2014encabezada por el <strong>Patronato Costa Blanca<\/strong> y la <strong>C\u00e1mara de Comercio de Alicante<\/strong>\u2014 estuvo acompa\u00f1ada por <strong>Rosa Avell\u00e0 Bonet<\/strong>, presidenta de MESCO, y <strong>Pepi Mart\u00ednez i Font<\/strong>, representante de XATIC.<\/p>\n\n\n\n<h3 class=\"wp-block-heading\"><strong>Un impulso al turismo industrial de la provincia<\/strong><\/h3>\n\n\n\n<p>La presencia de Onil en este encuentro sit\u00faa nuevamente al municipio como <strong>embajador del turismo industrial alicantino<\/strong>, destacando la importancia de su patrimonio juguetero y su apuesta por diversificar la oferta tur\u00edstica de la comarca de l\u2019Alcoi\u00e0.<\/p>\n\n\n\n<figure class=\"wp-block-gallery has-nested-images columns-default is-cropped wp-block-gallery-1 is-layout-flex wp-block-gallery-is-layout-flex\">\n<figure class=\"wp-block-image size-large\"><img loading=\"lazy\" decoding=\"async\" width=\"1140\" height=\"570\" data-id=\"16476\" src=\"https:\/\/www.lafresca.fm\/f-solosog\/2025\/10\/101525-Viaje-prospeccion-Industrial-Barcelona-1140x570-1.jpeg\" alt=\"\" class=\"wp-image-16476\" srcset=\"https:\/\/www.lafresca.fm\/f-solosog\/2025\/10\/101525-Viaje-prospeccion-Industrial-Barcelona-1140x570-1.jpeg 1140w, https:\/\/www.lafresca.fm\/f-solosog\/2025\/10\/101525-Viaje-prospeccion-Industrial-Barcelona-1140x570-1-770x385.jpeg 770w, https:\/\/www.lafresca.fm\/f-solosog\/2025\/10\/101525-Viaje-prospeccion-Industrial-Barcelona-1140x570-1-768x384.jpeg 768w\" sizes=\"(max-width: 1140px) 100vw, 1140px\" \/><\/figure>\n<\/figure>\n\n\n\n<figure class=\"wp-block-image size-large\"><img decoding=\"async\" width=\"1170\" height=\"658\" src=\"https:\/\/www.lafresca.fm\/f-solosog\/2025\/10\/bc8e7e5e-2caf-4b6b-9893-15a1a6966c8a-1170x658.jpeg\" alt=\"\" class=\"wp-image-16478\" srcset=\"https:\/\/www.lafresca.fm\/f-solosog\/2025\/10\/bc8e7e5e-2caf-4b6b-9893-15a1a6966c8a-1170x658.jpeg 1170w, https:\/\/www.lafresca.fm\/f-solosog\/2025\/10\/bc8e7e5e-2caf-4b6b-9893-15a1a6966c8a-770x433.jpeg 770w, https:\/\/www.lafresca.fm\/f-solosog\/2025\/10\/bc8e7e5e-2caf-4b6b-9893-15a1a6966c8a-768x432.jpeg 768w, https:\/\/www.lafresca.fm\/f-solosog\/2025\/10\/bc8e7e5e-2caf-4b6b-9893-15a1a6966c8a-1536x864.jpeg 1536w, https:\/\/www.lafresca.fm\/f-solosog\/2025\/10\/bc8e7e5e-2caf-4b6b-9893-15a1a6966c8a.jpeg 1920w\" sizes=\"(max-width: 1170px) 100vw, 1170px\" \/><\/figure>\n<script>function PlayerjsAsync(){} if(window[\"Playerjs\"]){PlayerjsAsync();}<\/script>","protected":false},"excerpt":{"rendered":"<p>Onil consolida su posici\u00f3n como referente del turismo industrial en la provincia de Alicante tras haber sido elegido por la C\u00e1mara de Comercio de Alicante y el Patronato Provincial de Turismo Costa Blanca para participar en un viaje de prospecci\u00f3n en Catalu\u00f1a, dentro del proyecto \u201cMade in Costa Blanca\u201d. Esta ...<\/p>\n","protected":false},"author":2,"featured_media":16479,"comment_status":"closed","ping_status":"closed","sticky":false,"template":"","format":"standard","meta":{"_monsterinsights_skip_tracking":false,"_monsterinsights_sitenote_active":false,"_monsterinsights_sitenote_note":"","_monsterinsights_sitenote_category":0,"footnotes":""},"categories":[4],"tags":[133],"class_list":["post-16475","post","type-post","status-publish","format-standard","has-post-thumbnail","hentry","category-alicante","tag-onil"],"aioseo_notices":[],"_links":{"self":[{"href":"https:\/\/www.lafresca.fm\/fresca-api-json\/wp\/v2\/posts\/16475","targetHints":{"allow":["GET"]}}],"collection":[{"href":"https:\/\/www.lafresca.fm\/fresca-api-json\/wp\/v2\/posts"}],"about":[{"href":"https:\/\/www.lafresca.fm\/fresca-api-json\/wp\/v2\/types\/post"}],"author":[{"embeddable":true,"href":"https:\/\/www.lafresca.fm\/fresca-api-json\/wp\/v2\/users\/2"}],"replies":[{"embeddable":true,"href":"https:\/\/www.lafresca.fm\/fresca-api-json\/wp\/v2\/comments?post=16475"}],"version-history":[{"count":1,"href":"https:\/\/www.lafresca.fm\/fresca-api-json\/wp\/v2\/posts\/16475\/revisions"}],"predecessor-version":[{"id":16482,"href":"https:\/\/www.lafresca.fm\/fresca-api-json\/wp\/v2\/posts\/16475\/revisions\/16482"}],"wp:featuredmedia":[{"embeddable":true,"href":"https:\/\/www.lafresca.fm\/fresca-api-json\/wp\/v2\/media\/16479"}],"wp:attachment":[{"href":"https:\/\/www.lafresca.fm\/fresca-api-json\/wp\/v2\/media?parent=16475"}],"wp:term":[{"taxonomy":"category","embeddable":true,"href":"https:\/\/www.lafresca.fm\/fresca-api-json\/wp\/v2\/categories?post=16475"},{"taxonomy":"post_tag","embeddable":true,"href":"https:\/\/www.lafresca.fm\/fresca-api-json\/wp\/v2\/tags?post=16475"}],"curies":[{"name":"wp","href":"https:\/\/api.w.org\/{rel}","templated":true}]}}