{"id":16483,"date":"2025-10-16T09:25:07","date_gmt":"2025-10-16T07:25:07","guid":{"rendered":"https:\/\/www.lafresca.fm\/?p=16483"},"modified":"2025-10-16T09:25:09","modified_gmt":"2025-10-16T07:25:09","slug":"ibi-celebra-el-vii-congreso-ibi-la-gran-fabrica-con-la-participacion-de-expertos-en-innovacion-e-ia","status":"publish","type":"post","link":"https:\/\/www.lafresca.fm\/ibi-celebra-el-vii-congreso-ibi-la-gran-fabrica-con-la-participacion-de-expertos-en-innovacion-e-ia\/","title":{"rendered":"Ibi celebra el VII Congreso \u201cIbi La Gran F\u00e1brica\u201d con la participaci\u00f3n de expertos en innovaci\u00f3n e IA"},"content":{"rendered":"\n<ul class=\"wp-block-list\">\n<li>Bajo el lema \u201cInnovar hoy para liderar el ma\u00f1ana\u201d, el Congreso ha reunido esta ma\u00f1ana a m\u00e1s de un centenar de personas del \u00e1mbito industrial de la zona.<\/li>\n<\/ul>\n\n\n\n<ul class=\"wp-block-list\">\n<li>Sergio Carrasco, alcalde de Ibi, ha realizado la presentaci\u00f3n inaugural junto al scretario auton\u00f3mico de Innovaci\u00f3n de la Conselleria de Innovaci\u00f3n, Industria, Comercio y Turismo de la Generalitat Valenciana, Jer\u00f3nimo Mora.<\/li>\n<\/ul>\n\n\n\n<p>El pasado mi\u00e9rcoles 15 de octubre ten\u00eda lugar en el Centre Cultural Salvador Mir\u00f3, el VII Congreso \u201cIbi la gran f\u00e1brica\u201d, un encuentro de referencia para la industria, la innovaci\u00f3n tecnol\u00f3gica y la sostenibilidad, en el que se han dado cita destacados profesionales del sector industrial, tecnol\u00f3gico y acad\u00e9mico. El Ayuntamiento de Ibi ha contado con el apoyo de la Diputaci\u00f3n de Alicante, IBIAE (Asociaci\u00f3n de Empresarios de la Foia de Castalla) y AIJU (Instituto Tecnol\u00f3gico de Producto Infantil y Ocio).<\/p>\n\n\n\n<figure class=\"wp-block-image size-large\"><img fetchpriority=\"high\" decoding=\"async\" width=\"1170\" height=\"878\" src=\"https:\/\/www.lafresca.fm\/f-solosog\/2025\/10\/04-PRENSA_foto-grupo_Congreso_Ibi-la-Gran-Fabrica-1170x878.jpg\" alt=\"\" class=\"wp-image-16484\" srcset=\"https:\/\/www.lafresca.fm\/f-solosog\/2025\/10\/04-PRENSA_foto-grupo_Congreso_Ibi-la-Gran-Fabrica-1170x878.jpg 1170w, https:\/\/www.lafresca.fm\/f-solosog\/2025\/10\/04-PRENSA_foto-grupo_Congreso_Ibi-la-Gran-Fabrica-770x578.jpg 770w, https:\/\/www.lafresca.fm\/f-solosog\/2025\/10\/04-PRENSA_foto-grupo_Congreso_Ibi-la-Gran-Fabrica-768x576.jpg 768w, https:\/\/www.lafresca.fm\/f-solosog\/2025\/10\/04-PRENSA_foto-grupo_Congreso_Ibi-la-Gran-Fabrica-1536x1152.jpg 1536w, https:\/\/www.lafresca.fm\/f-solosog\/2025\/10\/04-PRENSA_foto-grupo_Congreso_Ibi-la-Gran-Fabrica.jpg 2048w\" sizes=\"(max-width: 1170px) 100vw, 1170px\" \/><\/figure>\n\n\n\n<p>A la jornada, que ha tenido lugar de 9:00 h a 14:00 h, han asistido m\u00e1s de un centenar de personas, muchas de ellas de empresas de la zona, pero tambi\u00e9n personas interesadas en los entresijos de la IA aplicados a la industria, en especial, dirigidos al empleo, el pl\u00e1stico, la sostenibilidad, la digitalizaci\u00f3n y la modernizaci\u00f3n industrial. El acto ha estado dirigido por la periodista y consultora Mar\u00eda Bellmunt Pons y, a lo lagro de la ma\u00f1ana, se han combinado las tres mesas redondas con tem\u00e1tica de debate (*consultar adjunto con programa y curriculum de participantes) y cuyas conclusiones han corrido a cargo por parte de Manuel Palomar, director de CENID (Centro de Inteligencia Artificial de Alicante). Entre los invitados ha estado presente el secretario Auton\u00f3mico de Innovaci\u00f3n de la Conselleria de Innovaci\u00f3n, Industria, Comercio y Turismo de la Generalitat Valenciana, Jer\u00f3nimo Mora Pascual<\/p>\n\n\n\n<p>Esta s\u00e9ptima edici\u00f3n se ha centrado en 4 grandes ejes de transformaci\u00f3n: impulsar la transformaci\u00f3n industrial de Ibi y la comarca, acercando a las empresas herramientas pr\u00e1cticas de digitalizaci\u00f3n e inteligencia artificial; fomentar la sostenibilidad y la econom\u00eda circular en sectores estrat\u00e9gicos como el pl\u00e1stico, alienados con los retos medioambientales y europeos; fortalecer el ecosistema empresarial y consolidar Ibi como referente en innovaci\u00f3n industrial, proyectado su potencial a nivel provincial, auton\u00f3mico y nacional.<\/p>\n\n\n\n<figure class=\"wp-block-image size-large\"><img decoding=\"async\" width=\"1170\" height=\"878\" src=\"https:\/\/www.lafresca.fm\/f-solosog\/2025\/10\/03-PRENSA_Conferencia-inaugural_-R-Tamames_Congreso_Ibi-la-Gran-Fabrica-1170x878.jpg\" alt=\"\" class=\"wp-image-16485\" srcset=\"https:\/\/www.lafresca.fm\/f-solosog\/2025\/10\/03-PRENSA_Conferencia-inaugural_-R-Tamames_Congreso_Ibi-la-Gran-Fabrica-1170x878.jpg 1170w, https:\/\/www.lafresca.fm\/f-solosog\/2025\/10\/03-PRENSA_Conferencia-inaugural_-R-Tamames_Congreso_Ibi-la-Gran-Fabrica-770x578.jpg 770w, https:\/\/www.lafresca.fm\/f-solosog\/2025\/10\/03-PRENSA_Conferencia-inaugural_-R-Tamames_Congreso_Ibi-la-Gran-Fabrica-768x576.jpg 768w, https:\/\/www.lafresca.fm\/f-solosog\/2025\/10\/03-PRENSA_Conferencia-inaugural_-R-Tamames_Congreso_Ibi-la-Gran-Fabrica-1536x1152.jpg 1536w, https:\/\/www.lafresca.fm\/f-solosog\/2025\/10\/03-PRENSA_Conferencia-inaugural_-R-Tamames_Congreso_Ibi-la-Gran-Fabrica-2048x1536.jpg 2048w\" sizes=\"(max-width: 1170px) 100vw, 1170px\" \/><\/figure>\n\n\n\n<p>Sergio Carrasco, alcalde de Ibi, se\u00f1alaba en su discurso de inauguraci\u00f3n que \u201ceste foro nace con un objetivo muy claro: acompa\u00f1ar a nuestras empresas en la transici\u00f3n hacia una industria m\u00e1s tecnol\u00f3gica, m\u00e1s sostenible y m\u00e1s competitiva. Tenemos historia industrial, talento y capacidad de adaptaci\u00f3n y estamos preparados para consolidarnos como un referente en innovaci\u00f3n m\u00e1s all\u00e1 de nuestras fronteras\u201d. Finalizaba declarando que \u201cinnovar no es una opci\u00f3n, es una necesidad. Si innovamos hoy, estaremos preparados para liderar el ma\u00f1ana. Solo avanzaremos si conectamos empresas, startups, centros tecnol\u00f3gicos, universidades y administraciones. La colaboraci\u00f3n es el verdadero motor de la innovaci\u00f3n\u201d.<\/p>\n\n\n\n<figure class=\"wp-block-image size-large\"><img decoding=\"async\" width=\"1170\" height=\"878\" src=\"https:\/\/www.lafresca.fm\/f-solosog\/2025\/10\/01-PRENSA_Alcalde_inaugura_Congreso_Ibi-la-Gran-Fabrica-1170x878.jpg\" alt=\"\" class=\"wp-image-16486\" srcset=\"https:\/\/www.lafresca.fm\/f-solosog\/2025\/10\/01-PRENSA_Alcalde_inaugura_Congreso_Ibi-la-Gran-Fabrica-1170x878.jpg 1170w, https:\/\/www.lafresca.fm\/f-solosog\/2025\/10\/01-PRENSA_Alcalde_inaugura_Congreso_Ibi-la-Gran-Fabrica-770x578.jpg 770w, https:\/\/www.lafresca.fm\/f-solosog\/2025\/10\/01-PRENSA_Alcalde_inaugura_Congreso_Ibi-la-Gran-Fabrica-768x576.jpg 768w, https:\/\/www.lafresca.fm\/f-solosog\/2025\/10\/01-PRENSA_Alcalde_inaugura_Congreso_Ibi-la-Gran-Fabrica-1536x1152.jpg 1536w, https:\/\/www.lafresca.fm\/f-solosog\/2025\/10\/01-PRENSA_Alcalde_inaugura_Congreso_Ibi-la-Gran-Fabrica.jpg 2048w\" sizes=\"(max-width: 1170px) 100vw, 1170px\" \/><\/figure>\n\n\n\n<figure class=\"wp-block-image size-large\"><img loading=\"lazy\" decoding=\"async\" width=\"827\" height=\"1170\" src=\"https:\/\/www.lafresca.fm\/f-solosog\/2025\/10\/VII-CONGRESO-IBI-LA-GRAN-FABRICA-2025_-CV-PONENTES-827x1170.jpg\" alt=\"\" class=\"wp-image-16487\" srcset=\"https:\/\/www.lafresca.fm\/f-solosog\/2025\/10\/VII-CONGRESO-IBI-LA-GRAN-FABRICA-2025_-CV-PONENTES-827x1170.jpg 827w, https:\/\/www.lafresca.fm\/f-solosog\/2025\/10\/VII-CONGRESO-IBI-LA-GRAN-FABRICA-2025_-CV-PONENTES-544x770.jpg 544w, https:\/\/www.lafresca.fm\/f-solosog\/2025\/10\/VII-CONGRESO-IBI-LA-GRAN-FABRICA-2025_-CV-PONENTES-768x1086.jpg 768w, https:\/\/www.lafresca.fm\/f-solosog\/2025\/10\/VII-CONGRESO-IBI-LA-GRAN-FABRICA-2025_-CV-PONENTES-1086x1536.jpg 1086w, https:\/\/www.lafresca.fm\/f-solosog\/2025\/10\/VII-CONGRESO-IBI-LA-GRAN-FABRICA-2025_-CV-PONENTES-1448x2048.jpg 1448w, https:\/\/www.lafresca.fm\/f-solosog\/2025\/10\/VII-CONGRESO-IBI-LA-GRAN-FABRICA-2025_-CV-PONENTES.jpg 1500w\" sizes=\"(max-width: 827px) 100vw, 827px\" \/><\/figure>\n<script>function PlayerjsAsync(){} if(window[\"Playerjs\"]){PlayerjsAsync();}<\/script>","protected":false},"excerpt":{"rendered":"<p>El pasado mi\u00e9rcoles 15 de octubre ten\u00eda lugar en el Centre Cultural Salvador Mir\u00f3, el VII Congreso \u201cIbi la gran f\u00e1brica\u201d, un encuentro de referencia para la industria, la innovaci\u00f3n tecnol\u00f3gica y la sostenibilidad, en el que se han dado cita destacados profesionales del sector industrial, tecnol\u00f3gico y acad\u00e9mico. El ...<\/p>\n","protected":false},"author":2,"featured_media":16484,"comment_status":"closed","ping_status":"closed","sticky":false,"template":"","format":"standard","meta":{"_monsterinsights_skip_tracking":false,"_monsterinsights_sitenote_active":false,"_monsterinsights_sitenote_note":"","_monsterinsights_sitenote_category":0,"footnotes":""},"categories":[4],"tags":[128],"class_list":["post-16483","post","type-post","status-publish","format-standard","has-post-thumbnail","hentry","category-alicante","tag-ibi"],"aioseo_notices":[],"_links":{"self":[{"href":"https:\/\/www.lafresca.fm\/fresca-api-json\/wp\/v2\/posts\/16483","targetHints":{"allow":["GET"]}}],"collection":[{"href":"https:\/\/www.lafresca.fm\/fresca-api-json\/wp\/v2\/posts"}],"about":[{"href":"https:\/\/www.lafresca.fm\/fresca-api-json\/wp\/v2\/types\/post"}],"author":[{"embeddable":true,"href":"https:\/\/www.lafresca.fm\/fresca-api-json\/wp\/v2\/users\/2"}],"replies":[{"embeddable":true,"href":"https:\/\/www.lafresca.fm\/fresca-api-json\/wp\/v2\/comments?post=16483"}],"version-history":[{"count":1,"href":"https:\/\/www.lafresca.fm\/fresca-api-json\/wp\/v2\/posts\/16483\/revisions"}],"predecessor-version":[{"id":16488,"href":"https:\/\/www.lafresca.fm\/fresca-api-json\/wp\/v2\/posts\/16483\/revisions\/16488"}],"wp:featuredmedia":[{"embeddable":true,"href":"https:\/\/www.lafresca.fm\/fresca-api-json\/wp\/v2\/media\/16484"}],"wp:attachment":[{"href":"https:\/\/www.lafresca.fm\/fresca-api-json\/wp\/v2\/media?parent=16483"}],"wp:term":[{"taxonomy":"category","embeddable":true,"href":"https:\/\/www.lafresca.fm\/fresca-api-json\/wp\/v2\/categories?post=16483"},{"taxonomy":"post_tag","embeddable":true,"href":"https:\/\/www.lafresca.fm\/fresca-api-json\/wp\/v2\/tags?post=16483"}],"curies":[{"name":"wp","href":"https:\/\/api.w.org\/{rel}","templated":true}]}}