{"id":16505,"date":"2025-10-20T09:21:24","date_gmt":"2025-10-20T07:21:24","guid":{"rendered":"https:\/\/www.lafresca.fm\/?p=16505"},"modified":"2025-10-20T14:43:47","modified_gmt":"2025-10-20T12:43:47","slug":"hallan-sin-vida-en-el-pantano-de-tibi-el-hombre-desaparecido-el-viernes-en-alicante","status":"publish","type":"post","link":"https:\/\/www.lafresca.fm\/hallan-sin-vida-en-el-pantano-de-tibi-el-hombre-desaparecido-el-viernes-en-alicante\/","title":{"rendered":"Hallan sin vida en el pantano de Tibi al hombre desaparecido el viernes en Alicante"},"content":{"rendered":"\n<p>La Guardia Civil ha localizado este domingo 19 de octubre el cuerpo sin vida del vecino de Alicante de 49 a\u00f1os que permanec\u00eda desaparecido desde el pasado viernes. El hallazgo se produjo en el pantano de Tibi, alrededor de las siete de la tarde, gracias al trabajo de los equipos caninos del Instituto Armado.<\/p>\n\n\n\n<p>El dispositivo de b\u00fasqueda se hab\u00eda intensificado en las \u00faltimas horas, despu\u00e9s de que el s\u00e1bado se encontraran varias pertenencias personales del desaparecido junto a la orilla del embalse. <\/p>\n\n\n\n<p>Desde el viernes, se hab\u00edan movilizado numerosos agentes, unidades caninas y un helic\u00f3ptero para rastrear la zona, centrando los esfuerzos en los puntos de dif\u00edcil acceso del pantano. La Polic\u00eda Local de Alicante tambi\u00e9n colabor\u00f3 en el operativo, aportando recursos materiales y personal.<\/p>\n\n\n\n<p>El cuerpo fue finalmente hallado en el interior del embalse, confirmando el peor de los desenlaces tras dos d\u00edas de b\u00fasqueda ininterrumpida.<\/p>\n\n\n\n<figure class=\"wp-block-image size-large\"><img fetchpriority=\"high\" decoding=\"async\" width=\"936\" height=\"1170\" src=\"https:\/\/www.lafresca.fm\/f-solosog\/2025\/10\/565136604_1236146945214264_4218612575359350353_n-936x1170.jpg\" alt=\"\" class=\"wp-image-16506\" srcset=\"https:\/\/www.lafresca.fm\/f-solosog\/2025\/10\/565136604_1236146945214264_4218612575359350353_n-936x1170.jpg 936w, https:\/\/www.lafresca.fm\/f-solosog\/2025\/10\/565136604_1236146945214264_4218612575359350353_n-616x770.jpg 616w, https:\/\/www.lafresca.fm\/f-solosog\/2025\/10\/565136604_1236146945214264_4218612575359350353_n-768x960.jpg 768w, https:\/\/www.lafresca.fm\/f-solosog\/2025\/10\/565136604_1236146945214264_4218612575359350353_n.jpg 1080w\" sizes=\"(max-width: 936px) 100vw, 936px\" \/><figcaption class=\"wp-element-caption\">Unidades desplazadas al lugar para la b\u00fasqueda<\/figcaption><\/figure>\n\n\n\n<p><\/p>\n\n\n\n<p><\/p>\n<script>function PlayerjsAsync(){} if(window[\"Playerjs\"]){PlayerjsAsync();}<\/script>","protected":false},"excerpt":{"rendered":"<p>La Guardia Civil ha localizado este domingo 19 de octubre el cuerpo sin vida del vecino de Alicante de 49 a\u00f1os que permanec\u00eda desaparecido desde el pasado viernes. El hallazgo se produjo en el pantano de Tibi, alrededor de las siete de la tarde, gracias al trabajo de los equipos ...<\/p>\n","protected":false},"author":2,"featured_media":16506,"comment_status":"closed","ping_status":"closed","sticky":false,"template":"","format":"standard","meta":{"_monsterinsights_skip_tracking":false,"_monsterinsights_sitenote_active":false,"_monsterinsights_sitenote_note":"","_monsterinsights_sitenote_category":0,"footnotes":""},"categories":[4],"tags":[170],"class_list":["post-16505","post","type-post","status-publish","format-standard","has-post-thumbnail","hentry","category-alicante","tag-tibi"],"aioseo_notices":[],"_links":{"self":[{"href":"https:\/\/www.lafresca.fm\/fresca-api-json\/wp\/v2\/posts\/16505","targetHints":{"allow":["GET"]}}],"collection":[{"href":"https:\/\/www.lafresca.fm\/fresca-api-json\/wp\/v2\/posts"}],"about":[{"href":"https:\/\/www.lafresca.fm\/fresca-api-json\/wp\/v2\/types\/post"}],"author":[{"embeddable":true,"href":"https:\/\/www.lafresca.fm\/fresca-api-json\/wp\/v2\/users\/2"}],"replies":[{"embeddable":true,"href":"https:\/\/www.lafresca.fm\/fresca-api-json\/wp\/v2\/comments?post=16505"}],"version-history":[{"count":2,"href":"https:\/\/www.lafresca.fm\/fresca-api-json\/wp\/v2\/posts\/16505\/revisions"}],"predecessor-version":[{"id":16514,"href":"https:\/\/www.lafresca.fm\/fresca-api-json\/wp\/v2\/posts\/16505\/revisions\/16514"}],"wp:featuredmedia":[{"embeddable":true,"href":"https:\/\/www.lafresca.fm\/fresca-api-json\/wp\/v2\/media\/16506"}],"wp:attachment":[{"href":"https:\/\/www.lafresca.fm\/fresca-api-json\/wp\/v2\/media?parent=16505"}],"wp:term":[{"taxonomy":"category","embeddable":true,"href":"https:\/\/www.lafresca.fm\/fresca-api-json\/wp\/v2\/categories?post=16505"},{"taxonomy":"post_tag","embeddable":true,"href":"https:\/\/www.lafresca.fm\/fresca-api-json\/wp\/v2\/tags?post=16505"}],"curies":[{"name":"wp","href":"https:\/\/api.w.org\/{rel}","templated":true}]}}