{"id":16515,"date":"2025-10-20T16:12:56","date_gmt":"2025-10-20T14:12:56","guid":{"rendered":"https:\/\/www.lafresca.fm\/?p=16515"},"modified":"2025-10-20T16:12:58","modified_gmt":"2025-10-20T14:12:58","slug":"bornay-celebra-su-55-aniversario-reafirmando-su-compromiso-con-la-sostenibilidad-desde-castalla","status":"publish","type":"post","link":"https:\/\/www.lafresca.fm\/bornay-celebra-su-55-aniversario-reafirmando-su-compromiso-con-la-sostenibilidad-desde-castalla\/","title":{"rendered":"Bornay celebra su 55 aniversario reafirmando su compromiso con la sostenibilidad desde Castalla"},"content":{"rendered":"\n<p>Bornay, empresa referente en soluciones de autoconsumo y energ\u00eda e\u00f3lica de peque\u00f1a potencia, celebr\u00f3 su 55 aniversario con la inauguraci\u00f3n de sus nuevas oficinas en Castalla. El acto, presidido por el secretario auton\u00f3mico de Industria, Comercio y Consumo de la Generalitat Valenciana, Felipe Javier Carrasco Torres, reuni\u00f3 a representantes institucionales, empresariales y a las tres generaciones de la familia Bornay, en una jornada marcada por la emoci\u00f3n y el compromiso con la sostenibilidad.<\/p>\n\n\n\n<figure class=\"wp-block-image size-large is-resized\"><img fetchpriority=\"high\" decoding=\"async\" width=\"669\" height=\"1170\" src=\"https:\/\/www.lafresca.fm\/f-solosog\/2025\/10\/bornay-1-669x1170.webp\" alt=\"\" class=\"wp-image-16516\" style=\"width:592px;height:auto\" srcset=\"https:\/\/www.lafresca.fm\/f-solosog\/2025\/10\/bornay-1-669x1170.webp 669w, https:\/\/www.lafresca.fm\/f-solosog\/2025\/10\/bornay-1-440x770.webp 440w, https:\/\/www.lafresca.fm\/f-solosog\/2025\/10\/bornay-1-768x1344.webp 768w, https:\/\/www.lafresca.fm\/f-solosog\/2025\/10\/bornay-1.webp 875w\" sizes=\"(max-width: 669px) 100vw, 669px\" \/><\/figure>\n\n\n\n<h3 class=\"wp-block-heading\">Un referente para la industria valenciana<\/h3>\n\n\n\n<p>Durante su intervenci\u00f3n, Carrasco Torres defini\u00f3 a Bornay como \u201cun orgullo para la Generalitat Valenciana\u201d, destacando su contribuci\u00f3n a la creaci\u00f3n de una industria \u201cs\u00f3lida, sostenible y generadora de empleo de calidad\u201d. El secretario auton\u00f3mico descubri\u00f3 una placa conmemorativa y firm\u00f3 en el libro de honor, subrayando el papel de la compa\u00f1\u00eda dentro del Plan de Reindustrializaci\u00f3n impulsado por el Gobierno auton\u00f3mico.<\/p>\n\n\n\n<h3 class=\"wp-block-heading\">Tradici\u00f3n, innovaci\u00f3n y arraigo local<\/h3>\n\n\n\n<p>El lema del aniversario, <em>\u201cJuan quer\u00eda hacer la luz\u201d<\/em>, sirvi\u00f3 como hilo conductor de un evento que reuni\u00f3 a empresarios, empleados y vecinos de Castalla. El alcalde, Jes\u00fas L\u00f3pez, acompa\u00f1ado por la concejal de Medio Ambiente, Magda Berenguer, destac\u00f3 la proyecci\u00f3n internacional de Bornay y el impacto positivo de la empresa en el municipio: \u201cDesde Castalla se pueden hacer grandes cosas. Bornay lleva el nombre de nuestro pueblo por todo el mundo, con humildad, esfuerzo y determinaci\u00f3n\u201d.<\/p>\n\n\n\n<figure class=\"wp-block-image size-full\"><img decoding=\"async\" width=\"875\" height=\"492\" src=\"https:\/\/www.lafresca.fm\/f-solosog\/2025\/10\/bornay-2.webp\" alt=\"\" class=\"wp-image-16517\" srcset=\"https:\/\/www.lafresca.fm\/f-solosog\/2025\/10\/bornay-2.webp 875w, https:\/\/www.lafresca.fm\/f-solosog\/2025\/10\/bornay-2-770x433.webp 770w, https:\/\/www.lafresca.fm\/f-solosog\/2025\/10\/bornay-2-768x432.webp 768w\" sizes=\"(max-width: 875px) 100vw, 875px\" \/><\/figure>\n\n\n\n<h3 class=\"wp-block-heading\">Un legado familiar con vocaci\u00f3n global<\/h3>\n\n\n\n<p>El fundador y presidente de la compa\u00f1\u00eda, Juan Bornay, expres\u00f3 su agradecimiento al equipo humano que ha hecho posible esta trayectoria: \u201cSin los trabajadores no habr\u00edamos podido hacer nada (&#8230;). Espero que podamos dar cada d\u00eda m\u00e1s\u201d. A sus 76 a\u00f1os, contin\u00faa al frente de la empresa con el mismo esp\u00edritu que lo llev\u00f3 a crear, hace m\u00e1s de medio siglo, soluciones para \u201cllevar la luz all\u00ed donde no llegaba\u201d.<\/p>\n\n\n\n<p>Por su parte, el consejero delegado, Juan de Dios Bornay, rememor\u00f3 sus inicios en la empresa familiar: \u201cMientras en otras casas se hablaba de f\u00fatbol, en la nuestra se hablaba de viento\u201d. Subray\u00f3 que Bornay trabaja guiada por \u201cvalores, pasi\u00f3n y perseverancia\u201d, y destac\u00f3 su presencia en m\u00e1s de 80 pa\u00edses y m\u00e1s de 12.000 proyectos en los cinco continentes. \u201cDonde hay viento, ah\u00ed estamos\u201d, afirm\u00f3, reforzando la vocaci\u00f3n internacional de la compa\u00f1\u00eda.<\/p>\n\n\n\n<h3 class=\"wp-block-heading\">Reconocimiento al fundador y visi\u00f3n de futuro<\/h3>\n\n\n\n<p>El acto concluy\u00f3 con un homenaje a Juan Bornay, que recibi\u00f3 una litograf\u00eda del artista Cyan Trenado y un libro conmemorativo coordinado por la directora de Comunicaci\u00f3n de la empresa, Carolina Hern\u00e1ndez, quien tambi\u00e9n condujo la ceremonia.<\/p>\n\n\n\n<p>La celebraci\u00f3n puso de manifiesto el legado de tres generaciones dedicadas a la innovaci\u00f3n y la sostenibilidad. Bornay reafirma as\u00ed su compromiso con el desarrollo de un modelo energ\u00e9tico m\u00e1s limpio y eficiente, combinando la tradici\u00f3n industrial de Castalla con una firme apuesta por el futuro.<\/p>\n<script>function PlayerjsAsync(){} if(window[\"Playerjs\"]){PlayerjsAsync();}<\/script>","protected":false},"excerpt":{"rendered":"<p>Bornay, empresa referente en soluciones de autoconsumo y energ\u00eda e\u00f3lica de peque\u00f1a potencia, celebr\u00f3 su 55 aniversario con la inauguraci\u00f3n de sus nuevas oficinas en Castalla. El acto, presidido por el secretario auton\u00f3mico de Industria, Comercio y Consumo de la Generalitat Valenciana, Felipe Javier Carrasco Torres, reuni\u00f3 a representantes institucionales, ...<\/p>\n","protected":false},"author":2,"featured_media":16516,"comment_status":"closed","ping_status":"closed","sticky":false,"template":"","format":"standard","meta":{"_monsterinsights_skip_tracking":false,"_monsterinsights_sitenote_active":false,"_monsterinsights_sitenote_note":"","_monsterinsights_sitenote_category":0,"footnotes":""},"categories":[4],"tags":[889,144],"class_list":["post-16515","post","type-post","status-publish","format-standard","has-post-thumbnail","hentry","category-alicante","tag-bornay","tag-castalla"],"aioseo_notices":[],"_links":{"self":[{"href":"https:\/\/www.lafresca.fm\/fresca-api-json\/wp\/v2\/posts\/16515","targetHints":{"allow":["GET"]}}],"collection":[{"href":"https:\/\/www.lafresca.fm\/fresca-api-json\/wp\/v2\/posts"}],"about":[{"href":"https:\/\/www.lafresca.fm\/fresca-api-json\/wp\/v2\/types\/post"}],"author":[{"embeddable":true,"href":"https:\/\/www.lafresca.fm\/fresca-api-json\/wp\/v2\/users\/2"}],"replies":[{"embeddable":true,"href":"https:\/\/www.lafresca.fm\/fresca-api-json\/wp\/v2\/comments?post=16515"}],"version-history":[{"count":1,"href":"https:\/\/www.lafresca.fm\/fresca-api-json\/wp\/v2\/posts\/16515\/revisions"}],"predecessor-version":[{"id":16518,"href":"https:\/\/www.lafresca.fm\/fresca-api-json\/wp\/v2\/posts\/16515\/revisions\/16518"}],"wp:featuredmedia":[{"embeddable":true,"href":"https:\/\/www.lafresca.fm\/fresca-api-json\/wp\/v2\/media\/16516"}],"wp:attachment":[{"href":"https:\/\/www.lafresca.fm\/fresca-api-json\/wp\/v2\/media?parent=16515"}],"wp:term":[{"taxonomy":"category","embeddable":true,"href":"https:\/\/www.lafresca.fm\/fresca-api-json\/wp\/v2\/categories?post=16515"},{"taxonomy":"post_tag","embeddable":true,"href":"https:\/\/www.lafresca.fm\/fresca-api-json\/wp\/v2\/tags?post=16515"}],"curies":[{"name":"wp","href":"https:\/\/api.w.org\/{rel}","templated":true}]}}