{"id":16525,"date":"2025-10-21T16:52:30","date_gmt":"2025-10-21T14:52:30","guid":{"rendered":"https:\/\/www.lafresca.fm\/?p=16525"},"modified":"2025-10-21T16:52:31","modified_gmt":"2025-10-21T14:52:31","slug":"entrevista-a-caro-serrano-trabajadora-social-de-afem-el-motoalmuerzo-es-una-fiesta-solidaria-para-apoyar-la-salud-mental","status":"publish","type":"post","link":"https:\/\/www.lafresca.fm\/entrevista-a-caro-serrano-trabajadora-social-de-afem-el-motoalmuerzo-es-una-fiesta-solidaria-para-apoyar-la-salud-mental\/","title":{"rendered":"Entrevista a Caro Serrano, trabajadora social de AFEM: \u201cEl Motoalmuerzo es una fiesta solidaria para apoyar la salud mental\u201d"},"content":{"rendered":"\n<figure class=\"wp-block-audio\"><audio controls src=\"https:\/\/www.lafresca.fm\/f-solosog\/2025\/10\/Entrevista-Caro-Serrano-AFEM-2110-25.mp3\"><\/audio><\/figure>\n\n\n\n<p>La Asociaci\u00f3n de Familiares y Personas con Enfermedad Mental (<strong>AFEM<\/strong>) organiza este domingo 26 de octubre en Ibi un <strong>Motoalmuerzo solidario<\/strong> con el objetivo de recaudar fondos y dar visibilidad a la importancia de la salud mental. El evento se celebrar\u00e1 de <strong>9:00 a 14:00 horas<\/strong> en el <strong>Restaurante Bendita Calima<\/strong>, y promete una jornada llena de m\u00fasica, buen ambiente, almuerzo, bebidas, stands y sorteos.<\/p>\n\n\n\n<p>En la entrevista, <strong>Caro Serrano<\/strong>, trabajadora social de AFEM, nos ha explicado que esta iniciativa \u201ces mucho m\u00e1s que un encuentro motero; es una forma de unir a la comunidad en torno a una causa necesaria\u201d. Serrano destaca que el evento busca \u201cromper estigmas y crear espacios de encuentro y apoyo\u201d para las personas con problemas de salud mental y sus familias.<\/p>\n\n\n\n<p>Desde AFEM invitan a toda la ciudadan\u00eda a participar y disfrutar de una ma\u00f1ana diferente, donde la solidaridad y la convivencia ser\u00e1n las grandes protagonistas. \u201cCada entrada, cada colaboraci\u00f3n y cada sonrisa suman en la lucha por la salud mental\u201d, afirma Serrano, quien anima a vecinos y visitantes a acercarse y apoyar la causa.<\/p>\n\n\n\n<figure class=\"wp-block-image size-large\"><img fetchpriority=\"high\" decoding=\"async\" width=\"827\" height=\"1170\" src=\"https:\/\/www.lafresca.fm\/f-solosog\/2025\/10\/944a86ae-8df1-4885-a51e-548545d03907-827x1170.jpg\" alt=\"\" class=\"wp-image-16526\" srcset=\"https:\/\/www.lafresca.fm\/f-solosog\/2025\/10\/944a86ae-8df1-4885-a51e-548545d03907-827x1170.jpg 827w, https:\/\/www.lafresca.fm\/f-solosog\/2025\/10\/944a86ae-8df1-4885-a51e-548545d03907-544x770.jpg 544w, https:\/\/www.lafresca.fm\/f-solosog\/2025\/10\/944a86ae-8df1-4885-a51e-548545d03907-768x1086.jpg 768w, https:\/\/www.lafresca.fm\/f-solosog\/2025\/10\/944a86ae-8df1-4885-a51e-548545d03907-1086x1536.jpg 1086w, https:\/\/www.lafresca.fm\/f-solosog\/2025\/10\/944a86ae-8df1-4885-a51e-548545d03907.jpg 1131w\" sizes=\"(max-width: 827px) 100vw, 827px\" \/><\/figure>\n<script>function PlayerjsAsync(){} if(window[\"Playerjs\"]){PlayerjsAsync();}<\/script>","protected":false},"excerpt":{"rendered":"<p>La Asociaci\u00f3n de Familiares y Personas con Enfermedad Mental (AFEM) organiza este domingo 26 de octubre en Ibi un Motoalmuerzo solidario con el objetivo de recaudar fondos y dar visibilidad a la importancia de la salud mental. El evento se celebrar\u00e1 de 9:00 a 14:00 horas en el Restaurante Bendita ...<\/p>\n","protected":false},"author":2,"featured_media":16526,"comment_status":"closed","ping_status":"closed","sticky":false,"template":"","format":"standard","meta":{"_monsterinsights_skip_tracking":false,"_monsterinsights_sitenote_active":false,"_monsterinsights_sitenote_note":"","_monsterinsights_sitenote_category":0,"footnotes":""},"categories":[4],"tags":[128],"class_list":["post-16525","post","type-post","status-publish","format-standard","has-post-thumbnail","hentry","category-alicante","tag-ibi"],"aioseo_notices":[],"_links":{"self":[{"href":"https:\/\/www.lafresca.fm\/fresca-api-json\/wp\/v2\/posts\/16525","targetHints":{"allow":["GET"]}}],"collection":[{"href":"https:\/\/www.lafresca.fm\/fresca-api-json\/wp\/v2\/posts"}],"about":[{"href":"https:\/\/www.lafresca.fm\/fresca-api-json\/wp\/v2\/types\/post"}],"author":[{"embeddable":true,"href":"https:\/\/www.lafresca.fm\/fresca-api-json\/wp\/v2\/users\/2"}],"replies":[{"embeddable":true,"href":"https:\/\/www.lafresca.fm\/fresca-api-json\/wp\/v2\/comments?post=16525"}],"version-history":[{"count":2,"href":"https:\/\/www.lafresca.fm\/fresca-api-json\/wp\/v2\/posts\/16525\/revisions"}],"predecessor-version":[{"id":16529,"href":"https:\/\/www.lafresca.fm\/fresca-api-json\/wp\/v2\/posts\/16525\/revisions\/16529"}],"wp:featuredmedia":[{"embeddable":true,"href":"https:\/\/www.lafresca.fm\/fresca-api-json\/wp\/v2\/media\/16526"}],"wp:attachment":[{"href":"https:\/\/www.lafresca.fm\/fresca-api-json\/wp\/v2\/media?parent=16525"}],"wp:term":[{"taxonomy":"category","embeddable":true,"href":"https:\/\/www.lafresca.fm\/fresca-api-json\/wp\/v2\/categories?post=16525"},{"taxonomy":"post_tag","embeddable":true,"href":"https:\/\/www.lafresca.fm\/fresca-api-json\/wp\/v2\/tags?post=16525"}],"curies":[{"name":"wp","href":"https:\/\/api.w.org\/{rel}","templated":true}]}}