{"id":16543,"date":"2025-10-22T09:05:13","date_gmt":"2025-10-22T07:05:13","guid":{"rendered":"https:\/\/www.lafresca.fm\/?p=16543"},"modified":"2025-10-22T09:05:15","modified_gmt":"2025-10-22T07:05:15","slug":"el-ayuntamiento-de-onil-impulsa-el-i-correbars-para-dinamizar-la-hosteleria-local","status":"publish","type":"post","link":"https:\/\/www.lafresca.fm\/el-ayuntamiento-de-onil-impulsa-el-i-correbars-para-dinamizar-la-hosteleria-local\/","title":{"rendered":"El Ayuntamiento de Onil impulsa el I Correbars para dinamizar la hosteler\u00eda local"},"content":{"rendered":"\n<p>El Ayuntamiento de Onil, a trav\u00e9s de la Concejal\u00eda de Comercio, Hosteler\u00eda y Ferias, ha organizado el&nbsp;<strong>I Correbars de Onil<\/strong>, una nueva actividad que busca dinamizar la hosteler\u00eda y el comercio local en fechas tradicionalmente m\u00e1s tranquilas para el sector.<\/p>\n\n\n\n<p>El&nbsp;<strong>Correbars<\/strong>&nbsp;se desarrollar\u00e1 en&nbsp;<strong>dos fines de semana<\/strong>, los d\u00edas&nbsp;<strong>25 de octubre y 15 de noviembre<\/strong>, y consistir\u00e1 en una&nbsp;<strong>ruta por los bares de la localidad acompa\u00f1ados por una xaranga<\/strong>.<\/p>\n\n\n\n<p>La&nbsp;<strong>primera etapa<\/strong>&nbsp;se celebrar\u00e1 el&nbsp;<strong>25 de octubre<\/strong>, recorriendo una parte del municipio y visitando&nbsp;<strong>cinco bares<\/strong>:&nbsp;<strong>Bar Mariola, L\u2019Aplec, Samalet, Caf\u00e9 Mira y Caf\u00e9 Tizzio<\/strong>. La actividad comenzar\u00e1 a las&nbsp;<strong>12:00 horas<\/strong>&nbsp;en el Bar Mariola.<\/p>\n\n\n\n<p>La&nbsp;<strong>segunda etapa<\/strong>&nbsp;tendr\u00e1 lugar el&nbsp;<strong>15 de noviembre<\/strong>, partiendo desde&nbsp;<strong>La Redonda<\/strong>&nbsp;e incluyendo las paradas en&nbsp;<strong>Restaurante Nayda, Rac\u00f3 de Sardina, Centre Social Polivalent, Caf\u00e9 i Flors y Pub Zap<\/strong>. Al igual que en la primera jornada, la salida ser\u00e1 a las&nbsp;<strong>12:00 horas<\/strong>.<\/p>\n\n\n\n<p>En cada parada, los establecimientos ofrecer\u00e1n&nbsp;<strong>bebida y tapa por 4 \u20ac<\/strong>, mientras la xaranga animar\u00e1 el ambiente durante unos&nbsp;<strong>30 minutos en cada local<\/strong>. Cada jornada finalizar\u00e1 con un&nbsp;<strong>tardeo<\/strong>&nbsp;en el \u00faltimo establecimiento participante.<\/p>\n\n\n\n<figure class=\"wp-block-image size-large\"><img fetchpriority=\"high\" decoding=\"async\" width=\"936\" height=\"1170\" src=\"https:\/\/www.lafresca.fm\/f-solosog\/2025\/10\/Correbars-1-936x1170.jpeg\" alt=\"\" class=\"wp-image-16544\" srcset=\"https:\/\/www.lafresca.fm\/f-solosog\/2025\/10\/Correbars-1-936x1170.jpeg 936w, https:\/\/www.lafresca.fm\/f-solosog\/2025\/10\/Correbars-1-616x770.jpeg 616w, https:\/\/www.lafresca.fm\/f-solosog\/2025\/10\/Correbars-1-768x960.jpeg 768w, https:\/\/www.lafresca.fm\/f-solosog\/2025\/10\/Correbars-1.jpeg 1080w\" sizes=\"(max-width: 936px) 100vw, 936px\" \/><\/figure>\n\n\n\n<figure class=\"wp-block-image size-large\"><img decoding=\"async\" width=\"827\" height=\"1170\" src=\"https:\/\/www.lafresca.fm\/f-solosog\/2025\/10\/Correbars-2-827x1170.jpg\" alt=\"\" class=\"wp-image-16545\" srcset=\"https:\/\/www.lafresca.fm\/f-solosog\/2025\/10\/Correbars-2-827x1170.jpg 827w, https:\/\/www.lafresca.fm\/f-solosog\/2025\/10\/Correbars-2-544x770.jpg 544w, https:\/\/www.lafresca.fm\/f-solosog\/2025\/10\/Correbars-2-768x1086.jpg 768w, https:\/\/www.lafresca.fm\/f-solosog\/2025\/10\/Correbars-2-1086x1536.jpg 1086w, https:\/\/www.lafresca.fm\/f-solosog\/2025\/10\/Correbars-2.jpg 1241w\" sizes=\"(max-width: 827px) 100vw, 827px\" \/><\/figure>\n<script>function PlayerjsAsync(){} if(window[\"Playerjs\"]){PlayerjsAsync();}<\/script>","protected":false},"excerpt":{"rendered":"<p>El Ayuntamiento de Onil, a trav\u00e9s de la Concejal\u00eda de Comercio, Hosteler\u00eda y Ferias, ha organizado el&nbsp;I Correbars de Onil, una nueva actividad que busca dinamizar la hosteler\u00eda y el comercio local en fechas tradicionalmente m\u00e1s tranquilas para el sector. El&nbsp;Correbars&nbsp;se desarrollar\u00e1 en&nbsp;dos fines de semana, los d\u00edas&nbsp;25 de octubre ...<\/p>\n","protected":false},"author":2,"featured_media":16544,"comment_status":"closed","ping_status":"closed","sticky":false,"template":"","format":"standard","meta":{"_monsterinsights_skip_tracking":false,"_monsterinsights_sitenote_active":false,"_monsterinsights_sitenote_note":"","_monsterinsights_sitenote_category":0,"footnotes":""},"categories":[4],"tags":[890,133],"class_list":["post-16543","post","type-post","status-publish","format-standard","has-post-thumbnail","hentry","category-alicante","tag-correbars","tag-onil"],"aioseo_notices":[],"_links":{"self":[{"href":"https:\/\/www.lafresca.fm\/fresca-api-json\/wp\/v2\/posts\/16543","targetHints":{"allow":["GET"]}}],"collection":[{"href":"https:\/\/www.lafresca.fm\/fresca-api-json\/wp\/v2\/posts"}],"about":[{"href":"https:\/\/www.lafresca.fm\/fresca-api-json\/wp\/v2\/types\/post"}],"author":[{"embeddable":true,"href":"https:\/\/www.lafresca.fm\/fresca-api-json\/wp\/v2\/users\/2"}],"replies":[{"embeddable":true,"href":"https:\/\/www.lafresca.fm\/fresca-api-json\/wp\/v2\/comments?post=16543"}],"version-history":[{"count":1,"href":"https:\/\/www.lafresca.fm\/fresca-api-json\/wp\/v2\/posts\/16543\/revisions"}],"predecessor-version":[{"id":16546,"href":"https:\/\/www.lafresca.fm\/fresca-api-json\/wp\/v2\/posts\/16543\/revisions\/16546"}],"wp:featuredmedia":[{"embeddable":true,"href":"https:\/\/www.lafresca.fm\/fresca-api-json\/wp\/v2\/media\/16544"}],"wp:attachment":[{"href":"https:\/\/www.lafresca.fm\/fresca-api-json\/wp\/v2\/media?parent=16543"}],"wp:term":[{"taxonomy":"category","embeddable":true,"href":"https:\/\/www.lafresca.fm\/fresca-api-json\/wp\/v2\/categories?post=16543"},{"taxonomy":"post_tag","embeddable":true,"href":"https:\/\/www.lafresca.fm\/fresca-api-json\/wp\/v2\/tags?post=16543"}],"curies":[{"name":"wp","href":"https:\/\/api.w.org\/{rel}","templated":true}]}}