{"id":16547,"date":"2025-10-22T14:08:20","date_gmt":"2025-10-22T12:08:20","guid":{"rendered":"https:\/\/www.lafresca.fm\/?p=16547"},"modified":"2025-10-22T14:08:20","modified_gmt":"2025-10-22T12:08:20","slug":"lara-ayala-presenta-la-programacion-cultural-del-ultimo-trimestre-y-adelanta-detalles-de-la-navidad-en-ibi","status":"publish","type":"post","link":"https:\/\/www.lafresca.fm\/lara-ayala-presenta-la-programacion-cultural-del-ultimo-trimestre-y-adelanta-detalles-de-la-navidad-en-ibi\/","title":{"rendered":"Lara Ayala presenta la programaci\u00f3n cultural del \u00faltimo trimestre y adelanta detalles de la Navidad en Ibi"},"content":{"rendered":"\n<figure class=\"wp-block-audio\"><audio controls src=\"https:\/\/www.lafresca.fm\/f-solosog\/2025\/10\/Entrevista-Lara-Ayala-2210-25.mp3\"><\/audio><\/figure>\n\n\n\n<p>La concejala de Cultura, Comunicaci\u00f3n y Bienestar Animal del Ayuntamiento de Ibi, <strong>Lara Ayala<\/strong>, nos ha presentado la <strong>programaci\u00f3n cultural del \u00faltimo trimestre de 2025<\/strong>, que llega cargada de actividades para todos los p\u00fablicos y con algunos <strong>adelantos de lo que ser\u00e1 la programaci\u00f3n navide\u00f1a<\/strong> en la localidad.<\/p>\n\n\n\n<p>Ayala destac\u00f3 que el objetivo de esta recta final del a\u00f1o es \u201c<strong>mantener viva la oferta cultural y acercarla a todos los barrios<\/strong>\u201d, con propuestas que combinan m\u00fasica, teatro, exposiciones y talleres. <\/p>\n\n\n\n<figure class=\"wp-block-image size-large\"><img fetchpriority=\"high\" decoding=\"async\" width=\"1170\" height=\"878\" src=\"https:\/\/www.lafresca.fm\/f-solosog\/2025\/10\/lara-ayala-221025-1170x878.jpg\" alt=\"\" class=\"wp-image-16549\" srcset=\"https:\/\/www.lafresca.fm\/f-solosog\/2025\/10\/lara-ayala-221025-1170x878.jpg 1170w, https:\/\/www.lafresca.fm\/f-solosog\/2025\/10\/lara-ayala-221025-770x578.jpg 770w, https:\/\/www.lafresca.fm\/f-solosog\/2025\/10\/lara-ayala-221025-768x576.jpg 768w, https:\/\/www.lafresca.fm\/f-solosog\/2025\/10\/lara-ayala-221025-1536x1152.jpg 1536w, https:\/\/www.lafresca.fm\/f-solosog\/2025\/10\/lara-ayala-221025.jpg 2000w\" sizes=\"(max-width: 1170px) 100vw, 1170px\" \/><\/figure>\n\n\n\n<p>Durante la entrevista, la edil tambi\u00e9n hizo <strong>balance del fin de semana pasado<\/strong>, en el que Ibi acogi\u00f3 dos grandes eventos: el <strong>Ibicon<\/strong> y la <strong>Fira de l\u2019Herberet<\/strong>. Seg\u00fan Ayala, ambas citas \u201c<strong>han sido un \u00e9xito de participaci\u00f3n y organizaci\u00f3n<\/strong>\u201d, con miles de visitantes que llenaron las calles y demostraron que Ibi \u201c<strong>es un referente cultural y festivo en la comarca<\/strong>\u201d.<\/p>\n\n\n\n<p>La concejala agradeci\u00f3 la implicaci\u00f3n de asociaciones, voluntarios y servicios municipales, subrayando que \u201c<strong>este tipo de eventos refuerzan la identidad de Ibi y dinamizan la vida social y econ\u00f3mica del municipio<\/strong>\u201d.<\/p>\n<script>function PlayerjsAsync(){} if(window[\"Playerjs\"]){PlayerjsAsync();}<\/script>","protected":false},"excerpt":{"rendered":"<p>La concejala de Cultura, Comunicaci\u00f3n y Bienestar Animal del Ayuntamiento de Ibi, Lara Ayala, nos ha presentado la programaci\u00f3n cultural del \u00faltimo trimestre de 2025, que llega cargada de actividades para todos los p\u00fablicos y con algunos adelantos de lo que ser\u00e1 la programaci\u00f3n navide\u00f1a en la localidad. Ayala destac\u00f3 ...<\/p>\n","protected":false},"author":2,"featured_media":16549,"comment_status":"closed","ping_status":"closed","sticky":false,"template":"","format":"standard","meta":{"_monsterinsights_skip_tracking":false,"_monsterinsights_sitenote_active":false,"_monsterinsights_sitenote_note":"","_monsterinsights_sitenote_category":0,"footnotes":""},"categories":[4],"tags":[128],"class_list":["post-16547","post","type-post","status-publish","format-standard","has-post-thumbnail","hentry","category-alicante","tag-ibi"],"aioseo_notices":[],"_links":{"self":[{"href":"https:\/\/www.lafresca.fm\/fresca-api-json\/wp\/v2\/posts\/16547","targetHints":{"allow":["GET"]}}],"collection":[{"href":"https:\/\/www.lafresca.fm\/fresca-api-json\/wp\/v2\/posts"}],"about":[{"href":"https:\/\/www.lafresca.fm\/fresca-api-json\/wp\/v2\/types\/post"}],"author":[{"embeddable":true,"href":"https:\/\/www.lafresca.fm\/fresca-api-json\/wp\/v2\/users\/2"}],"replies":[{"embeddable":true,"href":"https:\/\/www.lafresca.fm\/fresca-api-json\/wp\/v2\/comments?post=16547"}],"version-history":[{"count":1,"href":"https:\/\/www.lafresca.fm\/fresca-api-json\/wp\/v2\/posts\/16547\/revisions"}],"predecessor-version":[{"id":16550,"href":"https:\/\/www.lafresca.fm\/fresca-api-json\/wp\/v2\/posts\/16547\/revisions\/16550"}],"wp:featuredmedia":[{"embeddable":true,"href":"https:\/\/www.lafresca.fm\/fresca-api-json\/wp\/v2\/media\/16549"}],"wp:attachment":[{"href":"https:\/\/www.lafresca.fm\/fresca-api-json\/wp\/v2\/media?parent=16547"}],"wp:term":[{"taxonomy":"category","embeddable":true,"href":"https:\/\/www.lafresca.fm\/fresca-api-json\/wp\/v2\/categories?post=16547"},{"taxonomy":"post_tag","embeddable":true,"href":"https:\/\/www.lafresca.fm\/fresca-api-json\/wp\/v2\/tags?post=16547"}],"curies":[{"name":"wp","href":"https:\/\/api.w.org\/{rel}","templated":true}]}}