{"id":16552,"date":"2025-10-22T14:35:14","date_gmt":"2025-10-22T12:35:14","guid":{"rendered":"https:\/\/www.lafresca.fm\/?p=16552"},"modified":"2025-10-22T14:35:15","modified_gmt":"2025-10-22T12:35:15","slug":"el-museo-de-la-biodiversidad-de-ibi-organiza-la-xx-edicion-de-las-jornadas-micologicas","status":"publish","type":"post","link":"https:\/\/www.lafresca.fm\/el-museo-de-la-biodiversidad-de-ibi-organiza-la-xx-edicion-de-las-jornadas-micologicas\/","title":{"rendered":"El Museo de la Biodiversidad de Ibi organiza la XX edici\u00f3n de las Jornadas Micol\u00f3gicas"},"content":{"rendered":"\n<ul class=\"wp-block-list\">\n<li>El programa de las Jornadas Micol\u00f3gicas abarca del 24 de octubre al 24 de noviembre, e incluye todo tipo de actividades para los amantes de los hongos y la naturaleza.<\/li>\n<\/ul>\n\n\n\n<p>El Museo de la Biodiversidad de Ibi vuelve a organizar un amplio programa para la nueva edici\u00f3n de las Jornadas Micol\u00f3gicas, nada m\u00e1s y nada menos que las jornadas n\u00famero veinte, las cuales van a tener lugar del 24 de octubre al 24 de noviembre, junto con ASOMA (Asociaci\u00f3n Micol\u00f3gica Alicantina) y con la colaboraci\u00f3n del CIBIO y de la Universidad de Alicante.<\/p>\n\n\n\n<p>La micolog\u00eda es una disciplina que nos acerca a la naturaleza y a comprender su importante papel para el equilibrio ecol\u00f3gico. Por ello, para que la afici\u00f3n sea sana y segura se necesita de la formaci\u00f3n de expertos y aficionados con experiencia como los que se van a poder contar en estas Jornadas, cuyo \u00e9xito de asistencia est\u00e1 asegurado dada la gran afici\u00f3n a la micolog\u00eda que hay en la zona.<\/p>\n\n\n\n<figure class=\"wp-block-image size-large\"><img fetchpriority=\"high\" decoding=\"async\" width=\"1170\" height=\"878\" src=\"https:\/\/www.lafresca.fm\/f-solosog\/2025\/10\/XIXJornadasMicologicas_2024-1170x878.jpg\" alt=\"\" class=\"wp-image-16554\" srcset=\"https:\/\/www.lafresca.fm\/f-solosog\/2025\/10\/XIXJornadasMicologicas_2024-1170x878.jpg 1170w, https:\/\/www.lafresca.fm\/f-solosog\/2025\/10\/XIXJornadasMicologicas_2024-770x578.jpg 770w, https:\/\/www.lafresca.fm\/f-solosog\/2025\/10\/XIXJornadasMicologicas_2024-768x576.jpg 768w, https:\/\/www.lafresca.fm\/f-solosog\/2025\/10\/XIXJornadasMicologicas_2024-1536x1152.jpg 1536w, https:\/\/www.lafresca.fm\/f-solosog\/2025\/10\/XIXJornadasMicologicas_2024.jpg 2048w\" sizes=\"(max-width: 1170px) 100vw, 1170px\" \/><\/figure>\n\n\n\n<p>El viernes, 24 de octubre, tendr\u00e1 lugar la inauguraci\u00f3n de la Exposici\u00f3n Micol\u00f3gica, a las 13:00 h, en el Museo de la Biodiversidas, as\u00ed como la presentaci\u00f3n de las fotograf\u00edas del tradicional Concurso Fotogr\u00e1fico. A las 19:00h se realizar\u00e1 la primera charla micol\u00f3gica: \u201cSetas de la sierras de Alicante y Murcia: m\u00e1s all\u00e1 del robell\u00f3n y la seta de cardo\u201d en la que el mic\u00f3logo y profesor del IES Moratalla de Murcia, Fernando S\u00e1nchez S\u00e1nchez, compartir\u00e1 su conocimiento micol\u00f3gico y ,adem\u00e1s, presentar\u00e1 el libro \u201cGu\u00eda Micol\u00f3gica de las Sierras de Moratalla: I Setas Comestibles\u201d. El domingo 25 tendr\u00e1 lugar la excursi\u00f3n micol\u00f3gica, con el acompa\u00f1amiento del mic\u00f3logo Fernando S\u00e1nchez S\u00e1nchez y de miembros de ASOMA. La salida ser\u00e1 a las 08:00 h, desde el parking del Parque de les Hortes, y el destino a\u00fan est\u00e1 por determinar, pero ya pueden realizarse las inscripciones a trav\u00e9s de museo.bio@ibi.es o al tel\u00e9fono 965552450 ext. 240, 241 o 215. Las plazas son limitadas y ser\u00e1 necesario veh\u00edculo. El s\u00e1bado, 31 de octubre, se proceder\u00e1 al fallo del tradicional Concurso Fotogr\u00e1fico, en el Museo de la Biodiversidad, a las 17:00h.<\/p>\n\n\n\n<p>En noviembre, el mi\u00e9rcoles d\u00eda 5, a las 19:00 h, tendr\u00e1 lugar la segunda charla micol\u00f3gica: \u201cLa importancia vital de los hongos\u201d, en el Museo de la Biodiversidad, a cargo de Javier Vicente Rodes Gand\u00eda, miembro de Asoma. El domingo, 9 de noviembre, se realizar\u00e1 el Taller Gastron\u00f3mico y la entrega de premios del Concurso Fotogr\u00e1fico, a las 11:30 h, en la antigua F\u00e1brica Rico. Para la participaci\u00f3n en este taller gastron\u00f3mico se precisa inscripci\u00f3n en asoma.bolets@gmail.com o al tel\u00e9fono 623104905, las plazas son limitadas. El mi\u00e9rcoles 12, ser\u00e1 la tercera charla micol\u00f3gica: \u201cMicolog\u00eda subterr\u00e1nea: diversidad e importancia de los hongos que no vemos\u201d realizada por Jos\u00e9 G. Maci\u00e1 Vicente, investigador, experto en Micolog\u00eda y Ecolog\u00eda de los hongos de la Universidad de Alciante, y tendr\u00e1 lugar en el Museo de la Biodiversidad. El viernes 14, se realizar\u00e1 una Visita guiada a la Exposici\u00f3n Micol\u00f3gica instalada en el Museo de la Biodiversidad de Ibi, a las 17:30 h. Previa inscripci\u00f3n en museo.bio@ibi.es o en el 965552450 ext. 240, 241 o 215.<\/p>\n\n\n\n<figure class=\"wp-block-image size-large\"><img decoding=\"async\" width=\"827\" height=\"1170\" src=\"https:\/\/www.lafresca.fm\/f-solosog\/2025\/10\/Jornadas_Micologicas_2025_10-827x1170.jpg\" alt=\"\" class=\"wp-image-16553\" srcset=\"https:\/\/www.lafresca.fm\/f-solosog\/2025\/10\/Jornadas_Micologicas_2025_10-827x1170.jpg 827w, https:\/\/www.lafresca.fm\/f-solosog\/2025\/10\/Jornadas_Micologicas_2025_10-544x770.jpg 544w, https:\/\/www.lafresca.fm\/f-solosog\/2025\/10\/Jornadas_Micologicas_2025_10-768x1086.jpg 768w, https:\/\/www.lafresca.fm\/f-solosog\/2025\/10\/Jornadas_Micologicas_2025_10-1086x1536.jpg 1086w, https:\/\/www.lafresca.fm\/f-solosog\/2025\/10\/Jornadas_Micologicas_2025_10.jpg 1448w\" sizes=\"(max-width: 827px) 100vw, 827px\" \/><\/figure>\n\n\n\n<p>La concejal de Medioambiente del Ayuntamiento de Ibi, Blanca Navarro, invita a todas las personas amantes, aficionadas o curiosas de la micolog\u00eda a formar parte de estas jornadas tan formativas e ilustrativas de las que seguro se llevar\u00e1n mucho aprendido. \u201cEstamos seguros que ser\u00e1n, un a\u00f1o m\u00e1s, un gran \u00e9xito, ya no solo por la gran afici\u00f3n que hay en la zona sino por el amor a la naturaleza y la gastronom\u00eda que se respira en el interior de la provincia de Alicante\u201d.<\/p>\n<script>function PlayerjsAsync(){} if(window[\"Playerjs\"]){PlayerjsAsync();}<\/script>","protected":false},"excerpt":{"rendered":"<p>El Museo de la Biodiversidad de Ibi vuelve a organizar un amplio programa para la nueva edici\u00f3n de las Jornadas Micol\u00f3gicas, nada m\u00e1s y nada menos que las jornadas n\u00famero veinte, las cuales van a tener lugar del 24 de octubre al 24 de noviembre, junto con ASOMA (Asociaci\u00f3n Micol\u00f3gica ...<\/p>\n","protected":false},"author":2,"featured_media":16554,"comment_status":"closed","ping_status":"closed","sticky":false,"template":"","format":"standard","meta":{"_monsterinsights_skip_tracking":false,"_monsterinsights_sitenote_active":false,"_monsterinsights_sitenote_note":"","_monsterinsights_sitenote_category":0,"footnotes":""},"categories":[4],"tags":[128],"class_list":["post-16552","post","type-post","status-publish","format-standard","has-post-thumbnail","hentry","category-alicante","tag-ibi"],"aioseo_notices":[],"_links":{"self":[{"href":"https:\/\/www.lafresca.fm\/fresca-api-json\/wp\/v2\/posts\/16552","targetHints":{"allow":["GET"]}}],"collection":[{"href":"https:\/\/www.lafresca.fm\/fresca-api-json\/wp\/v2\/posts"}],"about":[{"href":"https:\/\/www.lafresca.fm\/fresca-api-json\/wp\/v2\/types\/post"}],"author":[{"embeddable":true,"href":"https:\/\/www.lafresca.fm\/fresca-api-json\/wp\/v2\/users\/2"}],"replies":[{"embeddable":true,"href":"https:\/\/www.lafresca.fm\/fresca-api-json\/wp\/v2\/comments?post=16552"}],"version-history":[{"count":1,"href":"https:\/\/www.lafresca.fm\/fresca-api-json\/wp\/v2\/posts\/16552\/revisions"}],"predecessor-version":[{"id":16555,"href":"https:\/\/www.lafresca.fm\/fresca-api-json\/wp\/v2\/posts\/16552\/revisions\/16555"}],"wp:featuredmedia":[{"embeddable":true,"href":"https:\/\/www.lafresca.fm\/fresca-api-json\/wp\/v2\/media\/16554"}],"wp:attachment":[{"href":"https:\/\/www.lafresca.fm\/fresca-api-json\/wp\/v2\/media?parent=16552"}],"wp:term":[{"taxonomy":"category","embeddable":true,"href":"https:\/\/www.lafresca.fm\/fresca-api-json\/wp\/v2\/categories?post=16552"},{"taxonomy":"post_tag","embeddable":true,"href":"https:\/\/www.lafresca.fm\/fresca-api-json\/wp\/v2\/tags?post=16552"}],"curies":[{"name":"wp","href":"https:\/\/api.w.org\/{rel}","templated":true}]}}